{"id":20237,"date":"2025-08-11T15:25:01","date_gmt":"2025-08-11T18:25:01","guid":{"rendered":"https:\/\/blogs.correiobraziliense.com.br\/capital-sa\/?p=20237"},"modified":"2025-08-11T17:19:59","modified_gmt":"2025-08-11T20:19:59","slug":"tarifaco-forum-da-cadeia-nacional-de-abastecimento-propoe-plano-anticrise","status":"publish","type":"post","link":"https:\/\/blogs.correiobraziliense.com.br\/capital-sa\/2025\/08\/11\/tarifaco-forum-da-cadeia-nacional-de-abastecimento-propoe-plano-anticrise\/","title":{"rendered":"Tarifa\u00e7o: F\u00f3rum da Cadeia Nacional de Abastecimento prop\u00f5e plano anticrise"},"content":{"rendered":"<p class=\"p2\"><em><span class=\"s1\">\u201cSe a luz do sol n\u00e3o para de brilhar.\u00a0<\/span><span class=\"s1\">Se ainda existe noite e luar.\u00a0<\/span><span class=\"s1\">O mal n\u00e3o pode superar\u201d, Arlindo Cruz<\/span><\/em><\/p>\n<p><strong>Coluna Capital S\/A de 11 de agosto<br \/>\n<\/strong><\/p>\n<p><strong>Por Samanta Sallum\u00a0<\/strong><\/p>\n<p>Segundo o estudo da RC Consultores, o impacto do tarifa\u00e7o pode representar uma perda de at\u00e9 US$ 80 bilh\u00f5es no PIB do Brasil em 12 meses, com queda de 3,7 pontos percentuais no crescimento da economia e retra\u00e7\u00e3o severa na ind\u00fastria de transforma\u00e7\u00e3o. A arrecada\u00e7\u00e3o federal pode cair mais de 5%, aprofundando o desequil\u00edbrio fiscal. Para enfrentar esse cen\u00e1rio, o\u00a0<span class=\"s1\">F\u00f3rum da Cadeia Nacional de Abastecimento ABRAS (FCNA) apresentou ao<\/span>\u00a0governo federal um plano emergencial diante das tarifas de 50% impostas pelo presidente dos EUA, Donald Trump, \u00e0s exporta\u00e7\u00f5es brasileiras.<\/p>\n<p><em>Mercado interno como novo motor<\/em><\/p>\n<p>O estudo t\u00e9cnico, liderado pelo economista Paulo Rabello de Castro, prop\u00f5e a\u00e7\u00f5es para neutralizar os impactos da medida. A proposta central do FCNA \u00e9 transformar o mercado interno no novo motor de crescimento econ\u00f4mico, por meio de:<\/p>\n<p class=\"p2\"><span class=\"s1\">\u2022 Antecipa\u00e7\u00e3o da isen\u00e7\u00e3o da Cesta B\u00e1sica Nacional de Alimentos;<\/span><\/p>\n<p class=\"p2\"><span class=\"s1\">\u2022 Redu\u00e7\u00e3o coordenada da taxa Selic;<\/span><\/p>\n<p class=\"p2\"><span class=\"s1\">\u2022 Incentivo ao cr\u00e9dito e simplifica\u00e7\u00e3o da contrata\u00e7\u00e3o formal;<\/span><\/p>\n<p class=\"p2\"><span class=\"s1\">\u2022 Revis\u00e3o do regime fiscal e tribut\u00e1rio para garantir estabilidade.<\/span><\/p>\n<p class=\"p2\"><span class=\"s1\">Segundo o f\u00f3rum, com a ado\u00e7\u00e3o integral das medidas propostas, o pa\u00eds poderia recuperar trajet\u00f3ria de crescimento sustent\u00e1vel, com gera\u00e7\u00e3o de at\u00e9 1,7 milh\u00e3o de empregos e melhora no \u00edndice de distribui\u00e7\u00e3o de renda (Gini).<\/span><\/p>\n<p class=\"p2\"><em><span class=\"s1\">Setores representados <\/span><\/em><\/p>\n<p class=\"p2\"><span class=\"s1\">Entre as entidades que endossam o estudo est\u00e3o as Associa\u00e7\u00f5es Brasileiras\u00a0<\/span>dos Produtores de Milho; da Ind\u00fastria do Caf\u00e9; de Prote\u00edna Animal; do Agroneg\u00f3cio; da Ind\u00fastria de Alimentos, das Ind\u00fastrias de Refrigerantes e de Bebidas n\u00e3o Alco\u00f3licas; das Ind\u00fastrias de Produtos de Limpeza e Afins, dos Fabricantes de Latas de Alum\u00ednio; dos Atacadistas; e a de Supermercados.<\/p>\n<p class=\"p2\"><strong><span class=\"s1\">Consesp entrega a Hugo Motta anteprojetos para Seguran\u00e7a P\u00fablica<\/span><\/strong><\/p>\n<p><img loading=\"lazy\" decoding=\"async\" class=\"aligncenter size-medium wp-image-20243\" src=\"https:\/\/blogs.correiobraziliense.com.br\/capital-sa\/wp-content\/uploads\/sites\/59\/2025\/08\/7a7f5a79-df4f-4277-92a5-14b3bfb81d2f-300x278.jpeg\" alt=\"\" width=\"300\" height=\"278\" srcset=\"https:\/\/blogs.correiobraziliense.com.br\/capital-sa\/wp-content\/uploads\/sites\/59\/2025\/08\/7a7f5a79-df4f-4277-92a5-14b3bfb81d2f-300x278.jpeg 300w, https:\/\/blogs.correiobraziliense.com.br\/capital-sa\/wp-content\/uploads\/sites\/59\/2025\/08\/7a7f5a79-df4f-4277-92a5-14b3bfb81d2f-768x711.jpeg 768w, https:\/\/blogs.correiobraziliense.com.br\/capital-sa\/wp-content\/uploads\/sites\/59\/2025\/08\/7a7f5a79-df4f-4277-92a5-14b3bfb81d2f-1024x949.jpeg 1024w, https:\/\/blogs.correiobraziliense.com.br\/capital-sa\/wp-content\/uploads\/sites\/59\/2025\/08\/7a7f5a79-df4f-4277-92a5-14b3bfb81d2f-1440x1334.jpeg 1440w, https:\/\/blogs.correiobraziliense.com.br\/capital-sa\/wp-content\/uploads\/sites\/59\/2025\/08\/7a7f5a79-df4f-4277-92a5-14b3bfb81d2f-800x741.jpeg 800w, https:\/\/blogs.correiobraziliense.com.br\/capital-sa\/wp-content\/uploads\/sites\/59\/2025\/08\/7a7f5a79-df4f-4277-92a5-14b3bfb81d2f-550x509.jpeg 550w, https:\/\/blogs.correiobraziliense.com.br\/capital-sa\/wp-content\/uploads\/sites\/59\/2025\/08\/7a7f5a79-df4f-4277-92a5-14b3bfb81d2f-230x213.jpeg 230w\" sizes=\"auto, (max-width: 300px) 100vw, 300px\" \/><\/p>\n<p class=\"p2\">Em meio ao turbilh\u00e3o dentro da C\u00e2mara dos Deputados com ocupa\u00e7\u00e3o de plen\u00e1rio e obstru\u00e7\u00e3o dos trabalhos, o presidente da Casa, Hugo Motta, recebeu representantes do Conselho Nacional de Secret\u00e1rios de Seguran\u00e7a P\u00fablica (Consesp), na semana passada. Eles entregaram um conjunto de anteprojetos de lei, como a coluna adiantou aqui, que visam aprimorar o Sistema \u00danico de Seguran\u00e7a P\u00fablica (Susp) e fortalecer a atua\u00e7\u00e3o das for\u00e7as de seguran\u00e7a do pa\u00eds. A iniciativa marca mais uma etapa da articula\u00e7\u00e3o t\u00e9cnica e federativa conduzida pelo colegiado, que re\u00fane representantes das 27 unidades da Federa\u00e7\u00e3o.<\/p>\n<p class=\"p2\"><em><span class=\"s1\">Rea\u00e7\u00e3o \u00e0 PEC da Seguran\u00e7a <\/span><\/em><\/p>\n<p class=\"p2\"><span class=\"s1\">O pacote representa uma rea\u00e7\u00e3o \u00e0 PEC da Seguran\u00e7a P\u00fablica, de autoria do Minist\u00e9rio da Justi\u00e7a, que n\u00e3o contempla uma s\u00e9rie de demandas do Consesp. A entrega de nove propostas foi realizada pelo secret\u00e1rio executivo do Consesp, Thiago Costa, que representou o secret\u00e1rio de Seguran\u00e7a P\u00fablica do DF e presidente do Conselho, Sandro Avelar, e pelo vice-presidente do colegiado e secret\u00e1rio de Seguran\u00e7a P\u00fablica e Defesa Social da Para\u00edba, Jean Nunes.<\/span><\/p>\n<p class=\"p2\"><strong><span class=\"s1\">Desafio Nacional de Inova\u00e7\u00e3o oferece R$ 200 mil em pr\u00eamios<\/span><\/strong><\/p>\n<p class=\"p2\"><span class=\"s1\">A <\/span><span class=\"s3\">Ag\u00eancia Brasileira de Desenvolvimento Industrial (ABDI)<\/span><span class=\"s1\"> lan\u00e7ou hoje o Desafio Nacional de Inova\u00e7\u00e3o \u2013 Festival Curicaca, edital que vai distribuir R$ 200 mil em incentivo para solu\u00e7\u00f5es tecnol\u00f3gicas voltadas ao enfrentamento de desafios produtivos e territoriais do pa\u00eds. O evento, na sede da Ag\u00eancia, contou com a presen\u00e7a do presidente da ABDI, Ricardo Cappelli, do secret\u00e1rio de Educa\u00e7\u00e3o Profissional e Tecnol\u00f3gica do MEC, Marcelo Bregagnoli, e do reitor da Universidade Cat\u00f3lica de Bras\u00edlia, Carlos Longo, al\u00e9m de autoridades do MDIC.<\/span><\/p>\n<p><img loading=\"lazy\" decoding=\"async\" class=\"aligncenter size-medium wp-image-20244\" src=\"https:\/\/blogs.correiobraziliense.com.br\/capital-sa\/wp-content\/uploads\/sites\/59\/2025\/08\/bdca4bc6-5712-48e7-bc56-3887cd3840f3-300x200.jpeg\" alt=\"\" width=\"300\" height=\"200\" srcset=\"https:\/\/blogs.correiobraziliense.com.br\/capital-sa\/wp-content\/uploads\/sites\/59\/2025\/08\/bdca4bc6-5712-48e7-bc56-3887cd3840f3-300x200.jpeg 300w, https:\/\/blogs.correiobraziliense.com.br\/capital-sa\/wp-content\/uploads\/sites\/59\/2025\/08\/bdca4bc6-5712-48e7-bc56-3887cd3840f3-768x512.jpeg 768w, https:\/\/blogs.correiobraziliense.com.br\/capital-sa\/wp-content\/uploads\/sites\/59\/2025\/08\/bdca4bc6-5712-48e7-bc56-3887cd3840f3-550x367.jpeg 550w, https:\/\/blogs.correiobraziliense.com.br\/capital-sa\/wp-content\/uploads\/sites\/59\/2025\/08\/bdca4bc6-5712-48e7-bc56-3887cd3840f3-230x153.jpeg 230w, https:\/\/blogs.correiobraziliense.com.br\/capital-sa\/wp-content\/uploads\/sites\/59\/2025\/08\/bdca4bc6-5712-48e7-bc56-3887cd3840f3.jpeg 799w\" sizes=\"auto, (max-width: 300px) 100vw, 300px\" \/><\/p>\n<p class=\"p2\"><em><span class=\"s1\">Inscri\u00e7\u00f5es abertas <\/span><\/em><\/p>\n<p class=\"p2\"><span class=\"s1\">O edital estar\u00e1 com inscri\u00e7\u00f5es abertas at\u00e9 o dia 22 deste m\u00eas, por meio da <a href=\"https:\/\/prosas.com.br\/editais\/16002-desafio-de-inovacao-festival-curicaca?subdominio=prosas\"><span class=\"s4\">plataforma Prosas<\/span><\/a>. O Desafio Nacional de Inova\u00e7\u00e3o se diferencia por acolher tanto empresas e startups quanto empreendedores, pesquisadores e cidad\u00e3os com boas ideias.\u00a0<\/span>O foco \u00e9 o fortalecimento das miss\u00f5es da Nova Ind\u00fastria Brasil (NIB).<\/p>\n<p class=\"p2\"><em><span class=\"s1\">Festival Curicaca <\/span><\/em><\/p>\n<p class=\"p2\"><span class=\"s1\">Ao todo, ser\u00e3o selecionadas 40 propostas finalistas, que participar\u00e3o da etapa presencial durante o <\/span><span class=\"s2\">Festival Curicaca<\/span><span class=\"s1\">, em Bras\u00edlia, de 7 a 11 de outubro de 2025, na Arena BRB (antigo Est\u00e1dio Man\u00e9 Garrincha). O Desafio conta com o apoio da Universidade de Bras\u00edlia (UnB), do Instituto Federal de Bras\u00edlia (IFB), da Universidade Cat\u00f3lica de Bras\u00edlia (UCB) e da Secretaria de Educa\u00e7\u00e3o Profissional e Tecnol\u00f3gica do Minist\u00e9rio da Educa\u00e7\u00e3o (MEC).<\/span><\/p>\n<p class=\"p2\"><strong><span class=\"s3\">4\u00aa edi\u00e7\u00e3o do Circuito Encontro Delas em Bras\u00edlia<\/span><\/strong><\/p>\n<p class=\"p2\"><span class=\"s1\">Uma corrida s\u00f3 delas! Um momento de celebra\u00e7\u00e3o do protagonismo feminino, em uma experi\u00eancia coletiva que coloca no p\u00f3dio o esporte e a sa\u00fade. A quarta edi\u00e7\u00e3o da corrida Encontro Delas ser\u00e1 em 21 de setembro, em Bras\u00edlia, e com novidades. Al\u00e9m de percursos acess\u00edveis para todos os n\u00edveis \u2013 desde iniciantes at\u00e9 atletas mais experientes \u2013 com op\u00e7\u00f5es de caminhada (2 km) e corrida (5 km e 10 km), desta vez as atletas poder\u00e3o correr juntas num desafio compartilhado. A ideia \u00e9 que amigas, irm\u00e3s, m\u00e3es e filhas, colegas de treino ou ainda mulheres que se admiram dividam a emo\u00e7\u00e3o da corrida em cada quil\u00f4metro e conquistem a vit\u00f3ria em dupla. <\/span><\/p>\n<p class=\"p2\"><em><span class=\"s1\">Realiza\u00e7\u00e3o <\/span><\/em><\/p>\n<p class=\"p2\"><span class=\"s1\">As inscri\u00e7\u00f5es s\u00e3o limitadas e devem ser feitas exclusivamente pelo <\/span><span class=\"s3\">site\u00a0<\/span><span class=\"s1\">www.brasilcorrida.com.br. A realiza\u00e7\u00e3o \u00e9 do Instituto Promovendo a Educa\u00e7\u00e3o, Esporte, Sa\u00fade e Turismo &#8211; IPEES, com organiza\u00e7\u00e3o de Bruno Atleta Eventos.<\/span><\/p>\n<p><strong><em>Acompanhe a Capital S\/A na TV Bras\u00edlia todas as ter\u00e7as e quintas-feiras, 18h10 no JL ao vivo.<\/em><\/strong><\/p>\n","protected":false},"excerpt":{"rendered":"<p>\u201cSe a luz do sol n\u00e3o para de brilhar.\u00a0Se ainda existe noite e luar.\u00a0O mal n\u00e3o pode superar\u201d, Arlindo Cruz Coluna Capital S\/A de 11 de agosto Por Samanta Sallum\u00a0 Segundo o estudo da RC Consultores, o impacto do tarifa\u00e7o pode representar uma perda de at\u00e9 US$ 80 bilh\u00f5es no PIB do Brasil em 12 meses, com queda de 3,7 [&hellip;]<\/p>\n","protected":false},"author":125,"featured_media":20242,"comment_status":"open","ping_status":"open","sticky":false,"template":"","format":"standard","meta":{"footnotes":""},"categories":[6],"tags":[3126,2523,843,2703,276,2260,2283,2207,3102,3099,2847,1520,2883,1165,2859,2860,33],"class_list":["post-20237","post","type-post","status-publish","format-standard","has-post-thumbnail","hentry","category-coluna-capital-s-a","tag-agroindustria","tag-camaradosdeputados","tag-corrida","tag-donaldtrump","tag-economia","tag-empoderamentofeminino","tag-esporte","tag-governofederal","tag-guerracomercial","tag-guerratarifaria","tag-hugomotta","tag-industriabrasileira","tag-industriadatransformacao","tag-lula","tag-tarifaco","tag-trump","tag-tecnologia"],"_links":{"self":[{"href":"https:\/\/blogs.correiobraziliense.com.br\/capital-sa\/wp-json\/wp\/v2\/posts\/20237","targetHints":{"allow":["GET"]}}],"collection":[{"href":"https:\/\/blogs.correiobraziliense.com.br\/capital-sa\/wp-json\/wp\/v2\/posts"}],"about":[{"href":"https:\/\/blogs.correiobraziliense.com.br\/capital-sa\/wp-json\/wp\/v2\/types\/post"}],"author":[{"embeddable":true,"href":"https:\/\/blogs.correiobraziliense.com.br\/capital-sa\/wp-json\/wp\/v2\/users\/125"}],"replies":[{"embeddable":true,"href":"https:\/\/blogs.correiobraziliense.com.br\/capital-sa\/wp-json\/wp\/v2\/comments?post=20237"}],"version-history":[{"count":8,"href":"https:\/\/blogs.correiobraziliense.com.br\/capital-sa\/wp-json\/wp\/v2\/posts\/20237\/revisions"}],"predecessor-version":[{"id":20248,"href":"https:\/\/blogs.correiobraziliense.com.br\/capital-sa\/wp-json\/wp\/v2\/posts\/20237\/revisions\/20248"}],"wp:featuredmedia":[{"embeddable":true,"href":"https:\/\/blogs.correiobraziliense.com.br\/capital-sa\/wp-json\/wp\/v2\/media\/20242"}],"wp:attachment":[{"href":"https:\/\/blogs.correiobraziliense.com.br\/capital-sa\/wp-json\/wp\/v2\/media?parent=20237"}],"wp:term":[{"taxonomy":"category","embeddable":true,"href":"https:\/\/blogs.correiobraziliense.com.br\/capital-sa\/wp-json\/wp\/v2\/categories?post=20237"},{"taxonomy":"post_tag","embeddable":true,"href":"https:\/\/blogs.correiobraziliense.com.br\/capital-sa\/wp-json\/wp\/v2\/tags?post=20237"}],"curies":[{"name":"wp","href":"https:\/\/api.w.org\/{rel}","templated":true}]}}