{"id":20205,"date":"2025-08-06T18:44:04","date_gmt":"2025-08-06T21:44:04","guid":{"rendered":"https:\/\/blogs.correiobraziliense.com.br\/capital-sa\/?p=20205"},"modified":"2025-08-08T00:00:40","modified_gmt":"2025-08-08T03:00:40","slug":"tarifas-adicionais-dos-eua-afetam-778-das-exportacoes-brasileiras-ao-pais","status":"publish","type":"post","link":"https:\/\/blogs.correiobraziliense.com.br\/capital-sa\/2025\/08\/06\/tarifas-adicionais-dos-eua-afetam-778-das-exportacoes-brasileiras-ao-pais\/","title":{"rendered":"Tarifas adicionais dos EUA afetam 77,8% das exporta\u00e7\u00f5es brasileiras ao pa\u00eds"},"content":{"rendered":"<p class=\"p1\"><em><span class=\"s1\">Os setores com maior n\u00famero de produtos afetados pela sobretaxa combinada de 50% s\u00e3o: vestu\u00e1rio\u00a0<\/span>e acess\u00f3rios; m\u00e1quinas e equipamentos, alimentos, qu\u00edmicos, couro e cal\u00e7ados<\/em><\/p>\n<p class=\"p1\"><strong>Por Samanta Sallum\u00a0<\/strong><\/p>\n<p class=\"p1\"><span class=\"s1\">Mais da metade das exporta\u00e7\u00f5es brasileiras para os EUA enfrentar\u00e3o sobretaxas de 50%: a mais alta carga imposta pelo presidente Donald Trump. A Confedera\u00e7\u00e3o Nacional da Ind\u00fastria (CNI) acaba de fechar <\/span><span class=\"s1\">levantamento que aponta exatamente o impacto do tarifa\u00e7o para a rela\u00e7\u00e3o do Brasil com os Estados Unidos. O pa\u00eds \u00e9 o principal destino das vendas da ind\u00fastria de transforma\u00e7\u00e3o. Considerando todas as tarifas adicionais determinadas, 77,8% da pauta exportadora est\u00e1 sujeita a alguma taxa\u00e7\u00e3o.<br \/>\n<\/span><\/p>\n<p class=\"p1\"><span class=\"s1\">O resultado da an\u00e1lise da CNI considera a varia\u00e7\u00e3o<span class=\"Apple-converted-space\">\u00a0<\/span>de 10%, de 40% e a Se\u00e7\u00e3o 232 do Trade Expansion Act, de 25% e 50%, aplicadas\u00a0<\/span>exclusivamente a produtos de a\u00e7o, alum\u00ednio, cobre, ve\u00edculos e autope\u00e7as.<\/p>\n<p class=\"p1\"><span class=\"s1\">O cruzamento de dados mostra que dos 77,8% das exporta\u00e7\u00f5es sujeitas a taxa\u00e7\u00e3o adicional, 45,8% est\u00e3o submetidas a\u00a0<\/span>tarifas de 40% ou 50% direcionadas especificamente ao Brasil.<\/p>\n<p class=\"p1\"><span class=\"s1\">&#8220;Esse retrato d\u00e1 a dimens\u00e3o do problema enorme que teremos de enfrentar e o quanto vamos precisar\u00a0<\/span>avan\u00e7ar nas negocia\u00e7\u00f5es para reverter essas barreiras. \u00c9 um trabalho que precisa envolver governos e os setores produtivos. Os EUA s\u00e3o os principais parceiros comerciais da ind\u00fastria, precisamos encontrar sa\u00eddas&#8221;, afirmou Ricardo Alban, presidente da CNI.<\/p>\n<p class=\"p1\"><span class=\"s1\">Os setores com maior n\u00famero de produtos exportados afetados pela sobretaxa combinada de 50% s\u00e3o:<\/span><\/p>\n<p class=\"p1\">&#8211; Vestu\u00e1rio e acess\u00f3rios (14,6%), M\u00e1quinas e equipamentos (11,2%), Produtos t\u00eaxteis (10,4%), Alimentos (9,0%), Qu\u00edmicos (8,7%) e Couro e cal\u00e7ados (5,7%).<\/p>\n<p class=\"p1\"><span class=\"s1\">Os setores de a\u00e7o, alum\u00ednio e cobre, sobretaxados pela Se\u00e7\u00e3o 232, representam 9,3% da pauta e enfrentar\u00e3o\u00a0<\/span>tarifa adicional de 50%.<\/p>\n<p class=\"p1\"><span class=\"s1\">Combinados, esses blocos da pauta exportadora representam 50,7% das exporta\u00e7\u00f5es brasileiras aos\u00a0<\/span>americanos.<\/p>\n<p class=\"p1\">As exporta\u00e7\u00f5es isentas concentram-se principalmente na ind\u00fastria extrativa, que responde por 68,9% dessas exporta\u00e7\u00f5es, com destaque para petr\u00f3leo leve e pesado.<\/p>\n<p><strong><em>Acompanhe a Capital S\/A na TV Bras\u00edlia todas as ter\u00e7as e quintas-feiras, 18h10 no JL ao vivo.<\/em><\/strong><\/p>\n<p><iframe loading=\"lazy\" title=\"ENTRA EM VIGOR LEI QUE AUMENTA PUNI\u00c7\u00c3O PARA FURTO DE CABOS | CAPITAL S\/A\" width=\"1440\" height=\"810\" src=\"https:\/\/www.youtube.com\/embed\/1bnM7-5oBiU?feature=oembed\" frameborder=\"0\" allow=\"accelerometer; autoplay; clipboard-write; encrypted-media; gyroscope; picture-in-picture; web-share\" referrerpolicy=\"strict-origin-when-cross-origin\" allowfullscreen><\/iframe><\/p>\n","protected":false},"excerpt":{"rendered":"<p>Os setores com maior n\u00famero de produtos afetados pela sobretaxa combinada de 50% s\u00e3o: vestu\u00e1rio\u00a0e acess\u00f3rios; m\u00e1quinas e equipamentos, alimentos, qu\u00edmicos, couro e cal\u00e7ados Por Samanta Sallum\u00a0 Mais da metade das exporta\u00e7\u00f5es brasileiras para os EUA enfrentar\u00e3o sobretaxas de 50%: a mais alta carga imposta pelo presidente Donald Trump. A Confedera\u00e7\u00e3o Nacional da Ind\u00fastria (CNI) acaba de fechar levantamento que [&hellip;]<\/p>\n","protected":false},"author":125,"featured_media":20209,"comment_status":"open","ping_status":"open","sticky":false,"template":"","format":"standard","meta":{"footnotes":""},"categories":[6],"tags":[2703,276,3102,3099,2005,2859,2860,64],"class_list":["post-20205","post","type-post","status-publish","format-standard","has-post-thumbnail","hentry","category-coluna-capital-s-a","tag-donaldtrump","tag-economia","tag-guerracomercial","tag-guerratarifaria","tag-ricardoalban","tag-tarifaco","tag-trump","tag-cni"],"_links":{"self":[{"href":"https:\/\/blogs.correiobraziliense.com.br\/capital-sa\/wp-json\/wp\/v2\/posts\/20205","targetHints":{"allow":["GET"]}}],"collection":[{"href":"https:\/\/blogs.correiobraziliense.com.br\/capital-sa\/wp-json\/wp\/v2\/posts"}],"about":[{"href":"https:\/\/blogs.correiobraziliense.com.br\/capital-sa\/wp-json\/wp\/v2\/types\/post"}],"author":[{"embeddable":true,"href":"https:\/\/blogs.correiobraziliense.com.br\/capital-sa\/wp-json\/wp\/v2\/users\/125"}],"replies":[{"embeddable":true,"href":"https:\/\/blogs.correiobraziliense.com.br\/capital-sa\/wp-json\/wp\/v2\/comments?post=20205"}],"version-history":[{"count":8,"href":"https:\/\/blogs.correiobraziliense.com.br\/capital-sa\/wp-json\/wp\/v2\/posts\/20205\/revisions"}],"predecessor-version":[{"id":20221,"href":"https:\/\/blogs.correiobraziliense.com.br\/capital-sa\/wp-json\/wp\/v2\/posts\/20205\/revisions\/20221"}],"wp:featuredmedia":[{"embeddable":true,"href":"https:\/\/blogs.correiobraziliense.com.br\/capital-sa\/wp-json\/wp\/v2\/media\/20209"}],"wp:attachment":[{"href":"https:\/\/blogs.correiobraziliense.com.br\/capital-sa\/wp-json\/wp\/v2\/media?parent=20205"}],"wp:term":[{"taxonomy":"category","embeddable":true,"href":"https:\/\/blogs.correiobraziliense.com.br\/capital-sa\/wp-json\/wp\/v2\/categories?post=20205"},{"taxonomy":"post_tag","embeddable":true,"href":"https:\/\/blogs.correiobraziliense.com.br\/capital-sa\/wp-json\/wp\/v2\/tags?post=20205"}],"curies":[{"name":"wp","href":"https:\/\/api.w.org\/{rel}","templated":true}]}}