{"id":202,"date":"2020-10-16T02:22:23","date_gmt":"2020-10-16T05:22:23","guid":{"rendered":"https:\/\/blogs.correiobraziliense.com.br\/capital-sa\/?p=202"},"modified":"2020-10-16T02:37:04","modified_gmt":"2020-10-16T05:37:04","slug":"no-dia-mundial-da-alimentacao-sesc-leva-sopas-a-regioes-do-df","status":"publish","type":"post","link":"https:\/\/blogs.correiobraziliense.com.br\/capital-sa\/2020\/10\/16\/no-dia-mundial-da-alimentacao-sesc-leva-sopas-a-regioes-do-df\/","title":{"rendered":"No Dia Mundial da Alimenta\u00e7\u00e3o, Sesc leva sopas a regi\u00f5es do DF"},"content":{"rendered":"<p><img loading=\"lazy\" decoding=\"async\" class=\"alignnone size-full wp-image-206\" src=\"https:\/\/blogs.correiobraziliense.com.br\/capital-sa\/wp-content\/uploads\/sites\/59\/2020\/10\/6826C63A-8309-4323-9E05-4663F89187E4.jpeg\" alt=\"\" width=\"710\" height=\"496\" srcset=\"https:\/\/blogs.correiobraziliense.com.br\/capital-sa\/wp-content\/uploads\/sites\/59\/2020\/10\/6826C63A-8309-4323-9E05-4663F89187E4.jpeg 710w, https:\/\/blogs.correiobraziliense.com.br\/capital-sa\/wp-content\/uploads\/sites\/59\/2020\/10\/6826C63A-8309-4323-9E05-4663F89187E4-300x210.jpeg 300w, https:\/\/blogs.correiobraziliense.com.br\/capital-sa\/wp-content\/uploads\/sites\/59\/2020\/10\/6826C63A-8309-4323-9E05-4663F89187E4-550x384.jpeg 550w, https:\/\/blogs.correiobraziliense.com.br\/capital-sa\/wp-content\/uploads\/sites\/59\/2020\/10\/6826C63A-8309-4323-9E05-4663F89187E4-230x161.jpeg 230w\" sizes=\"auto, (max-width: 710px) 100vw, 710px\" \/><\/p>\n<p>&nbsp;<\/p>\n<p>Na primeira semana do Projeto Cozinha sem Sobras, o Sesc est\u00e1 distribuindo 2 mil sopas. A iniciativa come\u00e7ou na ter\u00e7a-feira na Estrutural e hoje, Dia Mundial da Alimenta\u00e7\u00e3o, chega \u00e0 comunidade do Sol Nascente.<\/p>\n<p class=\"p1\"><span class=\"s1\">O Sesc-DF deu in\u00edcio ao projeto em parceria com o programa de combate \u00e0 fome e desperd\u00edcio de alimentos, Mesa Brasil Sesc.<\/span><\/p>\n<p class=\"p1\"><span class=\"s1\">As comunidades <\/span><span class=\"s1\">do Itapo\u00e3 e P\u00f4r do Sol, em Ceil\u00e2ndia, tamb\u00e9m receberam as sopas nesta semana. As doa\u00e7\u00f5es ocorrem sempre \u00e0s 16h. <\/span><\/p>\n<p class=\"p1\"><span class=\"s1\">O presidente do Sistema Fecom\u00e9rcio e do Sesc-DF, Francisco Maia, e o diretor regional do Sesc-DF, Marco Tulio Chaparro, estiveram presentes para acompanhar de perto a entrega das sopas.<\/span><\/p>\n<p class=\"p1\"><span class=\"s1\">Ajuda na Pandemia <\/span><\/p>\n<p class=\"p1\"><span class=\"s1\">\u201cEsse projeto mostra um atua\u00e7\u00e3o do Sesc n\u00e3o somente com os comerci\u00e1rios, mas tamb\u00e9m com esse bra\u00e7o de atendimento \u00e0s comunidades mais carentes. Estamos cumprindo a nossa obriga\u00e7\u00e3o. Neste momento de pandemia, as pessoas est\u00e3o precisando de ajuda e aten\u00e7\u00e3o\u201d, disse Francisco Maia.<\/span><\/p>\n<p class=\"p1\"><span class=\"s1\">\u00a0Marco Tulio Chaparro refor\u00e7a que a a\u00e7\u00e3o beneficia fam\u00edlias com a renda comprometida pela crise financeira. Segundo ele, a entrega itinerante das sopas, prevista inicialmente para se estender at\u00e9 dezembro deste ano, deve virar uma a\u00e7\u00e3o permanente do Sesc-DF. <\/span><\/p>\n","protected":false},"excerpt":{"rendered":"<p>&nbsp; Na primeira semana do Projeto Cozinha sem Sobras, o Sesc est\u00e1 distribuindo 2 mil sopas. A iniciativa come\u00e7ou na ter\u00e7a-feira na Estrutural e hoje, Dia Mundial da Alimenta\u00e7\u00e3o, chega \u00e0 comunidade do Sol Nascente. O Sesc-DF deu in\u00edcio ao projeto em parceria com o programa de combate \u00e0 fome e desperd\u00edcio de alimentos, Mesa Brasil Sesc. As comunidades do [&hellip;]<\/p>\n","protected":false},"author":125,"featured_media":0,"comment_status":"open","ping_status":"open","sticky":false,"template":"","format":"standard","meta":{"footnotes":""},"categories":[6],"tags":[],"class_list":["post-202","post","type-post","status-publish","format-standard","hentry","category-coluna-capital-s-a"],"_links":{"self":[{"href":"https:\/\/blogs.correiobraziliense.com.br\/capital-sa\/wp-json\/wp\/v2\/posts\/202","targetHints":{"allow":["GET"]}}],"collection":[{"href":"https:\/\/blogs.correiobraziliense.com.br\/capital-sa\/wp-json\/wp\/v2\/posts"}],"about":[{"href":"https:\/\/blogs.correiobraziliense.com.br\/capital-sa\/wp-json\/wp\/v2\/types\/post"}],"author":[{"embeddable":true,"href":"https:\/\/blogs.correiobraziliense.com.br\/capital-sa\/wp-json\/wp\/v2\/users\/125"}],"replies":[{"embeddable":true,"href":"https:\/\/blogs.correiobraziliense.com.br\/capital-sa\/wp-json\/wp\/v2\/comments?post=202"}],"version-history":[{"count":7,"href":"https:\/\/blogs.correiobraziliense.com.br\/capital-sa\/wp-json\/wp\/v2\/posts\/202\/revisions"}],"predecessor-version":[{"id":213,"href":"https:\/\/blogs.correiobraziliense.com.br\/capital-sa\/wp-json\/wp\/v2\/posts\/202\/revisions\/213"}],"wp:attachment":[{"href":"https:\/\/blogs.correiobraziliense.com.br\/capital-sa\/wp-json\/wp\/v2\/media?parent=202"}],"wp:term":[{"taxonomy":"category","embeddable":true,"href":"https:\/\/blogs.correiobraziliense.com.br\/capital-sa\/wp-json\/wp\/v2\/categories?post=202"},{"taxonomy":"post_tag","embeddable":true,"href":"https:\/\/blogs.correiobraziliense.com.br\/capital-sa\/wp-json\/wp\/v2\/tags?post=202"}],"curies":[{"name":"wp","href":"https:\/\/api.w.org\/{rel}","templated":true}]}}