{"id":20191,"date":"2025-08-06T13:35:17","date_gmt":"2025-08-06T16:35:17","guid":{"rendered":"https:\/\/blogs.correiobraziliense.com.br\/capital-sa\/?p=20191"},"modified":"2025-08-07T15:18:36","modified_gmt":"2025-08-07T18:18:36","slug":"tcu-denuncia-exclusao-digital-de-20-milhoes-de-pessoas-e-cobra-governo-federal","status":"publish","type":"post","link":"https:\/\/blogs.correiobraziliense.com.br\/capital-sa\/2025\/08\/06\/tcu-denuncia-exclusao-digital-de-20-milhoes-de-pessoas-e-cobra-governo-federal\/","title":{"rendered":"TCU denuncia exclus\u00e3o digital de 20 milh\u00f5es de pessoas e cobra governo federal"},"content":{"rendered":"<p><strong>Coluna Capital S\/A de 06 de julho<\/strong><\/p>\n<p><strong>Por Samanta Sallum\u00a0<\/strong><\/p>\n<p>Cerca de 20 milh\u00f5es de pessoas no Brasil n\u00e3o t\u00eam acesso algum \u00e0 internet. E estima-se que um n\u00famero maior ainda tenha muita dificuldade para se conectar. Diante disso, o TCU determinou ao governo federal a cria\u00e7\u00e3o do Plano Nacional de Inclus\u00e3o Digital. A medida cobra a\u00e7\u00f5es que permitam ao cidad\u00e3o ter acesso a conex\u00e3o de qualidade, dispositivos adequados e instru\u00e7\u00e3o para melhor uso da internet.<\/p>\n<p>O Tribunal concluiu que h\u00e1 falhas de governan\u00e7a nas pol\u00edticas p\u00fablicas e que as a\u00e7\u00f5es do Estado s\u00e3o &#8220;insuficientes e ineficientes para combater a exclus\u00e3o digital.&#8221; A auditoria revelou que 12 milh\u00f5es de lares brasileiros n\u00e3o t\u00eam acesso \u00e0 internet, totalizando 20 milh\u00f5es de pessoas que n\u00e3o usam servi\u00e7os digitais. O exclu\u00eddo digital brasileiro pertence majoritariamente \u00e0s classes D e E.<\/p>\n<p><strong>Alto custo e falta de habilidade<\/strong><\/p>\n<p>Os principais motivos s\u00e3o alto custo (55%), falta de familiaridade ou habilidade com a tecnologia (50%) e falta de interesse (49%). A fiscaliza\u00e7\u00e3o avaliou que o conjunto de pol\u00edticas p\u00fablicas de inclus\u00e3o digital n\u00e3o atende aos par\u00e2metros para a oferta de conectividade universal (conectividade para todos) e significativa (experi\u00eancia on-line segura, satisfat\u00f3ria, enriquecedora e produtiva, a um custo acess\u00edvel).<\/p>\n<p><strong>Prazos para o GTI<\/strong><\/p>\n<p>Entre as decis\u00f5es do TCU, est\u00e1 a determina\u00e7\u00e3o para que o Grupo de Trabalho Interministerial (GTI) encaminhe, em at\u00e9 180 dias, o relat\u00f3rio que vai servir de base para o Plano Nacional de Inclus\u00e3o Digital (PNID). E, em at\u00e9 180 dias ap\u00f3s o envio desse documento, elabore o definitivo. O TCU determinou que o Minist\u00e9rio das Comunica\u00e7\u00f5es elabore o plano. O processo \u00e9 de relatoria do ministro Aroldo Cedraz.<\/p>\n<p><strong>Minist\u00e9rio das Comunica\u00e7\u00f5es afirma que inclus\u00e3o \u00e9 crescente no pa\u00eds\u00a0<\/strong><\/p>\n<p class=\"p1\"><span class=\"s1\">O Minist\u00e9rio das Comunica\u00e7\u00f5es informou \u00e0 coluna que a pasta iniciou a elabora\u00e7\u00e3o do Plano Nacional de Inclus\u00e3o Digital (PNID), que vai mapear lacunas e orientar pol\u00edticas p\u00fablicas para ampliar o acesso \u00e0 internet com qualidade e seguran\u00e7a. O Grupo de Trabalho Interministerial foi criado para conduzir o processo, e um chamamento p\u00fablico foi aberto nesta semana para envolver entidades da sociedade civil na constru\u00e7\u00e3o coletiva do plano.<\/span><\/p>\n<p>O Minist\u00e9rio das Comunica\u00e7\u00f5es afirma que o acesso \u00e0 internet continua crescendo no Brasil. O \u00f3rg\u00e3o cita dados da PNAD Cont\u00ednua (IBGE), divulgados em julho, que mostram que 93,6% dos domic\u00edlios brasileiros j\u00e1 possuem conex\u00e3o com a internet, um avan\u00e7o de 1,1 ponto percentual em rela\u00e7\u00e3o a 2023.<\/p>\n<p class=\"p2\"><span class=\"s1\">\u201cEsse avan\u00e7o est\u00e1 diretamente ligado aos investimentos realizados pelo Governo Federal, especialmente por meio do Novo PAC, que destinou R$ 23,5 bilh\u00f5es \u00e0 inclus\u00e3o digital e conectividade\u201d, informou em nota o \u00f3rg\u00e3o.<\/span><\/p>\n<p class=\"p2\"><strong>CNI vai responder \u00e0 investiga\u00e7\u00e3o dos EUA sobre pr\u00e1ticas comerciais do Brasil<\/strong><\/p>\n<p><img loading=\"lazy\" decoding=\"async\" class=\"aligncenter size-medium wp-image-20197\" src=\"https:\/\/blogs.correiobraziliense.com.br\/capital-sa\/wp-content\/uploads\/sites\/59\/2025\/08\/IMG_8432-300x281.jpeg\" alt=\"\" width=\"300\" height=\"281\" srcset=\"https:\/\/blogs.correiobraziliense.com.br\/capital-sa\/wp-content\/uploads\/sites\/59\/2025\/08\/IMG_8432-300x281.jpeg 300w, https:\/\/blogs.correiobraziliense.com.br\/capital-sa\/wp-content\/uploads\/sites\/59\/2025\/08\/IMG_8432-230x216.jpeg 230w, https:\/\/blogs.correiobraziliense.com.br\/capital-sa\/wp-content\/uploads\/sites\/59\/2025\/08\/IMG_8432.jpeg 420w\" sizes=\"auto, (max-width: 300px) 100vw, 300px\" \/><br \/>\nO presidente da CNI, Ricardo Alban, destacou que a Confedera\u00e7\u00e3o est\u00e1 atuando fortemente para participar dos esclarecimentos do Brasil na investiga\u00e7\u00e3o aberta pelos EUA sobre as pr\u00e1ticas comerciais brasileiras. O objetivo do governo norte-americano \u00e9 determinar se atos, pol\u00edticas e pr\u00e1ticas relacionados ao com\u00e9rcio digital e servi\u00e7os de pagamento eletr\u00f4nico (Pix), tarifas preferenciais injustas; interfer\u00eancia anticorrup\u00e7\u00e3o; prote\u00e7\u00e3o da propriedade intelectual; acesso ao mercado de etanol; e desmatamento ilegal s\u00e3o discriminat\u00f3rios e se oneram ou restringem o com\u00e9rcio dos EUA. &#8220;Estaremos ajudando a responder todos os pontos, menos sobre meio de pagamento e quest\u00e3o anticorrup\u00e7\u00e3o por n\u00e3o estar no nosso meio de atua\u00e7\u00e3o&#8221;, explicou Alban.<\/p>\n<p><strong>E sobre as quest\u00f5es internas \u2026<\/strong><\/p>\n<p>O presidente da CNI, ao criticar o corte de subs\u00eddios governamentais ao setor produtivo de forma linear, defende a reforma administrativa urgente e o corte de gastos em todos os Poderes. &#8220;O exemplo tem que vir de cima. Por que, ent\u00e3o, n\u00e3o chamar Executivo, Judici\u00e1rio e Legislativo e todos a contribu\u00edrem para o equil\u00edbrio fiscal do pa\u00eds cortando em 10% seus gastos?&#8221;, provocou em entrevista, ao programa Roda Viva.<\/p>\n<p><strong>Aposta no Lula negociador<\/strong><\/p>\n<p>O presidente da Fibra, Jamal Bittar, acredita no poder de negocia\u00e7\u00e3o do presidente Lula em meio ao tarifa\u00e7o de Trump. Mas fez uma ressalva: que ele tem que deixar um pouco de lado os arroubos e resgatar o perfil de suas outras gest\u00f5es. &#8220;O presidente Lula tem grande capacidade de negocia\u00e7\u00e3o, \u00e9 inteligente, carism\u00e1tico. S\u00f3 deixar um pouco de lado os arroubos&#8221;, comentou Jamal, em entrevista, ontem, ao CB.Poder. Ele elogiou muito a atua\u00e7\u00e3o do vice-presidente Geraldo Alckmin na condu\u00e7\u00e3o das negocia\u00e7\u00f5es com os EUA.<\/p>\n<p><strong>Brasileiros elogiam, e<\/strong><br \/>\n<strong>norte-americanos xingam<\/strong><\/p>\n<p><img loading=\"lazy\" decoding=\"async\" class=\"aligncenter size-medium wp-image-20198\" src=\"https:\/\/blogs.correiobraziliense.com.br\/capital-sa\/wp-content\/uploads\/sites\/59\/2025\/08\/IMG_8378-160x300.jpeg\" alt=\"\" width=\"160\" height=\"300\" srcset=\"https:\/\/blogs.correiobraziliense.com.br\/capital-sa\/wp-content\/uploads\/sites\/59\/2025\/08\/IMG_8378-160x300.jpeg 160w, https:\/\/blogs.correiobraziliense.com.br\/capital-sa\/wp-content\/uploads\/sites\/59\/2025\/08\/IMG_8378-547x1024.jpeg 547w, https:\/\/blogs.correiobraziliense.com.br\/capital-sa\/wp-content\/uploads\/sites\/59\/2025\/08\/IMG_8378-550x1029.jpeg 550w, https:\/\/blogs.correiobraziliense.com.br\/capital-sa\/wp-content\/uploads\/sites\/59\/2025\/08\/IMG_8378-230x430.jpeg 230w, https:\/\/blogs.correiobraziliense.com.br\/capital-sa\/wp-content\/uploads\/sites\/59\/2025\/08\/IMG_8378.jpeg 557w\" sizes=\"auto, (max-width: 160px) 100vw, 160px\" \/><\/p>\n<p>No perfil de Instagram do presidente Donald Trump, os coment\u00e1rios em portugu\u00eas dos brasileiros s\u00e3o elogiosos, dizendo que ele \u00e9 o melhor presidente do mundo, que est\u00e1 salvando o Brasil. J\u00e1 os coment\u00e1rios dos pr\u00f3prios americanos, que est\u00e3o em ingl\u00eas, o criticam, xingam e o relacionam a esc\u00e2ndalos sexuais.<\/p>\n<p><strong>Apoio a 2,5 mil agroind\u00fastrias de pequeno porte no pa\u00eds<\/strong><\/p>\n<p><img loading=\"lazy\" decoding=\"async\" class=\"aligncenter size-medium wp-image-20199\" src=\"https:\/\/blogs.correiobraziliense.com.br\/capital-sa\/wp-content\/uploads\/sites\/59\/2025\/08\/IMG_8418-300x225.jpeg\" alt=\"\" width=\"300\" height=\"225\" srcset=\"https:\/\/blogs.correiobraziliense.com.br\/capital-sa\/wp-content\/uploads\/sites\/59\/2025\/08\/IMG_8418-300x225.jpeg 300w, https:\/\/blogs.correiobraziliense.com.br\/capital-sa\/wp-content\/uploads\/sites\/59\/2025\/08\/IMG_8418-550x413.jpeg 550w, https:\/\/blogs.correiobraziliense.com.br\/capital-sa\/wp-content\/uploads\/sites\/59\/2025\/08\/IMG_8418-230x173.jpeg 230w, https:\/\/blogs.correiobraziliense.com.br\/capital-sa\/wp-content\/uploads\/sites\/59\/2025\/08\/IMG_8418.jpeg 640w\" sizes=\"auto, (max-width: 300px) 100vw, 300px\" \/><\/p>\n<p>Acordo de coopera\u00e7\u00e3o t\u00e9cnica ser\u00e1 assinado hoje em Bras\u00edlia, pelo presidente do Sebrae, D\u00e9cio Lima, e pelo ministro da Agricultura e Pecu\u00e1ria, Carlos F\u00e1varo. A parceria busca alcan\u00e7ar quase 2,5 mil agroind\u00fastrias de pequeno porte e aumentar em 12% o faturamento. A iniciativa quer habilitar a comercializa\u00e7\u00e3o dos produtos de origem animal em todo o territ\u00f3rio.<\/p>\n<p><strong>Selo Arte\u00a0<\/strong><\/p>\n<p>Uma das metas \u00e9 fortalecer o certificado de identidade, como produto artesanal, para produtos aliment\u00edcios, tamb\u00e9m conhecido como Selo Arte. O objetivo \u00e9 permitir que milhares de estabelecimentos do pa\u00eds tenham a documenta\u00e7\u00e3o que permita a comercializa\u00e7\u00e3o nacional dos produtos de origem animal.<\/p>\n<p><strong>TRE-DF abre processo seletivo de est\u00e1gio<\/strong><\/p>\n<p>O Tribunal Regional Eleitoral do Distrito Federal (TRE-DF) est\u00e1 com inscri\u00e7\u00f5es abertas at\u00e9 12 de agosto para o Processo Seletivo de Est\u00e1gio n\u00ba 01\/2025. A sele\u00e7\u00e3o \u00e9 destinada a estudantes do ensino m\u00e9dio e superior, com atua\u00e7\u00e3o presencial na sede do tribunal, em Bras\u00edlia.<br \/>\nOs interessados devem se inscrever gratuitamente pelo site da Super Est\u00e1gios (www.superestagios.com.br).<\/p>\n<p>As vagas contemplam mais de 25 cursos, entre eles Direito, Administra\u00e7\u00e3o, Comunica\u00e7\u00e3o Social, Arquitetura, Enfermagem, Inform\u00e1tica, Contabilidade e Pedagogia.<\/p>\n<p><strong>Aux\u00edlio financeiro<\/strong><\/p>\n<p>O est\u00e1gio tem jornada de 20 horas semanais, no per\u00edodo vespertino. Os estagi\u00e1rios receber\u00e3o bolsa aux\u00edlio de R$ 535,00 (ensino m\u00e9dio) e R$ 820,00 (ensino superior), al\u00e9m de R$ 11,00 por dia estagiado como aux\u00edlio-transporte.<\/p>\n<p><strong>Etapas<\/strong><\/p>\n<p>A sele\u00e7\u00e3o ser\u00e1 realizada em duas etapas: prova on-line, em 18 e 19 de agosto; e an\u00e1lise curricular, entre 5 e 15 de setembro. O resultado final ser\u00e1 divulgado em 1\u00ba de outubro, com in\u00edcio das atividades previsto ainda para o mesmo m\u00eas.<\/p>\n<p><strong><em>Acompanhe a Capital S\/A na TV Bras\u00edlia todas as ter\u00e7as e quintas-feiras, 18h10 no JL ao vivo.<\/em><\/strong><\/p>\n<p><iframe loading=\"lazy\" title=\"ENTRA EM VIGOR LEI QUE AUMENTA PUNI\u00c7\u00c3O PARA FURTO DE CABOS | CAPITAL S\/A\" width=\"1440\" height=\"810\" src=\"https:\/\/www.youtube.com\/embed\/1bnM7-5oBiU?feature=oembed\" frameborder=\"0\" allow=\"accelerometer; autoplay; clipboard-write; encrypted-media; gyroscope; picture-in-picture; web-share\" referrerpolicy=\"strict-origin-when-cross-origin\" allowfullscreen><\/iframe><\/p>\n","protected":false},"excerpt":{"rendered":"<p>Coluna Capital S\/A de 06 de julho Por Samanta Sallum\u00a0 Cerca de 20 milh\u00f5es de pessoas no Brasil n\u00e3o t\u00eam acesso algum \u00e0 internet. E estima-se que um n\u00famero maior ainda tenha muita dificuldade para se conectar. Diante disso, o TCU determinou ao governo federal a cria\u00e7\u00e3o do Plano Nacional de Inclus\u00e3o Digital. A medida cobra a\u00e7\u00f5es que permitam ao [&hellip;]<\/p>\n","protected":false},"author":125,"featured_media":20196,"comment_status":"open","ping_status":"open","sticky":false,"template":"","format":"standard","meta":{"footnotes":""},"categories":[6],"tags":[3123,2268,3126,2932,3124,2239,3125,2703,2207,3102,3099,2434,743,1165,2603,2005,2859,445,2860,64,71,33],"class_list":["post-20191","post","type-post","status-publish","format-standard","has-post-thumbnail","hentry","category-coluna-capital-s-a","tag-acessoainternet","tag-agro","tag-agroindustria","tag-aroldocedraz","tag-comunicacao","tag-conexao","tag-cortedegastos","tag-donaldtrump","tag-governofederal","tag-guerracomercial","tag-guerratarifaria","tag-inclusaodigital","tag-jamalbittar","tag-lula","tag-ministeriodascomunicacoes","tag-ricardoalban","tag-tarifaco","tag-tcu","tag-trump","tag-cni","tag-fibra","tag-tecnologia"],"_links":{"self":[{"href":"https:\/\/blogs.correiobraziliense.com.br\/capital-sa\/wp-json\/wp\/v2\/posts\/20191","targetHints":{"allow":["GET"]}}],"collection":[{"href":"https:\/\/blogs.correiobraziliense.com.br\/capital-sa\/wp-json\/wp\/v2\/posts"}],"about":[{"href":"https:\/\/blogs.correiobraziliense.com.br\/capital-sa\/wp-json\/wp\/v2\/types\/post"}],"author":[{"embeddable":true,"href":"https:\/\/blogs.correiobraziliense.com.br\/capital-sa\/wp-json\/wp\/v2\/users\/125"}],"replies":[{"embeddable":true,"href":"https:\/\/blogs.correiobraziliense.com.br\/capital-sa\/wp-json\/wp\/v2\/comments?post=20191"}],"version-history":[{"count":10,"href":"https:\/\/blogs.correiobraziliense.com.br\/capital-sa\/wp-json\/wp\/v2\/posts\/20191\/revisions"}],"predecessor-version":[{"id":20216,"href":"https:\/\/blogs.correiobraziliense.com.br\/capital-sa\/wp-json\/wp\/v2\/posts\/20191\/revisions\/20216"}],"wp:featuredmedia":[{"embeddable":true,"href":"https:\/\/blogs.correiobraziliense.com.br\/capital-sa\/wp-json\/wp\/v2\/media\/20196"}],"wp:attachment":[{"href":"https:\/\/blogs.correiobraziliense.com.br\/capital-sa\/wp-json\/wp\/v2\/media?parent=20191"}],"wp:term":[{"taxonomy":"category","embeddable":true,"href":"https:\/\/blogs.correiobraziliense.com.br\/capital-sa\/wp-json\/wp\/v2\/categories?post=20191"},{"taxonomy":"post_tag","embeddable":true,"href":"https:\/\/blogs.correiobraziliense.com.br\/capital-sa\/wp-json\/wp\/v2\/tags?post=20191"}],"curies":[{"name":"wp","href":"https:\/\/api.w.org\/{rel}","templated":true}]}}