{"id":20172,"date":"2025-08-05T12:26:54","date_gmt":"2025-08-05T15:26:54","guid":{"rendered":"https:\/\/blogs.correiobraziliense.com.br\/capital-sa\/?p=20172"},"modified":"2025-08-07T15:15:58","modified_gmt":"2025-08-07T18:15:58","slug":"liderancas-empresariais-debatem-futuro-do-setor-de-alimentacao-fora-do-lar","status":"publish","type":"post","link":"https:\/\/blogs.correiobraziliense.com.br\/capital-sa\/2025\/08\/05\/liderancas-empresariais-debatem-futuro-do-setor-de-alimentacao-fora-do-lar\/","title":{"rendered":"Lideran\u00e7as empresariais debatem futuro do setor de alimenta\u00e7\u00e3o fora do lar"},"content":{"rendered":"<p><strong>Coluna Capital S\/A de 04 de agosto\u00a0<\/strong><\/p>\n<p><strong>Por Samanta Sallum\u00a0<\/strong><\/p>\n<p>Em 13 e 14 de agosto, o 37\u00ba Congresso Abrasel reunir\u00e1 l\u00edderes e especialistas do setor de alimenta\u00e7\u00e3o fora do lar para debater os principais desafios e oportunidades do mercado. Realizado presencialmente, em Bras\u00edlia, o evento ter\u00e1 transmiss\u00e3o on-line gratuita para todo o pa\u00eds. Promovido em parceria com o Mundo Mesa, ser\u00e1 uma oportunidade para empreendedores, gestores, profissionais da gastronomia, estudantes e entusiastas se conectarem com as tend\u00eancias de gest\u00e3o e inova\u00e7\u00e3o do setor.<\/p>\n<p><strong>IFood e Tik Tok<\/strong><\/p>\n<p>Entre os nomes j\u00e1 confirmados est\u00e3o Diego Barreto, CEO do iFood (E); Marina Landherr, l\u00edder criativa do Tik Tok Brasil (D); Mauricio Giamellaro, CEO da Heineken Brasil; e Pierre Berenstein, CEO da Bloomin&#8217; Brands Brasil, administradora do Outback, Abbraccio e Aussie.\u00a0As inscri\u00e7\u00f5es est\u00e3o abertas no site oficial do evento.<\/p>\n<p><img loading=\"lazy\" decoding=\"async\" class=\"aligncenter size-medium wp-image-20181\" src=\"https:\/\/blogs.correiobraziliense.com.br\/capital-sa\/wp-content\/uploads\/sites\/59\/2025\/08\/IMG_8399-300x194.jpeg\" alt=\"\" width=\"300\" height=\"194\" srcset=\"https:\/\/blogs.correiobraziliense.com.br\/capital-sa\/wp-content\/uploads\/sites\/59\/2025\/08\/IMG_8399-300x194.jpeg 300w, https:\/\/blogs.correiobraziliense.com.br\/capital-sa\/wp-content\/uploads\/sites\/59\/2025\/08\/IMG_8399-768x497.jpeg 768w, https:\/\/blogs.correiobraziliense.com.br\/capital-sa\/wp-content\/uploads\/sites\/59\/2025\/08\/IMG_8399-1024x663.jpeg 1024w, https:\/\/blogs.correiobraziliense.com.br\/capital-sa\/wp-content\/uploads\/sites\/59\/2025\/08\/IMG_8399-800x518.jpeg 800w, https:\/\/blogs.correiobraziliense.com.br\/capital-sa\/wp-content\/uploads\/sites\/59\/2025\/08\/IMG_8399-550x356.jpeg 550w, https:\/\/blogs.correiobraziliense.com.br\/capital-sa\/wp-content\/uploads\/sites\/59\/2025\/08\/IMG_8399-230x149.jpeg 230w, https:\/\/blogs.correiobraziliense.com.br\/capital-sa\/wp-content\/uploads\/sites\/59\/2025\/08\/IMG_8399.jpeg 1170w\" sizes=\"auto, (max-width: 300px) 100vw, 300px\" \/><\/p>\n<p><strong>Como impulsionar neg\u00f3cios: intelig\u00eancia artificial e sustentabilidade<\/strong><\/p>\n<p>Esta edi\u00e7\u00e3o traz como tema central as Conex\u00f5es Essenciais, refletindo sobre a import\u00e2ncia de criar pontes entre conhecimento, tecnologia e pr\u00e1ticas de mercado para impulsionar o crescimento dos neg\u00f3cios. A programa\u00e7\u00e3o contar\u00e1 com 20 palestras, que abordar\u00e3o temas como intelig\u00eancia artificial, novo perfil do consumidor, sustentabilidade, boas pr\u00e1ticas de gest\u00e3o e presen\u00e7a digital.<\/p>\n<p><strong>Degusta\u00e7\u00e3o na feira Origem Brasil<\/strong><\/p>\n<p>Al\u00e9m dos debates, o evento oferece uma s\u00e9rie de experi\u00eancias complementares. A feira Origem Brasil ter\u00e1 degusta\u00e7\u00f5es de r\u00f3tulos exclusivos de vinhos de diversas vin\u00edcolas nacionais, al\u00e9m de um ambiente com produtores locais e experi\u00eancias gastron\u00f4micas variadas.<\/p>\n<p><strong>Reuni\u00e3o de marcas e empreendedores<\/strong><\/p>\n<p>Outro destaque ser\u00e1 o espa\u00e7o de relacionamento, onde parceiros da Abrasel apresentar\u00e3o produtos e solu\u00e7\u00f5es voltadas para a efici\u00eancia operacional e o aumento da rentabilidade dos neg\u00f3cios. O evento tamb\u00e9m contar\u00e1 com caravanas organizadas pelas seccionais da Abrasel em todo o pa\u00eds. Apoiam o evento Alelo, Ambev, BAT, Coca Cola Brasil, Picpay, Stone, Ticket e Caixa , entre outras empresas.<\/p>\n<p><strong>Niemeyer intimista em filme<\/strong><\/p>\n<p><img loading=\"lazy\" decoding=\"async\" class=\"aligncenter size-medium wp-image-20186\" src=\"https:\/\/blogs.correiobraziliense.com.br\/capital-sa\/wp-content\/uploads\/sites\/59\/2025\/08\/a9104f26-4ba2-4a01-b368-53a3140c2e8f-300x225.jpeg\" alt=\"\" width=\"300\" height=\"225\" srcset=\"https:\/\/blogs.correiobraziliense.com.br\/capital-sa\/wp-content\/uploads\/sites\/59\/2025\/08\/a9104f26-4ba2-4a01-b368-53a3140c2e8f-300x225.jpeg 300w, https:\/\/blogs.correiobraziliense.com.br\/capital-sa\/wp-content\/uploads\/sites\/59\/2025\/08\/a9104f26-4ba2-4a01-b368-53a3140c2e8f-768x576.jpeg 768w, https:\/\/blogs.correiobraziliense.com.br\/capital-sa\/wp-content\/uploads\/sites\/59\/2025\/08\/a9104f26-4ba2-4a01-b368-53a3140c2e8f-1024x768.jpeg 1024w, https:\/\/blogs.correiobraziliense.com.br\/capital-sa\/wp-content\/uploads\/sites\/59\/2025\/08\/a9104f26-4ba2-4a01-b368-53a3140c2e8f-1440x1080.jpeg 1440w, https:\/\/blogs.correiobraziliense.com.br\/capital-sa\/wp-content\/uploads\/sites\/59\/2025\/08\/a9104f26-4ba2-4a01-b368-53a3140c2e8f-800x600.jpeg 800w, https:\/\/blogs.correiobraziliense.com.br\/capital-sa\/wp-content\/uploads\/sites\/59\/2025\/08\/a9104f26-4ba2-4a01-b368-53a3140c2e8f-550x413.jpeg 550w, https:\/\/blogs.correiobraziliense.com.br\/capital-sa\/wp-content\/uploads\/sites\/59\/2025\/08\/a9104f26-4ba2-4a01-b368-53a3140c2e8f-230x173.jpeg 230w, https:\/\/blogs.correiobraziliense.com.br\/capital-sa\/wp-content\/uploads\/sites\/59\/2025\/08\/a9104f26-4ba2-4a01-b368-53a3140c2e8f.jpeg 1600w\" sizes=\"auto, (max-width: 300px) 100vw, 300px\" \/><\/p>\n<p>Considerado o fot\u00f3grafo oficial de Oscar Niemeyer (1907\/2012), Kadu Niemeyer abriu o escrit\u00f3rio do ic\u00f4nico arquiteto, do qual ele \u00e9 administrador, no Rio de Janeiro, para o lan\u00e7amento nacional do projeto de um longa metragem sobre a obra e a vida de seu av\u00f4, cuja pr\u00e9-produ\u00e7\u00e3o foi iniciada pelo cineasta paulista Walther Neto, o mesmo autor do document\u00e1rio Bras\u00edlia 65 anos. A atriz carioca Monica Carvalho foi a primeira escolha do elenco. Ela vai interpretar a galerista carioca Anna Maria, a \u00fanica filha de Niemeyer.<\/p>\n<p><strong>Faceta desconhecida do arquiteto<\/strong><\/p>\n<p>Durante a constru\u00e7\u00e3o de Bras\u00edlia, Anna Maria projetou m\u00f3veis modernos para mobiliar o Pal\u00e1cio da Alvorada, segundo depoimento de Kadu sobre a m\u00e3e. O filme ser\u00e1 uma mistura de document\u00e1rio e fic\u00e7\u00e3o e vai exibir as obras de Niemeyer em Bras\u00edlia e na Pampulha, em Belo Horizonte. Mas a ideia \u00e9 revelar um lado mais intimista do arquiteto, uma faceta desconhecida do p\u00fablico.<\/p>\n<p><strong>Novo diretor-executivo da CNSa\u00fade<\/strong><\/p>\n<p><img loading=\"lazy\" decoding=\"async\" class=\"aligncenter size-medium wp-image-20183\" src=\"https:\/\/blogs.correiobraziliense.com.br\/capital-sa\/wp-content\/uploads\/sites\/59\/2025\/08\/IMG_8393-209x300.jpeg\" alt=\"\" width=\"209\" height=\"300\" srcset=\"https:\/\/blogs.correiobraziliense.com.br\/capital-sa\/wp-content\/uploads\/sites\/59\/2025\/08\/IMG_8393-209x300.jpeg 209w, https:\/\/blogs.correiobraziliense.com.br\/capital-sa\/wp-content\/uploads\/sites\/59\/2025\/08\/IMG_8393-768x1105.jpeg 768w, https:\/\/blogs.correiobraziliense.com.br\/capital-sa\/wp-content\/uploads\/sites\/59\/2025\/08\/IMG_8393-712x1024.jpeg 712w, https:\/\/blogs.correiobraziliense.com.br\/capital-sa\/wp-content\/uploads\/sites\/59\/2025\/08\/IMG_8393-800x1151.jpeg 800w, https:\/\/blogs.correiobraziliense.com.br\/capital-sa\/wp-content\/uploads\/sites\/59\/2025\/08\/IMG_8393-550x791.jpeg 550w, https:\/\/blogs.correiobraziliense.com.br\/capital-sa\/wp-content\/uploads\/sites\/59\/2025\/08\/IMG_8393-230x331.jpeg 230w, https:\/\/blogs.correiobraziliense.com.br\/capital-sa\/wp-content\/uploads\/sites\/59\/2025\/08\/IMG_8393.jpeg 1170w\" sizes=\"auto, (max-width: 209px) 100vw, 209px\" \/><\/p>\n<p>A Confedera\u00e7\u00e3o Nacional de Sa\u00fade (CNSa\u00fade) oficializou o ingresso de Genildo Lins como novo diretor-executivo da entidade. O advogado paraibano passou por posi\u00e7\u00f5es estrat\u00e9gicas e de lideran\u00e7a nos setores p\u00fablico e privado. Conselheiro certificado pelo Instituto Brasileiro de Governan\u00e7a Corporativa (IBGC), Genildo foi secret\u00e1rio de Gest\u00e3o e chefe de gabinete no Minist\u00e9rio do Planejamento. Tamb\u00e9m integrou conselhos de administra\u00e7\u00e3o relevantes, com destaque para a Geap (onde foi presidente), BNDES e BB Seguridade. Na iniciativa privada, o novo diretor-executivo da CNSa\u00fade foi diretor Corporativo e de Rela\u00e7\u00f5es Sindicais da Confedera\u00e7\u00e3o Nacional das Seguradoras (CNseg).<\/p>\n<p><strong>Representatividade<\/strong><\/p>\n<p>A CNSa\u00fade foi criada em 1994, com sede no Distrito Federal, congrega oito federa\u00e7\u00f5es (Fenaess, Fehosul, Feherj, Fehospar, Fehoesc, Fehoesg, Febase e Fehoesp) e 90 sindicatos de sa\u00fade em atividade no pa\u00eds. Representa hospitais, cl\u00ednicas, casas de sa\u00fade, laborat\u00f3rios de an\u00e1lises cl\u00ednicas e patologia cl\u00ednica, servi\u00e7os de diagn\u00f3stico, imagem e fisioterapia, entre outros.<\/p>\n<p><strong>Spincycle de Bras\u00edlia chega a Goi\u00e2nia<\/strong><\/p>\n<p><img loading=\"lazy\" decoding=\"async\" class=\"aligncenter size-medium wp-image-20184\" src=\"https:\/\/blogs.correiobraziliense.com.br\/capital-sa\/wp-content\/uploads\/sites\/59\/2025\/08\/IMG_8392-205x300.jpeg\" alt=\"\" width=\"205\" height=\"300\" srcset=\"https:\/\/blogs.correiobraziliense.com.br\/capital-sa\/wp-content\/uploads\/sites\/59\/2025\/08\/IMG_8392-205x300.jpeg 205w, https:\/\/blogs.correiobraziliense.com.br\/capital-sa\/wp-content\/uploads\/sites\/59\/2025\/08\/IMG_8392-768x1125.jpeg 768w, https:\/\/blogs.correiobraziliense.com.br\/capital-sa\/wp-content\/uploads\/sites\/59\/2025\/08\/IMG_8392-699x1024.jpeg 699w, https:\/\/blogs.correiobraziliense.com.br\/capital-sa\/wp-content\/uploads\/sites\/59\/2025\/08\/IMG_8392-800x1172.jpeg 800w, https:\/\/blogs.correiobraziliense.com.br\/capital-sa\/wp-content\/uploads\/sites\/59\/2025\/08\/IMG_8392-550x805.jpeg 550w, https:\/\/blogs.correiobraziliense.com.br\/capital-sa\/wp-content\/uploads\/sites\/59\/2025\/08\/IMG_8392-230x337.jpeg 230w, https:\/\/blogs.correiobraziliense.com.br\/capital-sa\/wp-content\/uploads\/sites\/59\/2025\/08\/IMG_8392.jpeg 1085w\" sizes=\"auto, (max-width: 205px) 100vw, 205px\" \/><\/p>\n<p>Fundada em 2019 na Asa Sul, em Bras\u00edlia, a Spincycle \u00e9 uma rede de est\u00fadios de bike indoor e treinamento de for\u00e7a, com metodologia imersiva. Atualmente, s\u00e3o quatro unidades em funcionamento (Bras\u00edlia, S\u00e3o Paulo e Presidente Prudente). Al\u00e9m de Goi\u00e2nia, com abertura em setembro, h\u00e1 previs\u00e3o de expans\u00e3o para mais tr\u00eas cidades, ainda em 2025: Jundia\u00ed, Curitiba e S\u00e3o Paulo (Itaim Bibi).<\/p>\n<p>&#8220;Cada nova unidade da Spincycle representa uma realiza\u00e7\u00e3o muito grande. Estou ansiosa pela chegada do nosso est\u00fadio a Goi\u00e2nia e confiante no sucesso da quinta unidade da Spin&#8221;, comemora Larissa Pacheco, 37 anos, formada em educa\u00e7\u00e3o f\u00edsica, s\u00f3cia-fundadora e CEO da marca.<\/p>\n<p><strong><em>Acompanhe a Capital S\/A na TV Bras\u00edlia todas as ter\u00e7as e quintas-feiras, 18h10 no JL ao vivo.<\/em><\/strong><\/p>\n<p><iframe loading=\"lazy\" title=\"ENTRA EM VIGOR LEI QUE AUMENTA PUNI\u00c7\u00c3O PARA FURTO DE CABOS | CAPITAL S\/A\" width=\"1440\" height=\"810\" src=\"https:\/\/www.youtube.com\/embed\/1bnM7-5oBiU?feature=oembed\" frameborder=\"0\" allow=\"accelerometer; autoplay; clipboard-write; encrypted-media; gyroscope; picture-in-picture; web-share\" referrerpolicy=\"strict-origin-when-cross-origin\" allowfullscreen><\/iframe><\/p>\n","protected":false},"excerpt":{"rendered":"<p>Coluna Capital S\/A de 04 de agosto\u00a0 Por Samanta Sallum\u00a0 Em 13 e 14 de agosto, o 37\u00ba Congresso Abrasel reunir\u00e1 l\u00edderes e especialistas do setor de alimenta\u00e7\u00e3o fora do lar para debater os principais desafios e oportunidades do mercado. Realizado presencialmente, em Bras\u00edlia, o evento ter\u00e1 transmiss\u00e3o on-line gratuita para todo o pa\u00eds. Promovido em parceria com o Mundo [&hellip;]<\/p>\n","protected":false},"author":125,"featured_media":20180,"comment_status":"open","ping_status":"open","sticky":false,"template":"","format":"standard","meta":{"footnotes":""},"categories":[6],"tags":[3107,712,3109,2200,3108,3110,3106,1723,1331,3056,2195,2363,336,3121,3116,3118,3119,3120,3117,3115,3114,3105,3113,858,1104,3104,3112,851,1286,3111,2320,3122,2926,326,1318,2702,2,3],"class_list":["post-20172","post","type-post","status-publish","format-standard","has-post-thumbnail","hentry","category-coluna-capital-s-a","tag-abbraccio","tag-abrasel","tag-alelo","tag-ambev","tag-aussie","tag-bat","tag-bloominbrands","tag-bndes","tag-caixa","tag-cnsaude","tag-cnseg","tag-coca-cola","tag-consumo","tag-febase","tag-feherj","tag-fehoesc","tag-fehoesg","tag-fehoesp","tag-fehospar","tag-fehosul","tag-fenaess","tag-heineken","tag-ibgc","tag-ifood","tag-inteligenciaartificial","tag-mundomesa","tag-niemeyer","tag-oscarniemeyer","tag-outback","tag-picpay","tag-representatividade","tag-spincycle","tag-stone","tag-sustentabilidade","tag-ticket","tag-tiktok","tag-empreendedorismo","tag-gastronomia"],"_links":{"self":[{"href":"https:\/\/blogs.correiobraziliense.com.br\/capital-sa\/wp-json\/wp\/v2\/posts\/20172","targetHints":{"allow":["GET"]}}],"collection":[{"href":"https:\/\/blogs.correiobraziliense.com.br\/capital-sa\/wp-json\/wp\/v2\/posts"}],"about":[{"href":"https:\/\/blogs.correiobraziliense.com.br\/capital-sa\/wp-json\/wp\/v2\/types\/post"}],"author":[{"embeddable":true,"href":"https:\/\/blogs.correiobraziliense.com.br\/capital-sa\/wp-json\/wp\/v2\/users\/125"}],"replies":[{"embeddable":true,"href":"https:\/\/blogs.correiobraziliense.com.br\/capital-sa\/wp-json\/wp\/v2\/comments?post=20172"}],"version-history":[{"count":13,"href":"https:\/\/blogs.correiobraziliense.com.br\/capital-sa\/wp-json\/wp\/v2\/posts\/20172\/revisions"}],"predecessor-version":[{"id":20214,"href":"https:\/\/blogs.correiobraziliense.com.br\/capital-sa\/wp-json\/wp\/v2\/posts\/20172\/revisions\/20214"}],"wp:featuredmedia":[{"embeddable":true,"href":"https:\/\/blogs.correiobraziliense.com.br\/capital-sa\/wp-json\/wp\/v2\/media\/20180"}],"wp:attachment":[{"href":"https:\/\/blogs.correiobraziliense.com.br\/capital-sa\/wp-json\/wp\/v2\/media?parent=20172"}],"wp:term":[{"taxonomy":"category","embeddable":true,"href":"https:\/\/blogs.correiobraziliense.com.br\/capital-sa\/wp-json\/wp\/v2\/categories?post=20172"},{"taxonomy":"post_tag","embeddable":true,"href":"https:\/\/blogs.correiobraziliense.com.br\/capital-sa\/wp-json\/wp\/v2\/tags?post=20172"}],"curies":[{"name":"wp","href":"https:\/\/api.w.org\/{rel}","templated":true}]}}