{"id":20159,"date":"2025-08-04T10:52:28","date_gmt":"2025-08-04T13:52:28","guid":{"rendered":"https:\/\/blogs.correiobraziliense.com.br\/capital-sa\/?p=20159"},"modified":"2025-08-04T15:26:15","modified_gmt":"2025-08-04T18:26:15","slug":"tarifaco-de-trump-atinge-90-das-exportacoes-do-df-para-os-eua","status":"publish","type":"post","link":"https:\/\/blogs.correiobraziliense.com.br\/capital-sa\/2025\/08\/04\/tarifaco-de-trump-atinge-90-das-exportacoes-do-df-para-os-eua\/","title":{"rendered":"Tarifa\u00e7o de Trump atinge 90% das exporta\u00e7\u00f5es do DF para os EUA"},"content":{"rendered":"<p><strong>\u00a0Por Samanta Sallum\u00a0<\/strong><\/p>\n<p>O Distrito Federal exportou um total de US$ 7,8 milh\u00f5es de d\u00f3lares em 2024 para o mercado norte-americano. Esse valor representa um crescimento de 21% em rela\u00e7\u00e3o ao ano anterior. Em 2024, os Estados Unidos apresentaram participa\u00e7\u00e3o de 3% do total exportado e ocuparam a 6\u00aa posi\u00e7\u00e3o entre os principais destinos das exporta\u00e7\u00f5es do Distrito Federal, atr\u00e1s de pa\u00edses como China, Ar\u00e1bia Saudita e Jap\u00e3o.<\/p>\n<p>A coluna apurou que 90,6% das exporta\u00e7\u00f5es do Distrito Federal para os Estados Unidos ser\u00e3o diretamente impactadas pelas novas tarifas. Os dados s\u00e3o da Centro Internacional de Neg\u00f3cios do DF, liderado pela Federa\u00e7\u00e3o das Industriais do DF (Fibra).<\/p>\n<p class=\"p1\">O maior interesse norte-americano \u00e9 por produtos de maior valor agregado provenientes da ind\u00fastria local. Diante disso, as exporta\u00e7\u00f5es do Distrito Federal para os Estados Unidos em 2024 foram impulsionadas principalmente por produtos industriais, com destaque para os setores de alimentos, qu\u00edmicos, vestu\u00e1rio e acess\u00f3rios e derivados de petr\u00f3leo.<\/p>\n<p class=\"p1\"><span class=\"s1\">Os principais itens exportados foram gorduras e \u00f3leos animais ou vegetais, que totalizaram US$ 2,97 milh\u00f5es. Em seguida, sobressai-se o segmento de alimentos industrializados, com \u201cmisturas e pastas, somando US$ 1,6 milh\u00f5es; e \u201coutros produtos de padaria\u201d.<span class=\"Apple-converted-space\"><br \/>\n<\/span><\/span><\/p>\n<p class=\"p1\"><span class=\"s1\">O setor t\u00eaxtil tamb\u00e9m apresentou desempenho relevante, especialmente com a exporta\u00e7\u00e3o de pe\u00e7as de vestu\u00e1rio em malha \u2014 como saias e saias-cal\u00e7as e camisas e blusas de uso feminino, que alcan\u00e7aram US$ 768 mil.<\/span><\/p>\n<p class=\"p1\"><strong><span class=\"s1\">Retra\u00e7\u00e3o em 2025\u00a0<\/span><\/strong><\/p>\n<p class=\"p1\">Entre\u00a0 os meses de janeiro a julho de 2025, as exporta\u00e7\u00f5es do Distrito Federal somaram US$ 4,1 milh\u00f5es. Em compara\u00e7\u00e3o com o mesmo per\u00edodo do ano anterior, esse valor representou um decr\u00e9scimo de -19%. A retra\u00e7\u00e3o nas exporta\u00e7\u00f5es refletiu o mesmo movimento observado nas vendas externas totais do Brasil. \u00a0Esse modelo de mercado apresentou uma varia\u00e7\u00e3o negativa de 12% no per\u00edodo em an\u00e1lise \u2014 passando de US$ 22 bilh\u00f5es no primeiro semestre de 2024 para US$ 20 bilh\u00f5es no mesmo intervalo de 2025.<\/p>\n<p class=\"p1\"><strong><span class=\"s1\">Segundo mercado fornecedor do DF<\/span><\/strong><\/p>\n<p class=\"p1\"><span class=\"s1\">Em 2024, o Distrito Federal importou um\u00a0<\/span>total de US$ 312,6 milh\u00f5es em produtos dos Estados Unidos, que se consolidaram como o segundo principal fornecedor para o mercado consumidor brasiliense, respondendo por 19% do total da regi\u00e3o. Entre os itens mais adquiridos destacam-se os f\u00e1rmacos e farmoqu\u00edmicos (US$ 233,8 milh\u00f5es), seguidos por produtos qu\u00edmicos (US$ 34 milh\u00f5es) e equipamentos de inform\u00e1tica e eletr\u00f4nicos (US$22 milh\u00f5es).<\/p>\n<p><strong><em>Acompanhe a Capital S\/A na TV Bras\u00edlia todas as ter\u00e7as e quintas-feiras, 18h10 no JL ao vivo.<\/em><\/strong><\/p>\n","protected":false},"excerpt":{"rendered":"<p>\u00a0Por Samanta Sallum\u00a0 O Distrito Federal exportou um total de US$ 7,8 milh\u00f5es de d\u00f3lares em 2024 para o mercado norte-americano. Esse valor representa um crescimento de 21% em rela\u00e7\u00e3o ao ano anterior. Em 2024, os Estados Unidos apresentaram participa\u00e7\u00e3o de 3% do total exportado e ocuparam a 6\u00aa posi\u00e7\u00e3o entre os principais destinos das exporta\u00e7\u00f5es do Distrito Federal, atr\u00e1s [&hellip;]<\/p>\n","protected":false},"author":125,"featured_media":20165,"comment_status":"open","ping_status":"open","sticky":false,"template":"","format":"standard","meta":{"footnotes":""},"categories":[6],"tags":[2703,276,518,203,3102,3099,642,1165,1626,2859,3103,71],"class_list":["post-20159","post","type-post","status-publish","format-standard","has-post-thumbnail","hentry","category-coluna-capital-s-a","tag-donaldtrump","tag-economia","tag-exportacao","tag-gdf","tag-guerracomercial","tag-guerratarifaria","tag-ibaneisrocha","tag-lula","tag-tarifa","tag-tarifaco","tag-tump","tag-fibra"],"_links":{"self":[{"href":"https:\/\/blogs.correiobraziliense.com.br\/capital-sa\/wp-json\/wp\/v2\/posts\/20159","targetHints":{"allow":["GET"]}}],"collection":[{"href":"https:\/\/blogs.correiobraziliense.com.br\/capital-sa\/wp-json\/wp\/v2\/posts"}],"about":[{"href":"https:\/\/blogs.correiobraziliense.com.br\/capital-sa\/wp-json\/wp\/v2\/types\/post"}],"author":[{"embeddable":true,"href":"https:\/\/blogs.correiobraziliense.com.br\/capital-sa\/wp-json\/wp\/v2\/users\/125"}],"replies":[{"embeddable":true,"href":"https:\/\/blogs.correiobraziliense.com.br\/capital-sa\/wp-json\/wp\/v2\/comments?post=20159"}],"version-history":[{"count":10,"href":"https:\/\/blogs.correiobraziliense.com.br\/capital-sa\/wp-json\/wp\/v2\/posts\/20159\/revisions"}],"predecessor-version":[{"id":20170,"href":"https:\/\/blogs.correiobraziliense.com.br\/capital-sa\/wp-json\/wp\/v2\/posts\/20159\/revisions\/20170"}],"wp:featuredmedia":[{"embeddable":true,"href":"https:\/\/blogs.correiobraziliense.com.br\/capital-sa\/wp-json\/wp\/v2\/media\/20165"}],"wp:attachment":[{"href":"https:\/\/blogs.correiobraziliense.com.br\/capital-sa\/wp-json\/wp\/v2\/media?parent=20159"}],"wp:term":[{"taxonomy":"category","embeddable":true,"href":"https:\/\/blogs.correiobraziliense.com.br\/capital-sa\/wp-json\/wp\/v2\/categories?post=20159"},{"taxonomy":"post_tag","embeddable":true,"href":"https:\/\/blogs.correiobraziliense.com.br\/capital-sa\/wp-json\/wp\/v2\/tags?post=20159"}],"curies":[{"name":"wp","href":"https:\/\/api.w.org\/{rel}","templated":true}]}}