{"id":20097,"date":"2025-07-30T16:00:30","date_gmt":"2025-07-30T19:00:30","guid":{"rendered":"https:\/\/blogs.correiobraziliense.com.br\/capital-sa\/?p=20097"},"modified":"2025-08-01T01:56:20","modified_gmt":"2025-08-01T04:56:20","slug":"tarifaco-abrasel-busca-apoio-das-empresas-americanas-de-fast-food","status":"publish","type":"post","link":"https:\/\/blogs.correiobraziliense.com.br\/capital-sa\/2025\/07\/30\/tarifaco-abrasel-busca-apoio-das-empresas-americanas-de-fast-food\/","title":{"rendered":"Tarifa\u00e7o: Abrasel busca apoio das empresas americanas de fast-food"},"content":{"rendered":"<p class=\"p1\"><em>Entidade brasileira procurou a National Restaurant Association para alertar que setor nos EUA tamb\u00e9m vai sofrer com o aumento de custo de insumos, como suco de laranja e carne<\/em><\/p>\n<p class=\"p1\"><strong><span class=\"s1\">Por Samanta Sallum <\/span><\/strong><\/p>\n<p class=\"p1\"><span class=\"s1\">\u00c0s v\u00e9speras do in\u00edcio de nova taxa que os EUA definiram para os produtos brasileiros, empres\u00e1rios aqui se mobilizam para enfrentar o problema. A coluna apurou que a Abrasel, entidade brasileira que representa esse setor que inclui bares e restaurantes, busca apoio internacional para ajudar a reverter a situa\u00e7\u00e3o. Entrou em contato com a entidade que tem o mesmo papel nos EUA. Pois o setor l\u00e1 enfrentar\u00e1 aumento nos custos de insumos como suco de laranja, pescados, carne, caf\u00e9 e frutas.<\/span><\/p>\n<p class=\"p1\"><span class=\"s1\">A Abrasel enviou, ontem, uma carta \u00e0 National Restaurant Association (NRA), pedindo apoio para que seja revista a medida do presidente Donald Trump de aplicar uma taxa\u00e7\u00e3o de 50% sobre as exporta\u00e7\u00f5es brasileiras. A NRA defende os interesses de milh\u00f5es de estabelecimentos norte-americanos e mant\u00e9m uma rela\u00e7\u00e3o pr\u00f3xima com a Abrasel.<\/span><\/p>\n<p class=\"p1\"><span class=\"s1\">&#8220;O setor de alimenta\u00e7\u00e3o fora do lar \u00e9 um elo direto entre os pa\u00edses, e medidas como essa colocam em risco n\u00e3o apenas neg\u00f3cios, mas tamb\u00e9m rela\u00e7\u00f5es constru\u00eddas com respeito e coopera\u00e7\u00e3o. \u00c9 hora de unir vozes em defesa do bom senso e da parceria comercial&#8221;, afirma Paulo Solmucci (foto), presidente da Abrasel.<\/span><\/p>\n<p><img loading=\"lazy\" decoding=\"async\" class=\"aligncenter size-medium wp-image-20101\" src=\"https:\/\/blogs.correiobraziliense.com.br\/capital-sa\/wp-content\/uploads\/sites\/59\/2025\/07\/IMG_8233-300x180.jpeg\" alt=\"\" width=\"300\" height=\"180\" srcset=\"https:\/\/blogs.correiobraziliense.com.br\/capital-sa\/wp-content\/uploads\/sites\/59\/2025\/07\/IMG_8233-300x180.jpeg 300w, https:\/\/blogs.correiobraziliense.com.br\/capital-sa\/wp-content\/uploads\/sites\/59\/2025\/07\/IMG_8233-768x461.jpeg 768w, https:\/\/blogs.correiobraziliense.com.br\/capital-sa\/wp-content\/uploads\/sites\/59\/2025\/07\/IMG_8233-1024x614.jpeg 1024w, https:\/\/blogs.correiobraziliense.com.br\/capital-sa\/wp-content\/uploads\/sites\/59\/2025\/07\/IMG_8233-800x480.jpeg 800w, https:\/\/blogs.correiobraziliense.com.br\/capital-sa\/wp-content\/uploads\/sites\/59\/2025\/07\/IMG_8233-550x330.jpeg 550w, https:\/\/blogs.correiobraziliense.com.br\/capital-sa\/wp-content\/uploads\/sites\/59\/2025\/07\/IMG_8233-230x138.jpeg 230w, https:\/\/blogs.correiobraziliense.com.br\/capital-sa\/wp-content\/uploads\/sites\/59\/2025\/07\/IMG_8233.jpeg 1200w\" sizes=\"auto, (max-width: 300px) 100vw, 300px\" \/><\/p>\n<p class=\"p1\"><span class=\"s1\">Tamb\u00e9m tem um outro lado importante de lembrar: que os brasileiros podem perder a receptividade e o gosto que t\u00eam pelas empresas norte-americanas estabelecidas no Brasil, especialmente do setor de alimenta\u00e7\u00e3o, daquelas marcas bem conhecidas que sempre encontraram no Brasil. Assim, tamb\u00e9m elas seriam afetadas economicamente pela medida.<\/span><\/p>\n<p class=\"p1\"><span class=\"s1\">Para a entidade, \u00e9 essencial que outras organiza\u00e7\u00f5es representativas de setores econ\u00f4micos brasileiros se mobilizem, somando for\u00e7as com empresas dos EUA que ser\u00e3o prejudicadas pela dificuldade de importar produtos do Brasil. A expectativa \u00e9 de que essa articula\u00e7\u00e3o contribua para sensibilizar o governo dos Estados Unidos e evitar uma taxa\u00e7\u00e3o considerada abusiva e injusta.<\/span><\/p>\n<p><strong><em>Acompanhe a Capital S\/A na TV Bras\u00edlia todas as ter\u00e7as e quintas-feiras, 18h30, no JL ao vivo.<\/em><\/strong><\/p>\n<p><iframe loading=\"lazy\" title=\"TARIFA\u00c7O: ABRASEL BUSCA APOIO DAS EMPRESAS AMERICANAS DE FAST-FOOD PARA SENSIBILIZAR GOVERNO DOS EUA\" width=\"1440\" height=\"810\" src=\"https:\/\/www.youtube.com\/embed\/NsLzk6D02pM?list=PLQ4vd9cZpWqsggflo87vUJd4VcYSuhMLc\" frameborder=\"0\" allow=\"accelerometer; autoplay; clipboard-write; encrypted-media; gyroscope; picture-in-picture; web-share\" referrerpolicy=\"strict-origin-when-cross-origin\" allowfullscreen><\/iframe><\/p>\n","protected":false},"excerpt":{"rendered":"<p>Entidade brasileira procurou a National Restaurant Association para alertar que setor nos EUA tamb\u00e9m vai sofrer com o aumento de custo de insumos, como suco de laranja e carne Por Samanta Sallum \u00c0s v\u00e9speras do in\u00edcio de nova taxa que os EUA definiram para os produtos brasileiros, empres\u00e1rios aqui se mobilizam para enfrentar o problema. A coluna apurou que a [&hellip;]<\/p>\n","protected":false},"author":125,"featured_media":20100,"comment_status":"open","ping_status":"open","sticky":false,"template":"","format":"standard","meta":{"footnotes":""},"categories":[6],"tags":[712,2703,276,518,2503,3099,1165,2424,3075,2859,2247,2860],"class_list":["post-20097","post","type-post","status-publish","format-standard","has-post-thumbnail","hentry","category-coluna-capital-s-a","tag-abrasel","tag-donaldtrump","tag-economia","tag-exportacao","tag-geraldoalckmin","tag-guerratarifaria","tag-lula","tag-paulosolmucci","tag-soberanianacional","tag-tarifaco","tag-taxacao","tag-trump"],"_links":{"self":[{"href":"https:\/\/blogs.correiobraziliense.com.br\/capital-sa\/wp-json\/wp\/v2\/posts\/20097","targetHints":{"allow":["GET"]}}],"collection":[{"href":"https:\/\/blogs.correiobraziliense.com.br\/capital-sa\/wp-json\/wp\/v2\/posts"}],"about":[{"href":"https:\/\/blogs.correiobraziliense.com.br\/capital-sa\/wp-json\/wp\/v2\/types\/post"}],"author":[{"embeddable":true,"href":"https:\/\/blogs.correiobraziliense.com.br\/capital-sa\/wp-json\/wp\/v2\/users\/125"}],"replies":[{"embeddable":true,"href":"https:\/\/blogs.correiobraziliense.com.br\/capital-sa\/wp-json\/wp\/v2\/comments?post=20097"}],"version-history":[{"count":8,"href":"https:\/\/blogs.correiobraziliense.com.br\/capital-sa\/wp-json\/wp\/v2\/posts\/20097\/revisions"}],"predecessor-version":[{"id":20158,"href":"https:\/\/blogs.correiobraziliense.com.br\/capital-sa\/wp-json\/wp\/v2\/posts\/20097\/revisions\/20158"}],"wp:featuredmedia":[{"embeddable":true,"href":"https:\/\/blogs.correiobraziliense.com.br\/capital-sa\/wp-json\/wp\/v2\/media\/20100"}],"wp:attachment":[{"href":"https:\/\/blogs.correiobraziliense.com.br\/capital-sa\/wp-json\/wp\/v2\/media?parent=20097"}],"wp:term":[{"taxonomy":"category","embeddable":true,"href":"https:\/\/blogs.correiobraziliense.com.br\/capital-sa\/wp-json\/wp\/v2\/categories?post=20097"},{"taxonomy":"post_tag","embeddable":true,"href":"https:\/\/blogs.correiobraziliense.com.br\/capital-sa\/wp-json\/wp\/v2\/tags?post=20097"}],"curies":[{"name":"wp","href":"https:\/\/api.w.org\/{rel}","templated":true}]}}