{"id":20081,"date":"2025-07-29T21:30:45","date_gmt":"2025-07-30T00:30:45","guid":{"rendered":"https:\/\/blogs.correiobraziliense.com.br\/capital-sa\/?p=20081"},"modified":"2025-07-30T07:52:29","modified_gmt":"2025-07-30T10:52:29","slug":"cnc-envia-a-receita-federal-propostas-para-simplificar-reforma-tributaria","status":"publish","type":"post","link":"https:\/\/blogs.correiobraziliense.com.br\/capital-sa\/2025\/07\/29\/cnc-envia-a-receita-federal-propostas-para-simplificar-reforma-tributaria\/","title":{"rendered":"CNC envia \u00e0 Receita Federal propostas para simplificar reforma tribut\u00e1ria"},"content":{"rendered":"<p><strong>Coluna Capital S\/A de 29 de julho\u00a0<\/strong><\/p>\n<p class=\"p1\"><strong>Por Samanta Sallum\u00a0<\/strong><\/p>\n<p class=\"p1\"><span class=\"s1\">Para evitar a sobrecarga operacional especialmente para as micro e pequenas empresas e setores mais sens\u00edveis, a Confedera\u00e7\u00e3o Nacional do Com\u00e9rcio de Bens, Servi\u00e7os e Turismo (CNC) entrou em contato com a Receita Federal. Foi encaminhado ao \u00f3rg\u00e3o e ao Comit\u00ea Gestor do Imposto sobre Bens e Servi\u00e7os (IBS)<span class=\"Apple-converted-space\">\u00a0<\/span>um conjunto de propostas para a regulamenta\u00e7\u00e3o da Lei Complementar n\u00ba 214\/2025, no \u00e2mbito da reforma tribut\u00e1ria sobre o consumo. Segundo a entidade, as sugest\u00f5es da entidade buscam eliminar as incertezas jur\u00eddicas, evitar a sobrecarga operacional e \u201cassegurar um ambiente tribut\u00e1rio mais equilibrado e previs\u00edvel, especialmente para as micro e pequenas empresas e os setores cujas particularidades merecem ser destacadas.\u201d<\/span><\/p>\n<p class=\"p1\"><span class=\"s1\">Fortalecimento da economia nacional<\/span><\/p>\n<p class=\"p1\"><span class=\"s1\">\u201cAo apresentar essas contribui\u00e7\u00f5es, a CNC busca colaborar para uma regulamenta\u00e7\u00e3o t\u00e9cnica, leg\u00edtima e voltada ao fortalecimento da economia nacional, reiterando seu compromisso institucional com a constru\u00e7\u00e3o de um sistema tribut\u00e1rio mais simples, justo e eficiente\u201d, argumenta o presidente do Sistema CNC-Sesc-Senac, Jos\u00e9 Roberto Tadros.<\/span><\/p>\n<p class=\"p1\"><span class=\"s1\">Propostas:\u00a0<\/span><\/p>\n<ul class=\"ul1\">\n<li class=\"li1\"><span class=\"s4\"> Simplicidade para o Simples Nacional<\/span><span class=\"s1\">: permitir apura\u00e7\u00e3o fora da guia \u00fanica e garantir compensa\u00e7\u00e3o de valores pagos.<\/span><\/li>\n<li class=\"li1\"><span class=\"s4\"> Documento fiscal eletr\u00f4nico unificado<\/span><span class=\"s1\">: com integra\u00e7\u00e3o automatizada e adapta\u00e7\u00e3o por setor.<\/span><\/li>\n<li class=\"li1\"><span class=\"s4\"> Prote\u00e7\u00e3o de dados nos programas de cidadania fiscal<\/span><span class=\"s1\">: com transpar\u00eancia nos crit\u00e9rios e di\u00e1logo com entidades.<\/span><\/li>\n<li class=\"li1\"><span class=\"s4\"> Regras claras para glosas na sa\u00fade e redu\u00e7\u00e3o de al\u00edquota para medicamentos essenciais<\/span><span class=\"s1\">.<\/span><\/li>\n<li class=\"li1\"><span class=\"s4\"> Reconhecimento de cr\u00e9ditos em projetos ambientais e incentivos \u00e0 economia verde<\/span><span class=\"s1\">.<\/span><\/li>\n<li class=\"li1\"><span class=\"s4\"> Unifica\u00e7\u00e3o de obriga\u00e7\u00f5es acess\u00f3rias e previsibilidade nas normas fiscais<\/span><span class=\"s1\">.<\/span><\/li>\n<li class=\"li1\"><span class=\"s4\"> Fortalecimento do di\u00e1logo institucional nos conv\u00eanios entre entes arrecadadores<\/span><span class=\"s1\">.<\/span><\/li>\n<li class=\"li1\"><span class=\"s4\"> Fiscaliza\u00e7\u00e3o orientadora e limites ao Regime Especial de Fiscaliza\u00e7\u00e3o (REF)<\/span><span class=\"s1\">.<\/span><\/li>\n<li class=\"li1\"><span class=\"s4\"> Seguran\u00e7a jur\u00eddica na compensa\u00e7\u00e3o de cr\u00e9ditos de PIS\/Cofins e benef\u00edcios extintos<\/span><span class=\"s1\">.<\/span><\/li>\n<li class=\"li1\"><span class=\"s4\"> Direito \u00e0 ampla defesa na apura\u00e7\u00e3o e regulariza\u00e7\u00e3o<\/span><\/li>\n<\/ul>\n<p class=\"p1\"><span class=\"s1\"><strong>Gestores da educa\u00e7\u00e3o privada se re\u00fanem em Bras\u00edlia com Cortella e Ricardo Amorim<\/strong><\/span><\/p>\n<p><img loading=\"lazy\" decoding=\"async\" class=\"aligncenter size-medium wp-image-20091\" src=\"https:\/\/blogs.correiobraziliense.com.br\/capital-sa\/wp-content\/uploads\/sites\/59\/2025\/07\/IMG_8229-300x243.jpeg\" alt=\"\" width=\"300\" height=\"243\" srcset=\"https:\/\/blogs.correiobraziliense.com.br\/capital-sa\/wp-content\/uploads\/sites\/59\/2025\/07\/IMG_8229-300x243.jpeg 300w, https:\/\/blogs.correiobraziliense.com.br\/capital-sa\/wp-content\/uploads\/sites\/59\/2025\/07\/IMG_8229-550x446.jpeg 550w, https:\/\/blogs.correiobraziliense.com.br\/capital-sa\/wp-content\/uploads\/sites\/59\/2025\/07\/IMG_8229-230x187.jpeg 230w, https:\/\/blogs.correiobraziliense.com.br\/capital-sa\/wp-content\/uploads\/sites\/59\/2025\/07\/IMG_8229.jpeg 615w\" sizes=\"auto, (max-width: 300px) 100vw, 300px\" \/><\/p>\n<p class=\"p1\"><span class=\"s1\">Bras\u00edlia receber\u00e1, no dia 4 de agosto, um dos maiores eventos da agenda educacional do Distrito Federal: o Semin\u00e1rio Gestores 2025, promovido pelo Sindicato dos Estabelecimentos Particulares de Ensino do DF (SINEPE\/DF). Com o tema &#8220;<\/span><span class=\"s1\">Conex\u00f5es de Sucesso: Economia, Supera\u00e7\u00e3o e Futuro&#8221;,\u00a0<\/span>o encontro reunir\u00e1 lideran\u00e7as escolares, especialistas em economia, filosofia, empreendedorismo e educa\u00e7\u00e3o para um dia de imers\u00e3o, reflex\u00e3o e atualiza\u00e7\u00e3o profissional. A programa\u00e7\u00e3o inclui nomes consagrados do pensamento contempor\u00e2neo, como o fil\u00f3sofo M\u00e1rio S\u00e9rgio Cortella, o economista Ricardo Amorim, o investidor Jo\u00e3o Kepler, a educadora Ilana Kreimer e o palestrante internacional Pedro Pimenta, conhecido por sua trajet\u00f3ria de supera\u00e7\u00e3o.<\/p>\n<p class=\"p1\"><span class=\"s1\">Gratuito e exclusivo <\/span><\/p>\n<p class=\"p1\"><span class=\"s1\">O evento ser\u00e1 realizado de forma presencial, das 8h \u00e0s 18h, no Vers\u00e1 Restaurante &amp; Eventos, no N\u00facleo Bandeirante, e \u00e9 gratuito e exclusivo para escolas filiadas ao sindicato. As inscri\u00e7\u00f5es j\u00e1 chegaram ao limite, por\u00e9m mais informa\u00e7\u00f5es podem ser encontradas\u00a0<\/span><span class=\"s1\">no site www.sinepe-df.org.<\/span><\/p>\n<p class=\"p1\"><span class=\"s1\">Acolher, inovar e gerir <\/span><\/p>\n<p class=\"p1\"><span class=\"s1\">\u201cNum cen\u00e1rio em que a escola precisa acolher, inovar e gerir com efici\u00eancia, reunimos nomes que ampliam a vis\u00e3o de mundo e fortalecem o papel transformador da educa\u00e7\u00e3o\u201d, destaca a presidente do SINEPE\/DF, Ana Elisa Dumont.<\/span><\/p>\n<p class=\"p1\"><strong><span class=\"s1\">Capital Moto Week apoia moda com inclus\u00e3o social<\/span><\/strong><\/p>\n<p><img loading=\"lazy\" decoding=\"async\" class=\"aligncenter size-medium wp-image-20089\" src=\"https:\/\/blogs.correiobraziliense.com.br\/capital-sa\/wp-content\/uploads\/sites\/59\/2025\/07\/IMG_8228-226x300.jpeg\" alt=\"\" width=\"226\" height=\"300\" srcset=\"https:\/\/blogs.correiobraziliense.com.br\/capital-sa\/wp-content\/uploads\/sites\/59\/2025\/07\/IMG_8228-226x300.jpeg 226w, https:\/\/blogs.correiobraziliense.com.br\/capital-sa\/wp-content\/uploads\/sites\/59\/2025\/07\/IMG_8228-768x1018.jpeg 768w, https:\/\/blogs.correiobraziliense.com.br\/capital-sa\/wp-content\/uploads\/sites\/59\/2025\/07\/IMG_8228-773x1024.jpeg 773w, https:\/\/blogs.correiobraziliense.com.br\/capital-sa\/wp-content\/uploads\/sites\/59\/2025\/07\/IMG_8228-800x1060.jpeg 800w, https:\/\/blogs.correiobraziliense.com.br\/capital-sa\/wp-content\/uploads\/sites\/59\/2025\/07\/IMG_8228-550x729.jpeg 550w, https:\/\/blogs.correiobraziliense.com.br\/capital-sa\/wp-content\/uploads\/sites\/59\/2025\/07\/IMG_8228-230x305.jpeg 230w, https:\/\/blogs.correiobraziliense.com.br\/capital-sa\/wp-content\/uploads\/sites\/59\/2025\/07\/IMG_8228.jpeg 1152w\" sizes=\"auto, (max-width: 226px) 100vw, 226px\" \/><\/p>\n<p class=\"p1\"><span class=\"s1\">A Federa\u00e7\u00e3o Habitacional do Sol Nascente (Ceil\u00e2ndia) est\u00e1 participando do Capital Moto Week. A entidade capacita 330 mulheres em situa\u00e7\u00e3o de vulnerabilidade por m\u00eas.<\/span><\/p>\n<p class=\"p1\"><span class=\"s1\">E parte da produ\u00e7\u00e3o delas em acess\u00f3rios e roupas foi apresentada em desfile no espa\u00e7o Lady Bikers, que se tornou uma vitrine do empreendedorismo feminino no festival. A presidente da entidade, Edilamar Silva (foto), esteve \u00e0 frente do desfile de moda sustent\u00e1vel foi assinado pela FEHSOLINA.<span class=\"Apple-converted-space\"><br \/>\n<\/span><\/span><\/p>\n<p class=\"p1\"><span class=\"s1\">As pe\u00e7as podem ser adquiridas no site: www.fehsolna.com. O desfile contou com a presen\u00e7a especial de Ju Jacinto, CEO da Capital Moto Week. As pe\u00e7as, assinadas pelo estilista C\u00e9sar Correia, s\u00e3o feitas feitas no couro ecol\u00f3gico e jeans.\u00a0<\/span><\/p>\n<p class=\"p1\"><span class=\"s1\"><strong><em>Acompanhe a Capital S\/A na TV Bras\u00edlia todas as ter\u00e7as e quintas-feiras, 18h30, no JL ao vivo.<\/em><\/strong><\/span><\/p>\n<p>&nbsp;<\/p>\n","protected":false},"excerpt":{"rendered":"<p>Coluna Capital S\/A de 29 de julho\u00a0 Por Samanta Sallum\u00a0 Para evitar a sobrecarga operacional especialmente para as micro e pequenas empresas e setores mais sens\u00edveis, a Confedera\u00e7\u00e3o Nacional do Com\u00e9rcio de Bens, Servi\u00e7os e Turismo (CNC) entrou em contato com a Receita Federal. Foi encaminhado ao \u00f3rg\u00e3o e ao Comit\u00ea Gestor do Imposto sobre Bens e Servi\u00e7os (IBS)\u00a0um conjunto [&hellip;]<\/p>\n","protected":false},"author":125,"featured_media":20086,"comment_status":"open","ping_status":"open","sticky":false,"template":"","format":"standard","meta":{"footnotes":""},"categories":[1],"tags":[1337,275,3096,276,307,1295,629,3097,2160,2414,3098],"class_list":["post-20081","post","type-post","status-publish","format-standard","has-post-thumbnail","hentry","category-sem-categoria","tag-capitalmotoweek","tag-cnc","tag-cortella","tag-economia","tag-joserobertotadros","tag-receitafederal","tag-reformatributaria","tag-ricardoamorim","tag-senac-df","tag-sesc-df","tag-sinepe-df"],"_links":{"self":[{"href":"https:\/\/blogs.correiobraziliense.com.br\/capital-sa\/wp-json\/wp\/v2\/posts\/20081","targetHints":{"allow":["GET"]}}],"collection":[{"href":"https:\/\/blogs.correiobraziliense.com.br\/capital-sa\/wp-json\/wp\/v2\/posts"}],"about":[{"href":"https:\/\/blogs.correiobraziliense.com.br\/capital-sa\/wp-json\/wp\/v2\/types\/post"}],"author":[{"embeddable":true,"href":"https:\/\/blogs.correiobraziliense.com.br\/capital-sa\/wp-json\/wp\/v2\/users\/125"}],"replies":[{"embeddable":true,"href":"https:\/\/blogs.correiobraziliense.com.br\/capital-sa\/wp-json\/wp\/v2\/comments?post=20081"}],"version-history":[{"count":11,"href":"https:\/\/blogs.correiobraziliense.com.br\/capital-sa\/wp-json\/wp\/v2\/posts\/20081\/revisions"}],"predecessor-version":[{"id":20096,"href":"https:\/\/blogs.correiobraziliense.com.br\/capital-sa\/wp-json\/wp\/v2\/posts\/20081\/revisions\/20096"}],"wp:featuredmedia":[{"embeddable":true,"href":"https:\/\/blogs.correiobraziliense.com.br\/capital-sa\/wp-json\/wp\/v2\/media\/20086"}],"wp:attachment":[{"href":"https:\/\/blogs.correiobraziliense.com.br\/capital-sa\/wp-json\/wp\/v2\/media?parent=20081"}],"wp:term":[{"taxonomy":"category","embeddable":true,"href":"https:\/\/blogs.correiobraziliense.com.br\/capital-sa\/wp-json\/wp\/v2\/categories?post=20081"},{"taxonomy":"post_tag","embeddable":true,"href":"https:\/\/blogs.correiobraziliense.com.br\/capital-sa\/wp-json\/wp\/v2\/tags?post=20081"}],"curies":[{"name":"wp","href":"https:\/\/api.w.org\/{rel}","templated":true}]}}