{"id":20032,"date":"2025-07-24T15:52:16","date_gmt":"2025-07-24T18:52:16","guid":{"rendered":"https:\/\/blogs.correiobraziliense.com.br\/capital-sa\/?p=20032"},"modified":"2025-07-28T13:52:33","modified_gmt":"2025-07-28T16:52:33","slug":"evento-transformar-juntos-abre-caminho-para-mais-fomento-aos-pequenos-negocios","status":"publish","type":"post","link":"https:\/\/blogs.correiobraziliense.com.br\/capital-sa\/2025\/07\/24\/evento-transformar-juntos-abre-caminho-para-mais-fomento-aos-pequenos-negocios\/","title":{"rendered":"\u201cTransformar Juntos\u201d abre caminho para mais fomento aos pequenos neg\u00f3cios"},"content":{"rendered":"<p style=\"padding-left: 30px\"><strong>Coluna Capital S\/A de 24 de julho\u00a0<\/strong><\/p>\n<p class=\"p1\"><strong>Por Samanta Sallum<\/strong><\/p>\n<p class=\"p1\"><span class=\"s1\">Bras\u00edlia est\u00e1 sediando o \u201cTransformar Juntos 2025\u201d, um evento do Sebrae gratuito e aberto ao p\u00fablico, que est\u00e1 debatendo o desenvolvimento territorial, sustentabilidade e inova\u00e7\u00e3o. Com 70 atividades programadas que come\u00e7aram ontem e se estendem at\u00e9 amanh\u00e3, no Royal Tulip, o encontro \u00e9 voltado principalmente para agentes de desenvolvimento, gestores p\u00fablicos e atores de prefeituras e governos estaduais, mas qualquer interessado pode se inscrever pelo site do evento. <\/span><\/p>\n<p class=\"p1\"><strong><span class=\"s1\">Associativismo e moeda social <\/span><\/strong><\/p>\n<p class=\"p1\"><span class=\"s1\">Entre os temas abordados, est\u00e3o associativismo, bancos comunit\u00e1rios e moedas sociais. A sustentabilidade \u00e9 o pilar central, com discuss\u00f5es sobre transi\u00e7\u00e3o energ\u00e9tica justa, resili\u00eancia clim\u00e1tica e cidades inteligentes. O empreendedorismo como pol\u00edtica de governo tamb\u00e9m \u00e9<span class=\"Apple-converted-space\">\u00a0 <\/span>destaque, refor\u00e7ando a import\u00e2ncia da iniciativa privada no desenvolvimento local.<\/span><\/p>\n<p class=\"p1\"><strong><span class=\"s1\">Comunidades quilombolas <\/span><\/strong><\/p>\n<p class=\"p1\"><span class=\"s1\">Entre os palestrantes confirmados, o evento contar\u00e1 com a presen\u00e7a de Leandro Grass, presidente do Iphan, que abordar\u00e1 o tombamento de comunidades quilombolas e sua prote\u00e7\u00e3o legal. <\/span><\/p>\n<p><img loading=\"lazy\" decoding=\"async\" class=\"aligncenter size-medium wp-image-20041\" src=\"https:\/\/blogs.correiobraziliense.com.br\/capital-sa\/wp-content\/uploads\/sites\/59\/2025\/07\/IMG_8037-300x169.jpeg\" alt=\"\" width=\"300\" height=\"169\" srcset=\"https:\/\/blogs.correiobraziliense.com.br\/capital-sa\/wp-content\/uploads\/sites\/59\/2025\/07\/IMG_8037-300x169.jpeg 300w, https:\/\/blogs.correiobraziliense.com.br\/capital-sa\/wp-content\/uploads\/sites\/59\/2025\/07\/IMG_8037-768x433.jpeg 768w, https:\/\/blogs.correiobraziliense.com.br\/capital-sa\/wp-content\/uploads\/sites\/59\/2025\/07\/IMG_8037-1024x577.jpeg 1024w, https:\/\/blogs.correiobraziliense.com.br\/capital-sa\/wp-content\/uploads\/sites\/59\/2025\/07\/IMG_8037-800x451.jpeg 800w, https:\/\/blogs.correiobraziliense.com.br\/capital-sa\/wp-content\/uploads\/sites\/59\/2025\/07\/IMG_8037-550x310.jpeg 550w, https:\/\/blogs.correiobraziliense.com.br\/capital-sa\/wp-content\/uploads\/sites\/59\/2025\/07\/IMG_8037-230x130.jpeg 230w, https:\/\/blogs.correiobraziliense.com.br\/capital-sa\/wp-content\/uploads\/sites\/59\/2025\/07\/IMG_8037.jpeg 1170w\" sizes=\"auto, (max-width: 300px) 100vw, 300px\" \/><\/p>\n<p class=\"p1\"><strong><span class=\"s1\"><br \/>\nEmp\u00f3rio de expositores regionais <\/span><\/strong><\/p>\n<p class=\"p1\"><span class=\"s1\">Uma novidade desta edi\u00e7\u00e3o \u00e9 o emp\u00f3rio de expositores, que trar\u00e1 produtos com indica\u00e7\u00e3o geogr\u00e1fica de diversas regi\u00f5es do Brasil. Os visitantes ter\u00e3o a oportunidade de conhecer e adquirir esses produtos durante os tr\u00eas dias do evento, valorizando a produ\u00e7\u00e3o local e a riqueza cultural\u00a0do\u00a0pa\u00eds.<\/span><\/p>\n<p class=\"p1\"><strong><span class=\"s1\">Participa\u00e7\u00e3o do ministro do Turismo<\/span><\/strong><\/p>\n<p>O ministro do Turismo, Celso Sabino, durante participa\u00e7\u00e3o no Transformar Juntos, destacou que o pa\u00eds j\u00e1 re\u00fane um amplo conjunto de experi\u00eancias com ecoturismo sustent\u00e1vel e turismo de base comunit\u00e1ria, consolidando sua posi\u00e7\u00e3o como refer\u00eancia internacional no setor, com apoio do Sebrae.<\/p>\n<p><img loading=\"lazy\" decoding=\"async\" class=\"aligncenter size-medium wp-image-20039\" src=\"https:\/\/blogs.correiobraziliense.com.br\/capital-sa\/wp-content\/uploads\/sites\/59\/2025\/07\/2e292c5d-2560-45cd-9ea9-6d0724827319-300x200.jpeg\" alt=\"\" width=\"300\" height=\"200\" srcset=\"https:\/\/blogs.correiobraziliense.com.br\/capital-sa\/wp-content\/uploads\/sites\/59\/2025\/07\/2e292c5d-2560-45cd-9ea9-6d0724827319-300x200.jpeg 300w, https:\/\/blogs.correiobraziliense.com.br\/capital-sa\/wp-content\/uploads\/sites\/59\/2025\/07\/2e292c5d-2560-45cd-9ea9-6d0724827319-768x512.jpeg 768w, https:\/\/blogs.correiobraziliense.com.br\/capital-sa\/wp-content\/uploads\/sites\/59\/2025\/07\/2e292c5d-2560-45cd-9ea9-6d0724827319-1024x682.jpeg 1024w, https:\/\/blogs.correiobraziliense.com.br\/capital-sa\/wp-content\/uploads\/sites\/59\/2025\/07\/2e292c5d-2560-45cd-9ea9-6d0724827319-800x533.jpeg 800w, https:\/\/blogs.correiobraziliense.com.br\/capital-sa\/wp-content\/uploads\/sites\/59\/2025\/07\/2e292c5d-2560-45cd-9ea9-6d0724827319-550x367.jpeg 550w, https:\/\/blogs.correiobraziliense.com.br\/capital-sa\/wp-content\/uploads\/sites\/59\/2025\/07\/2e292c5d-2560-45cd-9ea9-6d0724827319-230x153.jpeg 230w, https:\/\/blogs.correiobraziliense.com.br\/capital-sa\/wp-content\/uploads\/sites\/59\/2025\/07\/2e292c5d-2560-45cd-9ea9-6d0724827319.jpeg 1280w\" sizes=\"auto, (max-width: 300px) 100vw, 300px\" \/><\/p>\n<p class=\"p1\"><span class=\"s1\">\u201cTransformar Juntos \u00e9 uma express\u00e3o daquilo que podemos definir como um estado social. Quanto mais abelha, mais mel. Reunimos gestores que possam incluir a pequena economia no mercado\u201d, afirmou o presidente do Sebrae, D\u00e9cio Lima. <\/span><\/p>\n<p class=\"p1\"><strong><span class=\"s1\">Tarifa de 50% dos EUA imp\u00f5e cen\u00e1rio de infla\u00e7\u00e3o alta e cr\u00e9dito apertado<\/span><\/strong><\/p>\n<p class=\"p1\"><span class=\"s1\">O quadro ficou mais nebuloso depois de 9 de julho, quando Washington anunciou uma tarifa de 50% sobre produtos brasileiros. O d\u00f3lar se valorizou de imediato, encarecendo insumos e devendo aparecer gradualmente nos pre\u00e7os ao consumidor ao longo do segundo semestre. A combina\u00e7\u00e3o de real mais fraco, servi\u00e7os ainda pressionados e energia el\u00e9trica em alta \u2014 a conta de luz subiu 2,96% em junho, puxando o grupo habita\u00e7\u00e3o para 0,98% \u2014 mant\u00e9m o poder de compra apertado e limita espa\u00e7o para uma recupera\u00e7\u00e3o mais firme do consumo.<\/span><\/p>\n<p class=\"p1\"><span class=\"s1\">Diante desse ambiente, a Confedera\u00e7\u00e3o Nacional do Com\u00e9rcio de Bens, Servi\u00e7os e Turismo preserva suas proje\u00e7\u00f5es para o IPCA, que deve<span class=\"Apple-converted-space\">\u00a0<\/span>encerrar 2025 em 4,4%, acima do centro da meta.<\/span><\/p>\n<p class=\"p1\"><strong><span class=\"s1\">Renda real comprimida <\/span><\/strong><\/p>\n<p class=\"p1\"><span class=\"s1\">O Banco Central n\u00e3o encontrar\u00e1 espa\u00e7o seguro para cortes enquanto os n\u00facleos de infla\u00e7\u00e3o n\u00e3o cederem de forma consistente. Segundo a CNC, mesmo que parte da produ\u00e7\u00e3o que seria exportada para os EUA volte-se ao mercado interno, a renda real comprimida, o cr\u00e9dito caro e os servi\u00e7os com custo elevado persistente comp\u00f5em um cen\u00e1rio que segue exigindo cautela do setor terci\u00e1rio.<\/span><\/p>\n<p class=\"p1\"><strong><span class=\"s1\">Para economista, Brasil pode exportar\u00a0<\/span><\/strong><strong><span class=\"s1\">know how em enfrentamento de crise econ\u00f4mica\u00a0<\/span><\/strong><\/p>\n<p class=\"p1\"><span class=\"s1\">\u201cOs EUA s\u00e3o uma pot\u00eancia em decad\u00eancia e n\u00e3o<span class=\"Apple-converted-space\">\u00a0<\/span>est\u00e3o sabendo administrar isso. Trump \u00e9 um eg\u00f3latra. E a melhor forma de lidar com ele<span class=\"Apple-converted-space\">\u00a0<\/span>\u00e9 ignorar. N\u00e3o vale a pena o Brasil retaliar comercialmente e intensificar a escalada de tarifas. O Brasil tem outras sa\u00eddas para se resolver e amenizar os impactos. O pa\u00eds se saiu bem na crise internacional de 2008 e na crise mundial da pandemia de covid-19. Temos instrumentos para enfrentar a situa\u00e7\u00e3o de agora\u201d, disse o professor do Departamento de Economia da UnB Jos\u00e9 Lu\u00eds Oreiro, em entrevista ao CB Poder, ontem.<\/span><\/p>\n<p><strong><em>Acompanhe a Capital S\/A na TV Bras\u00edlia todas as ter\u00e7as e quintas-feiras, 18h30, no JL ao vivo.<\/em><\/strong><\/p>\n<p><iframe loading=\"lazy\" width=\"1440\" height=\"810\" src=\"https:\/\/www.youtube.com\/embed\/c6kUM--sScI?list=PLQ4vd9cZpWqsggflo87vUJd4VcYSuhMLc\" frameborder=\"0\" allow=\"accelerometer; autoplay; clipboard-write; encrypted-media; gyroscope; picture-in-picture; web-share\" referrerpolicy=\"strict-origin-when-cross-origin\" allowfullscreen><\/iframe><\/p>\n","protected":false},"excerpt":{"rendered":"<p>Coluna Capital S\/A de 24 de julho\u00a0 Por Samanta Sallum Bras\u00edlia est\u00e1 sediando o \u201cTransformar Juntos 2025\u201d, um evento do Sebrae gratuito e aberto ao p\u00fablico, que est\u00e1 debatendo o desenvolvimento territorial, sustentabilidade e inova\u00e7\u00e3o. Com 70 atividades programadas que come\u00e7aram ontem e se estendem at\u00e9 amanh\u00e3, no Royal Tulip, o encontro \u00e9 voltado principalmente para agentes de desenvolvimento, gestores [&hellip;]<\/p>\n","protected":false},"author":125,"featured_media":20038,"comment_status":"open","ping_status":"open","sticky":false,"template":"","format":"standard","meta":{"footnotes":""},"categories":[6],"tags":[2662,574,962,276,2731,351,566,1428,3087,326,2859,2860,333,64,37],"class_list":["post-20032","post","type-post","status-publish","format-standard","has-post-thumbnail","hentry","category-coluna-capital-s-a","tag-celsosabino","tag-cultura","tag-desenvolvimento","tag-economia","tag-empreendorismo","tag-inovacao","tag-iphan","tag-leandrograss","tag-quilombola","tag-sustentabilidade","tag-tarifaco","tag-trump","tag-turismo","tag-cni","tag-sebrae-df"],"_links":{"self":[{"href":"https:\/\/blogs.correiobraziliense.com.br\/capital-sa\/wp-json\/wp\/v2\/posts\/20032","targetHints":{"allow":["GET"]}}],"collection":[{"href":"https:\/\/blogs.correiobraziliense.com.br\/capital-sa\/wp-json\/wp\/v2\/posts"}],"about":[{"href":"https:\/\/blogs.correiobraziliense.com.br\/capital-sa\/wp-json\/wp\/v2\/types\/post"}],"author":[{"embeddable":true,"href":"https:\/\/blogs.correiobraziliense.com.br\/capital-sa\/wp-json\/wp\/v2\/users\/125"}],"replies":[{"embeddable":true,"href":"https:\/\/blogs.correiobraziliense.com.br\/capital-sa\/wp-json\/wp\/v2\/comments?post=20032"}],"version-history":[{"count":13,"href":"https:\/\/blogs.correiobraziliense.com.br\/capital-sa\/wp-json\/wp\/v2\/posts\/20032\/revisions"}],"predecessor-version":[{"id":20063,"href":"https:\/\/blogs.correiobraziliense.com.br\/capital-sa\/wp-json\/wp\/v2\/posts\/20032\/revisions\/20063"}],"wp:featuredmedia":[{"embeddable":true,"href":"https:\/\/blogs.correiobraziliense.com.br\/capital-sa\/wp-json\/wp\/v2\/media\/20038"}],"wp:attachment":[{"href":"https:\/\/blogs.correiobraziliense.com.br\/capital-sa\/wp-json\/wp\/v2\/media?parent=20032"}],"wp:term":[{"taxonomy":"category","embeddable":true,"href":"https:\/\/blogs.correiobraziliense.com.br\/capital-sa\/wp-json\/wp\/v2\/categories?post=20032"},{"taxonomy":"post_tag","embeddable":true,"href":"https:\/\/blogs.correiobraziliense.com.br\/capital-sa\/wp-json\/wp\/v2\/tags?post=20032"}],"curies":[{"name":"wp","href":"https:\/\/api.w.org\/{rel}","templated":true}]}}