{"id":19997,"date":"2025-07-21T22:23:02","date_gmt":"2025-07-22T01:23:02","guid":{"rendered":"https:\/\/blogs.correiobraziliense.com.br\/capital-sa\/?p=19997"},"modified":"2025-07-22T22:13:04","modified_gmt":"2025-07-23T01:13:04","slug":"comerciante-brasileiro-da-sinais-de-exaustao-afirma-unecs","status":"publish","type":"post","link":"https:\/\/blogs.correiobraziliense.com.br\/capital-sa\/2025\/07\/21\/comerciante-brasileiro-da-sinais-de-exaustao-afirma-unecs\/","title":{"rendered":"\u201cComerciante brasileiro d\u00e1 sinais de exaust\u00e3o\u201d, afirma Unecs"},"content":{"rendered":"<p class=\"p1\"><em><span class=\"s1\">\u00a0 \u00a0 \u201cA ci\u00eancia \u00e9 o grande ant\u00eddoto para o veneno do entusiasmo e da supersti\u00e7\u00e3o.\u201d Adam Smith\u00a0<\/span><\/em><\/p>\n<p><strong>Coluna Capital S\/A\u00a0<\/strong><\/p>\n<p class=\"p1\"><strong><span class=\"s1\">Por Samanta Sallum\u00a0<\/span><\/strong><\/p>\n<p class=\"p1\"><span class=\"s1\">Mais uma onda de rea\u00e7\u00f5es de descontentamento foi provocada pela decis\u00e3o do STF de validar o aumento do IOF. A Uni\u00e3o Nacional de Entidades do Com\u00e9rcio e Servi\u00e7os (Unecs) se manifestou alarmada com a decis\u00e3o do ministro Alexandre de Moraes.<span class=\"Apple-converted-space\">\u00a0<\/span><\/span>O manifesto alcan\u00e7a um tom dram\u00e1tico para expressar a preocupa\u00e7\u00e3o do setor com o atual cen\u00e1rio do pa\u00eds.<\/p>\n<p class=\"p1\"><span class=\"s1\">\u201c\u00c9 preciso lembrar que o comerciante brasileiro, historicamente resiliente e adapt\u00e1vel, come\u00e7a a demonstrar sinais de exaust\u00e3o diante do atual clima pol\u00edtico, jur\u00eddico e econ\u00f4mico\u201d, afirma a entidade.<\/span><\/p>\n<p>O bloco que re\u00fane CNDL, Abad, Abras, Abrasel, entre outros, reclama que a medida, al\u00e9m de representar aumento direto no custo da tomada de cr\u00e9dito \u2014 essencial para a atividade empresarial \u2014, imp\u00f5e eleva\u00e7\u00e3o da taxa bruta de financiamento, composta pelo juro b\u00e1sico, risco e tributa\u00e7\u00e3o.<\/p>\n<p>\u201cEsse acr\u00e9scimo representa um obst\u00e1culo concreto ao capital produtivo, especialmente no varejo e no setor de servi\u00e7os, os maiores geradores de emprego do pa\u00eds\u201d, destacou Leonardo Miguel Severini, presidente da Unecs.<\/p>\n<p class=\"p1\"><em><span class=\"s1\">Concorr\u00eancia de marketplaces estrangeiros e das Bets <\/span><\/em><\/p>\n<p class=\"p1\">A Unecs diz ainda que o setor enfrenta s\u00e9rias amea\u00e7as competitivas. \u201cEnfrentamos a atua\u00e7\u00e3o predat\u00f3ria de marketplaces estrangeiros e a crescente fuga de recursos para apostas online \u2014, que drenam o poder de consumo da popula\u00e7\u00e3o. Estamos perigosamente pr\u00f3ximos de um ponto de inflex\u00e3o. O pa\u00eds precisa urgentemente repensar sua estrat\u00e9gia de desenvolvimento econ\u00f4mico\u201d, frisa Severini.<\/p>\n<p class=\"p1\"><strong><span class=\"s1\">Na contram\u00e3o do mercado segurador <\/span><\/strong><\/p>\n<p class=\"p1\"><span class=\"s1\">A Confedera\u00e7\u00e3o Nacional das Seguradoras e a Federa\u00e7\u00e3o Nacional de Previd\u00eancia Privada e Vida engrossaram o coro. Reiteraram a discord\u00e2ncia com o decreto presidencial que cria a cobran\u00e7a de IOF nos planos de seguros de vida com cobertura por sobreviv\u00eancia (VGBL).<\/span><\/p>\n<p class=\"p1\"><span class=\"s1\"> Ser\u00e1 cobrado IOF de 5% sobre o valor nominal dos dep\u00f3sitos acima de R$ 300 mil neste ano. \u201cIsso, al\u00e9m de criar assimetria no produto, est\u00e1 na contram\u00e3o das a\u00e7\u00f5es do mercado segurador de estimular a poupan\u00e7a de longo prazo, cada vez mais necess\u00e1ria no cen\u00e1rio de envelhecimento da popula\u00e7\u00e3o\u00a0<\/span><\/p>\n<p class=\"p1\"><span class=\"s1\"><strong>Tequila<\/strong><\/span><strong><span class=\"s1\">\u00a0de luxo Clase Azul chega a Bras\u00edlia\u00a0<\/span><\/strong><\/p>\n<p class=\"p1\"><span class=\"s1\"><img loading=\"lazy\" decoding=\"async\" class=\"aligncenter size-medium wp-image-20012\" src=\"https:\/\/blogs.correiobraziliense.com.br\/capital-sa\/wp-content\/uploads\/sites\/59\/2025\/07\/1f8922b8-801d-4253-a282-ca7767fa60f5-300x200.jpeg\" alt=\"\" width=\"300\" height=\"200\" srcset=\"https:\/\/blogs.correiobraziliense.com.br\/capital-sa\/wp-content\/uploads\/sites\/59\/2025\/07\/1f8922b8-801d-4253-a282-ca7767fa60f5-300x200.jpeg 300w, https:\/\/blogs.correiobraziliense.com.br\/capital-sa\/wp-content\/uploads\/sites\/59\/2025\/07\/1f8922b8-801d-4253-a282-ca7767fa60f5-768x512.jpeg 768w, https:\/\/blogs.correiobraziliense.com.br\/capital-sa\/wp-content\/uploads\/sites\/59\/2025\/07\/1f8922b8-801d-4253-a282-ca7767fa60f5-1024x682.jpeg 1024w, https:\/\/blogs.correiobraziliense.com.br\/capital-sa\/wp-content\/uploads\/sites\/59\/2025\/07\/1f8922b8-801d-4253-a282-ca7767fa60f5-800x533.jpeg 800w, https:\/\/blogs.correiobraziliense.com.br\/capital-sa\/wp-content\/uploads\/sites\/59\/2025\/07\/1f8922b8-801d-4253-a282-ca7767fa60f5-550x367.jpeg 550w, https:\/\/blogs.correiobraziliense.com.br\/capital-sa\/wp-content\/uploads\/sites\/59\/2025\/07\/1f8922b8-801d-4253-a282-ca7767fa60f5-230x153.jpeg 230w, https:\/\/blogs.correiobraziliense.com.br\/capital-sa\/wp-content\/uploads\/sites\/59\/2025\/07\/1f8922b8-801d-4253-a282-ca7767fa60f5.jpeg 1280w\" sizes=\"auto, (max-width: 300px) 100vw, 300px\" \/><\/span><\/p>\n<p>A tequila mexicana Clase Azul, conhecida mundialmente no mercado de alto luxo, foi apresentada oficialmente em Bras\u00edlia em evento para convidados no restaurante Piselli. Com distribui\u00e7\u00e3o da Berkmann Brasil, a marca chega \u00e0 capital como parte da estrat\u00e9gia seletiva de expans\u00e3o nacional. Presente em cerca de 60 pontos de venda no pa\u00eds, a Clase Azul j\u00e1 marca presen\u00e7a no Copacabana Palace, Fasano e Grand Hyatt, al\u00e9m de restaurantes como D.O.M. e Gero. Agora, a aposta \u00e9 no sofisticado p\u00fablico de Bras\u00edlia.<\/p>\n<p class=\"p1\"><em><span class=\"s1\">Valiosas como joias <\/span><\/em><\/p>\n<p class=\"p1\"><span class=\"s1\">\u201cNosso objetivo n\u00e3o \u00e9 estar em todos os lugares, mas nos lugares certos, onde a experi\u00eancia e o valor da marca realmente sejam compreendidos e celebrados\u201d, afirma Paulo Bruno Cordeiro, CEO da Berkmann Brasil. A ocasi\u00e3o contou com degusta\u00e7\u00e3o de r\u00f3tulos como Classe Azul Plata e Reposado, al\u00e9m de drinks autorais e presen\u00e7a de executivos globais da marca. Cada decanter \u00e9 produzido artesanalmente, com t\u00e9cnicas que podem levar at\u00e9 11 anos para serem conclu\u00eddas. Os pre\u00e7os se equiparam ao de joias, chegando a R$ 50 mil.<\/span><\/p>\n<p><strong><em>Acompanhe a Capital S\/A na TV Bras\u00edlia todas as ter\u00e7as e quintas-feiras, 18h30, no JL ao vivo.<\/em><\/strong><\/p>\n","protected":false},"excerpt":{"rendered":"<p>\u00a0 \u00a0 \u201cA ci\u00eancia \u00e9 o grande ant\u00eddoto para o veneno do entusiasmo e da supersti\u00e7\u00e3o.\u201d Adam Smith\u00a0 Coluna Capital S\/A\u00a0 Por Samanta Sallum\u00a0 Mais uma onda de rea\u00e7\u00f5es de descontentamento foi provocada pela decis\u00e3o do STF de validar o aumento do IOF. A Uni\u00e3o Nacional de Entidades do Com\u00e9rcio e Servi\u00e7os (Unecs) se manifestou alarmada com a decis\u00e3o do [&hellip;]<\/p>\n","protected":false},"author":125,"featured_media":20010,"comment_status":"open","ping_status":"open","sticky":false,"template":"","format":"standard","meta":{"footnotes":""},"categories":[6],"tags":[1775,2478,2644,1908,3083,276,368,2955,1128,3084,1325,1277,10,41],"class_list":["post-19997","post","type-post","status-publish","format-standard","has-post-thumbnail","hentry","category-coluna-capital-s-a","tag-alexandredemoraes","tag-apostas","tag-apostaseletronicas","tag-cargatributaria","tag-claseazul","tag-economia","tag-imposto","tag-iof","tag-leonardomiguelseverini","tag-tequila","tag-tributacao","tag-unecs","tag-comercio","tag-stf"],"_links":{"self":[{"href":"https:\/\/blogs.correiobraziliense.com.br\/capital-sa\/wp-json\/wp\/v2\/posts\/19997","targetHints":{"allow":["GET"]}}],"collection":[{"href":"https:\/\/blogs.correiobraziliense.com.br\/capital-sa\/wp-json\/wp\/v2\/posts"}],"about":[{"href":"https:\/\/blogs.correiobraziliense.com.br\/capital-sa\/wp-json\/wp\/v2\/types\/post"}],"author":[{"embeddable":true,"href":"https:\/\/blogs.correiobraziliense.com.br\/capital-sa\/wp-json\/wp\/v2\/users\/125"}],"replies":[{"embeddable":true,"href":"https:\/\/blogs.correiobraziliense.com.br\/capital-sa\/wp-json\/wp\/v2\/comments?post=19997"}],"version-history":[{"count":18,"href":"https:\/\/blogs.correiobraziliense.com.br\/capital-sa\/wp-json\/wp\/v2\/posts\/19997\/revisions"}],"predecessor-version":[{"id":20029,"href":"https:\/\/blogs.correiobraziliense.com.br\/capital-sa\/wp-json\/wp\/v2\/posts\/19997\/revisions\/20029"}],"wp:featuredmedia":[{"embeddable":true,"href":"https:\/\/blogs.correiobraziliense.com.br\/capital-sa\/wp-json\/wp\/v2\/media\/20010"}],"wp:attachment":[{"href":"https:\/\/blogs.correiobraziliense.com.br\/capital-sa\/wp-json\/wp\/v2\/media?parent=19997"}],"wp:term":[{"taxonomy":"category","embeddable":true,"href":"https:\/\/blogs.correiobraziliense.com.br\/capital-sa\/wp-json\/wp\/v2\/categories?post=19997"},{"taxonomy":"post_tag","embeddable":true,"href":"https:\/\/blogs.correiobraziliense.com.br\/capital-sa\/wp-json\/wp\/v2\/tags?post=19997"}],"curies":[{"name":"wp","href":"https:\/\/api.w.org\/{rel}","templated":true}]}}