{"id":19952,"date":"2025-07-17T19:38:13","date_gmt":"2025-07-17T22:38:13","guid":{"rendered":"https:\/\/blogs.correiobraziliense.com.br\/capital-sa\/?p=19952"},"modified":"2025-07-17T21:21:27","modified_gmt":"2025-07-18T00:21:27","slug":"empresarios-e-trabalhadores-do-comercio-fecham-acordo-para-reajuste-salarial-no-df","status":"publish","type":"post","link":"https:\/\/blogs.correiobraziliense.com.br\/capital-sa\/2025\/07\/17\/empresarios-e-trabalhadores-do-comercio-fecham-acordo-para-reajuste-salarial-no-df\/","title":{"rendered":"Empres\u00e1rios e trabalhadores do com\u00e9rcio fecham acordo para reajuste salarial no DF"},"content":{"rendered":"<p class=\"p1\"><strong><span class=\"s1\">Coluna Capital S\/A de 17 de julho\u00a0<\/span><\/strong><\/p>\n<p class=\"p1\"><em><span class=\"s1\">\u00a0 \u00a0 \u201cA palavra \u00e9 o instrumento irresist\u00edvel da \u00a0 \u00a0 \u00a0 \u00a0 \u00a0conquista da liberdade.\u201d \u00a0Rui Barbosa<\/span><\/em><\/p>\n<p><strong>Por Samanta Sallum\u00a0<\/strong><\/p>\n<p class=\"p1\"><span class=\"s1\">Os mais de 120 mil empregados do com\u00e9rcio varejista v\u00e3o receber os sal\u00e1rios retroativos a maio e dos demais meses com reajustes variando entre 5,32% e 4%. Para quem ganha at\u00e9 R$ 8 mil mensais, o aumento ser\u00e1 de 5,32%. Os que recebem acima de R$ 8 mil foram contemplados com 4% e mais 1,32% a partir de 1\u00ba de novembro pr\u00f3ximo sobre o sal\u00e1rio reajustado. O sal\u00e1rio de ingresso &#8211; piso da categoria &#8211; passa para R$ 1.681.<\/span><\/p>\n<p>A nova Conven\u00e7\u00e3o Coletiva de Trabalho da categoria foi assinada ontem pelos presidentes do Sindicato do Com\u00e9rcio Varejista, Sebasti\u00e3o Abritta, e Geralda Godinho, do Sindicato dos Comerci\u00e1rios.<\/p>\n<p><img loading=\"lazy\" decoding=\"async\" class=\"aligncenter size-medium wp-image-19959\" src=\"https:\/\/blogs.correiobraziliense.com.br\/capital-sa\/wp-content\/uploads\/sites\/59\/2025\/07\/IMG_7890-300x228.jpeg\" alt=\"\" width=\"300\" height=\"228\" srcset=\"https:\/\/blogs.correiobraziliense.com.br\/capital-sa\/wp-content\/uploads\/sites\/59\/2025\/07\/IMG_7890-300x228.jpeg 300w, https:\/\/blogs.correiobraziliense.com.br\/capital-sa\/wp-content\/uploads\/sites\/59\/2025\/07\/IMG_7890-768x583.jpeg 768w, https:\/\/blogs.correiobraziliense.com.br\/capital-sa\/wp-content\/uploads\/sites\/59\/2025\/07\/IMG_7890-1024x777.jpeg 1024w, https:\/\/blogs.correiobraziliense.com.br\/capital-sa\/wp-content\/uploads\/sites\/59\/2025\/07\/IMG_7890-800x607.jpeg 800w, https:\/\/blogs.correiobraziliense.com.br\/capital-sa\/wp-content\/uploads\/sites\/59\/2025\/07\/IMG_7890-550x417.jpeg 550w, https:\/\/blogs.correiobraziliense.com.br\/capital-sa\/wp-content\/uploads\/sites\/59\/2025\/07\/IMG_7890-230x174.jpeg 230w, https:\/\/blogs.correiobraziliense.com.br\/capital-sa\/wp-content\/uploads\/sites\/59\/2025\/07\/IMG_7890.jpeg 1110w\" sizes=\"auto, (max-width: 300px) 100vw, 300px\" \/><\/p>\n<p class=\"p1\"><span class=\"s1\">O trabalho nos feriados foi liberado em todos os feriados, exceto nos dias 25 de dezembro de 2025, 1\u00ba de janeiro de 2026 e na sexta-feira santa &#8211; 3 de abril.\u00a0<\/span><\/p>\n<p class=\"p1\"><strong><span class=\"s1\">CDL homenageia Sistema Fecom\u00e9rcio-DF e celebra parceria institucional<\/span><\/strong><\/p>\n<p><img loading=\"lazy\" decoding=\"async\" class=\"aligncenter size-medium wp-image-19960\" src=\"https:\/\/blogs.correiobraziliense.com.br\/capital-sa\/wp-content\/uploads\/sites\/59\/2025\/07\/d0a61949-697d-4492-aad7-5c859c7081ac-300x200.jpeg\" alt=\"\" width=\"300\" height=\"200\" srcset=\"https:\/\/blogs.correiobraziliense.com.br\/capital-sa\/wp-content\/uploads\/sites\/59\/2025\/07\/d0a61949-697d-4492-aad7-5c859c7081ac-300x200.jpeg 300w, https:\/\/blogs.correiobraziliense.com.br\/capital-sa\/wp-content\/uploads\/sites\/59\/2025\/07\/d0a61949-697d-4492-aad7-5c859c7081ac-768x512.jpeg 768w, https:\/\/blogs.correiobraziliense.com.br\/capital-sa\/wp-content\/uploads\/sites\/59\/2025\/07\/d0a61949-697d-4492-aad7-5c859c7081ac-1024x683.jpeg 1024w, https:\/\/blogs.correiobraziliense.com.br\/capital-sa\/wp-content\/uploads\/sites\/59\/2025\/07\/d0a61949-697d-4492-aad7-5c859c7081ac-1440x960.jpeg 1440w, https:\/\/blogs.correiobraziliense.com.br\/capital-sa\/wp-content\/uploads\/sites\/59\/2025\/07\/d0a61949-697d-4492-aad7-5c859c7081ac-800x533.jpeg 800w, https:\/\/blogs.correiobraziliense.com.br\/capital-sa\/wp-content\/uploads\/sites\/59\/2025\/07\/d0a61949-697d-4492-aad7-5c859c7081ac-550x367.jpeg 550w, https:\/\/blogs.correiobraziliense.com.br\/capital-sa\/wp-content\/uploads\/sites\/59\/2025\/07\/d0a61949-697d-4492-aad7-5c859c7081ac-230x153.jpeg 230w\" sizes=\"auto, (max-width: 300px) 100vw, 300px\" \/><\/p>\n<p class=\"p1\"><span class=\"s1\">O presidente do Sistema Fecom\u00e9rcio-DF, Jos\u00e9 Aparecido Freire, e o diretor regional do Sesc-DF, Valcides de Ara\u00fajo, foram homenageados pela C\u00e2mara de Dirigentes Lojistas (CDL-DF) pela colabora\u00e7\u00e3o em projetos e pelo apoio ao desenvolvimento do varejo local. A entrega de medalhas e diplomas foi feita pelo presidente da casa, Eduardo Pereira Neto, durante cerim\u00f4nia na sede da entidade. O empres\u00e1rio Tallal Abu Allan, integrante das duas institui\u00e7\u00f5es empresariais, tamb\u00e9m participou do encontro.<\/span><\/p>\n<p><em>60 anos da entidade\u00a0<\/em><\/p>\n<p class=\"p1\"><span class=\"s1\">A homenagem \u00e9 parte das celebra\u00e7\u00f5es pelos 60 anos da CDL-DF, comemorados em 13 de abril. \u201cEscolhemos homenagear pessoas que contribu\u00edram com o Distrito Federal e com a nossa institui\u00e7\u00e3o. Jos\u00e9 Aparecido e Valcides se destacam especialmente pela parceria no projeto \u2018Cativando Sorriso\u2019\u201d, destacou Pereira Neto.<\/span><\/p>\n<p class=\"p1\"><em><span class=\"s1\">Atendimento odontol\u00f3gico a crian\u00e7as <\/span><\/em><\/p>\n<p class=\"p1\"><span class=\"s1\">O projeto \u201cCativando Sorriso\u201d oferece atendimento odontol\u00f3gico a crian\u00e7as e adolescentes entre 5 e 17 anos, por meio de unidade m\u00f3vel do Sesc-DF que circula pelas Regi\u00f5es Administrativas. A institui\u00e7\u00e3o fornece ainda os insumos e a equipe respons\u00e1vel pelos procedimentos.<\/span><\/p>\n<p class=\"p1\"><strong><span class=\"s1\">Sindhobar faz apelo ao comando da PM <\/span><\/strong><\/p>\n<p class=\"p1\">O presidente do Sindhobar, Jael Silva, a diretora de Hospedagem Val\u00e9ria Farias e o presidente do Sindicato das Empresas de Sistemas Eletr\u00f4nicos de Seguran\u00e7a do DF, Perseu Costa, foram recebidos ontem pela comandante da PM-DF, Cel. Ana Paula e o sub-comandante Cardoso.\u00a0Relataram a preocupa\u00e7\u00e3o com a sensa\u00e7\u00e3o de inseguran\u00e7a dos empres\u00e1rios, aumento de roubos em estabelecimentos e importuna\u00e7\u00e3o aos clientes e a comunidade por moradores de rua e criminosos infiltrados nesta popula\u00e7\u00e3o.<\/p>\n<p><em>Integra\u00e7\u00e3o de c\u00e2meras p\u00fablicas e privadas<\/em><\/p>\n<p class=\"p1\"><span class=\"s1\">O grupo de empres\u00e1rios apresentou reivindica\u00e7\u00f5es de provid\u00eancias relacionadas em of\u00edcio. E sugeriu projeto de integra\u00e7\u00e3o entre as c\u00e2meras p\u00fablicas e as privadas existentes, aumentando significativamente a capacidade de vigia do DF como um todo, numa parceria publico-privada.<\/span><\/p>\n<p><img loading=\"lazy\" decoding=\"async\" class=\"aligncenter size-medium wp-image-19963\" src=\"https:\/\/blogs.correiobraziliense.com.br\/capital-sa\/wp-content\/uploads\/sites\/59\/2025\/07\/af484f02-f84a-4106-84a3-b50a9712aef9-1-300x252.jpeg\" alt=\"\" width=\"300\" height=\"252\" srcset=\"https:\/\/blogs.correiobraziliense.com.br\/capital-sa\/wp-content\/uploads\/sites\/59\/2025\/07\/af484f02-f84a-4106-84a3-b50a9712aef9-1-300x252.jpeg 300w, https:\/\/blogs.correiobraziliense.com.br\/capital-sa\/wp-content\/uploads\/sites\/59\/2025\/07\/af484f02-f84a-4106-84a3-b50a9712aef9-1-768x644.jpeg 768w, https:\/\/blogs.correiobraziliense.com.br\/capital-sa\/wp-content\/uploads\/sites\/59\/2025\/07\/af484f02-f84a-4106-84a3-b50a9712aef9-1-1024x858.jpeg 1024w, https:\/\/blogs.correiobraziliense.com.br\/capital-sa\/wp-content\/uploads\/sites\/59\/2025\/07\/af484f02-f84a-4106-84a3-b50a9712aef9-1-800x671.jpeg 800w, https:\/\/blogs.correiobraziliense.com.br\/capital-sa\/wp-content\/uploads\/sites\/59\/2025\/07\/af484f02-f84a-4106-84a3-b50a9712aef9-1-550x461.jpeg 550w, https:\/\/blogs.correiobraziliense.com.br\/capital-sa\/wp-content\/uploads\/sites\/59\/2025\/07\/af484f02-f84a-4106-84a3-b50a9712aef9-1-230x193.jpeg 230w, https:\/\/blogs.correiobraziliense.com.br\/capital-sa\/wp-content\/uploads\/sites\/59\/2025\/07\/af484f02-f84a-4106-84a3-b50a9712aef9-1.jpeg 1200w\" sizes=\"auto, (max-width: 300px) 100vw, 300px\" \/><\/p>\n<p class=\"p1\"><span class=\"s1\"> \u201cEsta seria uma medida muita r\u00e1pida de implanta\u00e7\u00e3o, com uma capacidade de identifica\u00e7\u00e3o de delitos on-line e<span class=\"Apple-converted-space\">\u00a0<\/span>simult\u00e2neos e uma rapidez de interfer\u00eancia e a\u00e7\u00e3o imediata, diminuindo exponencialmente as ocorr\u00eancias e aumentando significativamente as preven\u00e7\u00f5es e evitando os delitos\u201d, disse Jael.<\/span><\/p>\n<p><strong><em>Acompanhe a Capital S\/A na TV Bras\u00edlia todas as ter\u00e7as e quintas-feiras, 18h30, no JL ao vivo.<\/em><\/strong><\/p>\n","protected":false},"excerpt":{"rendered":"<p>Coluna Capital S\/A de 17 de julho\u00a0 \u00a0 \u00a0 \u201cA palavra \u00e9 o instrumento irresist\u00edvel da \u00a0 \u00a0 \u00a0 \u00a0 \u00a0conquista da liberdade.\u201d \u00a0Rui Barbosa Por Samanta Sallum\u00a0 Os mais de 120 mil empregados do com\u00e9rcio varejista v\u00e3o receber os sal\u00e1rios retroativos a maio e dos demais meses com reajustes variando entre 5,32% e 4%. Para quem ganha at\u00e9 R$ [&hellip;]<\/p>\n","protected":false},"author":125,"featured_media":19958,"comment_status":"open","ping_status":"open","sticky":false,"template":"","format":"standard","meta":{"footnotes":""},"categories":[6],"tags":[1527,1686,641,276,734,1040,950,1963,1730,2414,206,10,779],"class_list":["post-19952","post","type-post","status-publish","format-standard","has-post-thumbnail","hentry","category-coluna-capital-s-a","tag-cdl-df","tag-cldf","tag-comerciovarejista","tag-economia","tag-fecomercio-df","tag-joseaparecidofreire","tag-reajuste","tag-sebastiaoabritta","tag-segurancapublica","tag-sesc-df","tag-sindhobar","tag-comercio","tag-varejo"],"_links":{"self":[{"href":"https:\/\/blogs.correiobraziliense.com.br\/capital-sa\/wp-json\/wp\/v2\/posts\/19952","targetHints":{"allow":["GET"]}}],"collection":[{"href":"https:\/\/blogs.correiobraziliense.com.br\/capital-sa\/wp-json\/wp\/v2\/posts"}],"about":[{"href":"https:\/\/blogs.correiobraziliense.com.br\/capital-sa\/wp-json\/wp\/v2\/types\/post"}],"author":[{"embeddable":true,"href":"https:\/\/blogs.correiobraziliense.com.br\/capital-sa\/wp-json\/wp\/v2\/users\/125"}],"replies":[{"embeddable":true,"href":"https:\/\/blogs.correiobraziliense.com.br\/capital-sa\/wp-json\/wp\/v2\/comments?post=19952"}],"version-history":[{"count":10,"href":"https:\/\/blogs.correiobraziliense.com.br\/capital-sa\/wp-json\/wp\/v2\/posts\/19952\/revisions"}],"predecessor-version":[{"id":19965,"href":"https:\/\/blogs.correiobraziliense.com.br\/capital-sa\/wp-json\/wp\/v2\/posts\/19952\/revisions\/19965"}],"wp:featuredmedia":[{"embeddable":true,"href":"https:\/\/blogs.correiobraziliense.com.br\/capital-sa\/wp-json\/wp\/v2\/media\/19958"}],"wp:attachment":[{"href":"https:\/\/blogs.correiobraziliense.com.br\/capital-sa\/wp-json\/wp\/v2\/media?parent=19952"}],"wp:term":[{"taxonomy":"category","embeddable":true,"href":"https:\/\/blogs.correiobraziliense.com.br\/capital-sa\/wp-json\/wp\/v2\/categories?post=19952"},{"taxonomy":"post_tag","embeddable":true,"href":"https:\/\/blogs.correiobraziliense.com.br\/capital-sa\/wp-json\/wp\/v2\/tags?post=19952"}],"curies":[{"name":"wp","href":"https:\/\/api.w.org\/{rel}","templated":true}]}}