{"id":19923,"date":"2025-07-15T21:10:43","date_gmt":"2025-07-16T00:10:43","guid":{"rendered":"https:\/\/blogs.correiobraziliense.com.br\/capital-sa\/?p=19923"},"modified":"2025-07-16T22:35:42","modified_gmt":"2025-07-17T01:35:42","slug":"servidores-do-df-vao-receber-reajuste-de-6-na-conta-agora-em-agosto","status":"publish","type":"post","link":"https:\/\/blogs.correiobraziliense.com.br\/capital-sa\/2025\/07\/15\/servidores-do-df-vao-receber-reajuste-de-6-na-conta-agora-em-agosto\/","title":{"rendered":"Servidores do DF v\u00e3o receber reajuste de 6% na conta em agosto"},"content":{"rendered":"<p><em>Ser\u00e3o beneficiados 144 mil funcion\u00e1rios entre ativos e inativos. For\u00e7as de Saguran\u00e7a est\u00e3o fora do benef\u00edcio\u00a0<\/em><\/p>\n<p class=\"p1\"><strong>Por Samanta Sallum\u00a0<\/strong><\/p>\n<p class=\"p1\"><span class=\"s1\">A Secretaria de Economia do DF confirmou \u00e0 coluna que vai<span class=\"Apple-converted-space\">\u00a0<\/span><\/span><span class=\"s1\">rodar, na pr\u00f3xima semana, as folhas de pagamento com a \u00faltima parcela do reajuste salarial de 18% do funcionalismo p\u00fablico local. Os sal\u00e1rios corrigidos em 6% j\u00e1 passam a ser depositados na conta dos servidores nos primeiros dias do m\u00eas de agosto.<br \/>\n<\/span><\/p>\n<p class=\"p1\"><span class=\"s1\">O aumento &#8211; concedido em 2023 pelo governador Ibaneis Rocha &#8211; foi escalonado em tr\u00eas etapas de 6%. E agora, em agosto, referente ao contracheque de julho, o pagamento incorporado alcan\u00e7ar\u00e1 o patamar dos 18%. As duas primeiras parcelas foram pagas em julho de 2023 e em julho de 2024.<\/span><\/p>\n<p class=\"p1\"><span class=\"s1\">A medida contempla 83 mil servidores efetivos ativos e 61 mil inativos, todos concursados. O reajuste representa impacto de cerca de R$ 2 bilh\u00f5es s\u00f3 na folha deste ano.<span class=\"Apple-converted-space\"><br \/>\n<\/span><\/span><\/p>\n<p class=\"p1\"><span class=\"s1\"> No final das contas, o reajuste passar\u00e1 de 20%, se comparado aos sal\u00e1rios de 2023. Pois o \u00faltimo percentual incide sobre os contracheques j\u00e1 reajustados em 12%.<\/span><\/p>\n<p class=\"p1\"><span class=\"s1\">&#8211; R$ 8 bilh\u00f5es:\u00a0<\/span>investimento total do GDF no reajuste desde 2023<\/p>\n<p class=\"p1\"><span class=\"s1\">&#8211; 144 mil servidores: total\u00a0<\/span>de beneficiados<\/p>\n<p class=\"p1\"><span class=\"s1\">O pagamento incide sobre os vencimentos dos servidores efetivos da administra\u00e7\u00e3o direta e indireta, com exce\u00e7\u00e3o de policiais, bombeiros militares e empregados de empresas p\u00fablicas. Reajuste na Seguran\u00e7a P\u00fablica depende de autoriza\u00e7\u00e3o do governo federal e do Congresso; e est\u00e1 em tramita\u00e7\u00e3o ainda no Minist\u00e9rio da Gest\u00e3o.<\/span><\/p>\n<p><strong><em>Acompanhe a Capital S\/A na TV Bras\u00edlia todas as ter\u00e7as e quintas-feiras, 18h30, no JL ao vivo.<\/em><\/strong><\/p>\n","protected":false},"excerpt":{"rendered":"<p>Ser\u00e3o beneficiados 144 mil funcion\u00e1rios entre ativos e inativos. For\u00e7as de Saguran\u00e7a est\u00e3o fora do benef\u00edcio\u00a0 Por Samanta Sallum\u00a0 A Secretaria de Economia do DF confirmou \u00e0 coluna que vai\u00a0rodar, na pr\u00f3xima semana, as folhas de pagamento com a \u00faltima parcela do reajuste salarial de 18% do funcionalismo p\u00fablico local. Os sal\u00e1rios corrigidos em 6% j\u00e1 passam a ser depositados [&hellip;]<\/p>\n","protected":false},"author":125,"featured_media":19927,"comment_status":"open","ping_status":"open","sticky":false,"template":"","format":"standard","meta":{"footnotes":""},"categories":[6],"tags":[276,3048,203,642,1069,950],"class_list":["post-19923","post","type-post","status-publish","format-standard","has-post-thumbnail","hentry","category-coluna-capital-s-a","tag-economia","tag-funcionalismopublico","tag-gdf","tag-ibaneisrocha","tag-orcamento","tag-reajuste"],"_links":{"self":[{"href":"https:\/\/blogs.correiobraziliense.com.br\/capital-sa\/wp-json\/wp\/v2\/posts\/19923","targetHints":{"allow":["GET"]}}],"collection":[{"href":"https:\/\/blogs.correiobraziliense.com.br\/capital-sa\/wp-json\/wp\/v2\/posts"}],"about":[{"href":"https:\/\/blogs.correiobraziliense.com.br\/capital-sa\/wp-json\/wp\/v2\/types\/post"}],"author":[{"embeddable":true,"href":"https:\/\/blogs.correiobraziliense.com.br\/capital-sa\/wp-json\/wp\/v2\/users\/125"}],"replies":[{"embeddable":true,"href":"https:\/\/blogs.correiobraziliense.com.br\/capital-sa\/wp-json\/wp\/v2\/comments?post=19923"}],"version-history":[{"count":11,"href":"https:\/\/blogs.correiobraziliense.com.br\/capital-sa\/wp-json\/wp\/v2\/posts\/19923\/revisions"}],"predecessor-version":[{"id":19949,"href":"https:\/\/blogs.correiobraziliense.com.br\/capital-sa\/wp-json\/wp\/v2\/posts\/19923\/revisions\/19949"}],"wp:featuredmedia":[{"embeddable":true,"href":"https:\/\/blogs.correiobraziliense.com.br\/capital-sa\/wp-json\/wp\/v2\/media\/19927"}],"wp:attachment":[{"href":"https:\/\/blogs.correiobraziliense.com.br\/capital-sa\/wp-json\/wp\/v2\/media?parent=19923"}],"wp:term":[{"taxonomy":"category","embeddable":true,"href":"https:\/\/blogs.correiobraziliense.com.br\/capital-sa\/wp-json\/wp\/v2\/categories?post=19923"},{"taxonomy":"post_tag","embeddable":true,"href":"https:\/\/blogs.correiobraziliense.com.br\/capital-sa\/wp-json\/wp\/v2\/tags?post=19923"}],"curies":[{"name":"wp","href":"https:\/\/api.w.org\/{rel}","templated":true}]}}