{"id":19861,"date":"2025-07-10T08:38:07","date_gmt":"2025-07-10T11:38:07","guid":{"rendered":"https:\/\/blogs.correiobraziliense.com.br\/capital-sa\/?p=19861"},"modified":"2025-07-10T18:46:43","modified_gmt":"2025-07-10T21:46:43","slug":"bomba-das-tarifas-contra-o-brasil-ainda-pode-ser-desarmada","status":"publish","type":"post","link":"https:\/\/blogs.correiobraziliense.com.br\/capital-sa\/2025\/07\/10\/bomba-das-tarifas-contra-o-brasil-ainda-pode-ser-desarmada\/","title":{"rendered":"Bomba das tarifas contra o Brasil ainda pode ser desarmada"},"content":{"rendered":"<p class=\"p1\"><em>Analistas confirmam gravidade dos efeitos da decis\u00e3o de Trump, mas acreditam que ela pode ser revers\u00edvel. Amcham faz apelo por diplomacia entre governos\u00a0<\/em><\/p>\n<p class=\"p1\"><strong><span class=\"s1\">Por Samanta Sallum <\/span><\/strong><\/p>\n<p class=\"p1\"><span class=\"s1\">A carta de Donald Trump comunicando o aumento<\/span><span class=\"s1\">\u00a0para 50% da taxa de importa\u00e7\u00e3o sobre todos os produtos\u00a0<\/span>brasileiros caiu como um m\u00edssel de guerra contra o pa\u00eds.\u00a0<span class=\"s1\">Provocou rea\u00e7\u00e3o imediata nos mercados; pegou de surpresa o presidente Lula (PT), que acionou o alarme para uma rea\u00e7\u00e3o interna e externa, j\u00e1 que os efeitos pol\u00edticos s\u00e3o t\u00e3o intensos quanto os econ\u00f4micos.\u00a0<\/span>Os analistas confirmam a gravidade da medida de Trump, mas tamb\u00e9m avaliam que pode ser algo revers\u00edvel.<\/p>\n<p class=\"p1\">A situa\u00e7\u00e3o pode mudar com uma cuidadosa atua\u00e7\u00e3o da diplomacia brasileira. E tamb\u00e9m contando com o estilo Trump de ser, que j\u00e1 endureceu e recuou sobre tarifas, como no caso da China.<\/p>\n<p class=\"p1\"><span class=\"s1\">Trump<span class=\"Apple-converted-space\">\u00a0<\/span>j\u00e1<span class=\"Apple-converted-space\">\u00a0<\/span>usou as taxas de com\u00e9rcio exterior como arma de press\u00e3o pol\u00edtica e econ\u00f4mica sobre outros pa\u00edses. Mas depois\u00a0<\/span><span class=\"s1\">adiou ou amenizou medidas que tenham efeito bumerangue. Ou seja, que acabem prejudicando as pr\u00f3prias empresas\u00a0<\/span><span class=\"s1\">dos Estados\u00a0<\/span>Unidos.<\/p>\n<p class=\"p1\"><span class=\"s1\">O petr\u00f3leo bruto brasileiro \u00e9 um exemplo disso. Est\u00e1 no alto das exporta\u00e7\u00f5es brasileiras e atingiu \u00a0cerca de US$ 6\u00a0<\/span><span class=\"s1\">bilh\u00f5es em 2024. O aumento de tarifa prejudica as refinarias norte-americanas, que precisam importar volumes crescentes do produto brasileiro.<\/span><\/p>\n<p class=\"p1\"><span class=\"s1\">J\u00e1 os produtos sider\u00fargicos e <\/span><span class=\"s1\">semimanufaturados de a\u00e7o e ferro fundido\u00a0<\/span>representaram US$ 4,9 bilh\u00f5es em vendas em 2024. E muitas usinas americanas necessitam desses materiais.<\/p>\n<p class=\"p1\"><span class=\"s1\">O presidente Lula manifestou que a rea\u00e7\u00e3o poder\u00e1 ser pela Lei de Reciprocidade. Assim, um exemplo de efeito negativo para<span class=\"Apple-converted-space\">\u00a0<\/span>os EUA ser\u00e1 no setor digital. Empresas como Amazon e Microsoft e Google mant\u00eam grandes opera\u00e7\u00f5es no pa\u00eds em nuvem e com\u00e9rcio eletr\u00f4nico. <\/span><\/p>\n<p class=\"p1\"><span class=\"s1\">Os Estados Unidos s\u00e3o um mercado importante para as vendas externas\u00a0<\/span>brasileiras de bens industriais e, de janeiro a junho, compraram cerca de US$ 20 bilh\u00f5es em mercadorias nacionais, enquanto venderam ao Brasil US$ 21,69 bilh\u00f5es.<\/p>\n<p><strong>Impactos severos\u00a0<\/strong><\/p>\n<p class=\"p3\"><span class=\"s2\">A C\u00e2mara Americana de Com\u00e9rcio, Amcham Brasil, alertou sobre os &#8220;impactos severos\u201d da alta taxa\u00e7\u00e3o. A entidade re\u00fane mais de tr\u00eas mil empresas associadas e representa 33% do PIB brasileiro.<\/span><\/p>\n<p class=\"p3\"><span class=\"s2\">\u201cTrata-se de uma medida com potencial para causar impactos severos sobre empregos, produ\u00e7\u00e3o, investimentos e cadeias produtivas integradas entre os dois pa\u00edses&#8221;, destacou, em nota divulgada ontem. <\/span><\/p>\n<p class=\"p3\"><span class=\"s2\">A entidade faz um apelo no final da nota. \u201cReiteramos a import\u00e2ncia de uma solu\u00e7\u00e3o negociada, fundamentada na racionalidade, previsibilidade e estabilidade, que preserve os v\u00ednculos econ\u00f4micos e promova uma prosperidade compartilhada&#8221;.<\/span><\/p>\n<p>&nbsp;<\/p>\n<p><strong><em>Acompanhe a Capital S\/A na TV Bras\u00edlia todas as ter\u00e7as e quintas-feiras, 18h30, no JL ao vivo.<\/em><\/strong><\/p>\n","protected":false},"excerpt":{"rendered":"<p>Analistas confirmam gravidade dos efeitos da decis\u00e3o de Trump, mas acreditam que ela pode ser revers\u00edvel. Amcham faz apelo por diplomacia entre governos\u00a0 Por Samanta Sallum A carta de Donald Trump comunicando o aumento\u00a0para 50% da taxa de importa\u00e7\u00e3o sobre todos os produtos\u00a0brasileiros caiu como um m\u00edssel de guerra contra o pa\u00eds.\u00a0Provocou rea\u00e7\u00e3o imediata nos mercados; pegou de surpresa o [&hellip;]<\/p>\n","protected":false},"author":125,"featured_media":19868,"comment_status":"open","ping_status":"open","sticky":false,"template":"","format":"standard","meta":{"footnotes":""},"categories":[6],"tags":[1086,3064,3065,2703,276,2924,3066,1165,3067,2859],"class_list":["post-19861","post","type-post","status-publish","format-standard","has-post-thumbnail","hentry","category-coluna-capital-s-a","tag-amazon","tag-amcham","tag-diplomacia","tag-donaldtrump","tag-economia","tag-google","tag-leidereciprocidade","tag-lula","tag-microsoft","tag-tarifaco"],"_links":{"self":[{"href":"https:\/\/blogs.correiobraziliense.com.br\/capital-sa\/wp-json\/wp\/v2\/posts\/19861","targetHints":{"allow":["GET"]}}],"collection":[{"href":"https:\/\/blogs.correiobraziliense.com.br\/capital-sa\/wp-json\/wp\/v2\/posts"}],"about":[{"href":"https:\/\/blogs.correiobraziliense.com.br\/capital-sa\/wp-json\/wp\/v2\/types\/post"}],"author":[{"embeddable":true,"href":"https:\/\/blogs.correiobraziliense.com.br\/capital-sa\/wp-json\/wp\/v2\/users\/125"}],"replies":[{"embeddable":true,"href":"https:\/\/blogs.correiobraziliense.com.br\/capital-sa\/wp-json\/wp\/v2\/comments?post=19861"}],"version-history":[{"count":10,"href":"https:\/\/blogs.correiobraziliense.com.br\/capital-sa\/wp-json\/wp\/v2\/posts\/19861\/revisions"}],"predecessor-version":[{"id":19882,"href":"https:\/\/blogs.correiobraziliense.com.br\/capital-sa\/wp-json\/wp\/v2\/posts\/19861\/revisions\/19882"}],"wp:featuredmedia":[{"embeddable":true,"href":"https:\/\/blogs.correiobraziliense.com.br\/capital-sa\/wp-json\/wp\/v2\/media\/19868"}],"wp:attachment":[{"href":"https:\/\/blogs.correiobraziliense.com.br\/capital-sa\/wp-json\/wp\/v2\/media?parent=19861"}],"wp:term":[{"taxonomy":"category","embeddable":true,"href":"https:\/\/blogs.correiobraziliense.com.br\/capital-sa\/wp-json\/wp\/v2\/categories?post=19861"},{"taxonomy":"post_tag","embeddable":true,"href":"https:\/\/blogs.correiobraziliense.com.br\/capital-sa\/wp-json\/wp\/v2\/tags?post=19861"}],"curies":[{"name":"wp","href":"https:\/\/api.w.org\/{rel}","templated":true}]}}