{"id":19819,"date":"2025-07-07T13:02:23","date_gmt":"2025-07-07T16:02:23","guid":{"rendered":"https:\/\/blogs.correiobraziliense.com.br\/capital-sa\/?p=19819"},"modified":"2025-07-07T19:58:37","modified_gmt":"2025-07-07T22:58:37","slug":"portal-do-programa-negocia-df-sera-lancado-ate-o-fim-de-julho","status":"publish","type":"post","link":"https:\/\/blogs.correiobraziliense.com.br\/capital-sa\/2025\/07\/07\/portal-do-programa-negocia-df-sera-lancado-ate-o-fim-de-julho\/","title":{"rendered":"Portal do programa Negocia DF ser\u00e1 lan\u00e7ado at\u00e9 o fim de julho"},"content":{"rendered":"<p class=\"p1\"><strong>Por Samanta Sallum\u00a0<\/strong><\/p>\n<p class=\"p1\"><span class=\"s1\">Sancionado pelo governador Ibaneis Rocha no m\u00eas passado, o programa Negocia DF autoriza pessoas e empresas com d\u00edvidas com a administra\u00e7\u00e3o p\u00fablica a negociarem formas de quita\u00e7\u00e3o diretamente com a Secretaria de Economia. A novidade \u00e9 que ser\u00e1 lan\u00e7ado at\u00e9 o fim de julho um portal para que os interessados possam fechar os acordos de quita\u00e7\u00e3o de d\u00edvidas.<\/span><\/p>\n<p class=\"p1\"><span class=\"s1\">Eles poder\u00e3o apresentar requerimento, manifestando interesse na concilia\u00e7\u00e3o. Haver\u00e1 tamb\u00e9m outra modalidade: por ades\u00e3o \u00e0 edital.\u00a0<\/span>O primeiro deve ser divulgado em agosto.<\/p>\n<p class=\"p1\"><span class=\"s1\">As informa\u00e7\u00f5es foram confirmadas pela Procuradora-chefe das A\u00e7\u00f5es Tribut\u00e1rias da Procuradoria da Fazenda do Distrito Federal, Maria Auxiliadora Dur\u00e1n, durante reuni\u00e3o da C\u00e2mara de Finan\u00e7as e Tributa\u00e7\u00e3o da Fecom\u00e9rcio-DF.<br \/>\n<\/span><\/p>\n<p class=\"p1\"><span class=\"s1\">Ela explicou que todas as informa\u00e7\u00f5es, requerimentos e ades\u00f5es ocorrer\u00e3o por meio do portal eletr\u00f4nico concilia.pg.df.gov.br, em fase final de constru\u00e7\u00e3o.<br \/>\n<\/span><\/p>\n<p class=\"p1\"><span class=\"s1\"><strong>R$ 41 bilh\u00f5es &#8211;<\/strong> \u00c9 o valor\u00a0<\/span>total da d\u00edvida ativa do DF<\/p>\n<p class=\"p1\"><span class=\"s1\">O encontro reuniu conselheiros de diversas entidades p\u00fablicas e representantes do setor empresarial para discutir detalhes do Negocia DF.<br \/>\n<\/span><\/p>\n<p class=\"p1\"><span class=\"s1\"> \u201cA transa\u00e7\u00e3o ser\u00e1 aberta a todos os p\u00fablicos, pessoas f\u00edsicas e jur\u00eddicas, com d\u00e9bitos inscritos na d\u00edvida ativa do Distrito Federal. \u00c9 fundamental que cada contribuinte avalie qual modalidade melhor se adequa ao seu caso\u201d, explicou a procuradora.<\/span><\/p>\n<p class=\"p1\"><span class=\"s1\">O presidente da Fecom\u00e9rcio-DF, Jos\u00e9 Aparecido Freire, ressaltou a import\u00e2ncia da iniciativa para a recupera\u00e7\u00e3o econ\u00f4mica do setor empresarial.<\/span><\/p>\n<p class=\"p1\"><span class=\"s1\"> \u201cDesde 2020, com a pandemia, os empres\u00e1rios enfrentaram grandes dificuldades. Muitos deixaram de pagar impostos n\u00e3o por vontade pr\u00f3pria, mas por absoluta falta de condi\u00e7\u00f5es. Agora, ter\u00e3o a oportunidade de regularizar pend\u00eancias e seguir gerando emprego e renda\u201d, afirmou.<\/span><\/p>\n<p><strong><em>Acompanhe a Capital S\/A na TV Bras\u00edlia todas as ter\u00e7as e quintas-feiras, 18h30, no JL ao vivo.<\/em><\/strong><\/p>\n","protected":false},"excerpt":{"rendered":"<p>Por Samanta Sallum\u00a0 Sancionado pelo governador Ibaneis Rocha no m\u00eas passado, o programa Negocia DF autoriza pessoas e empresas com d\u00edvidas com a administra\u00e7\u00e3o p\u00fablica a negociarem formas de quita\u00e7\u00e3o diretamente com a Secretaria de Economia. A novidade \u00e9 que ser\u00e1 lan\u00e7ado at\u00e9 o fim de julho um portal para que os interessados possam fechar os acordos de quita\u00e7\u00e3o de [&hellip;]<\/p>\n","protected":false},"author":125,"featured_media":19824,"comment_status":"open","ping_status":"open","sticky":false,"template":"","format":"standard","meta":{"footnotes":""},"categories":[6],"tags":[276,417,734,203,642,1040,3060,1325],"class_list":["post-19819","post","type-post","status-publish","format-standard","has-post-thumbnail","hentry","category-coluna-capital-s-a","tag-economia","tag-endividamento","tag-fecomercio-df","tag-gdf","tag-ibaneisrocha","tag-joseaparecidofreire","tag-negociadf","tag-tributacao"],"_links":{"self":[{"href":"https:\/\/blogs.correiobraziliense.com.br\/capital-sa\/wp-json\/wp\/v2\/posts\/19819","targetHints":{"allow":["GET"]}}],"collection":[{"href":"https:\/\/blogs.correiobraziliense.com.br\/capital-sa\/wp-json\/wp\/v2\/posts"}],"about":[{"href":"https:\/\/blogs.correiobraziliense.com.br\/capital-sa\/wp-json\/wp\/v2\/types\/post"}],"author":[{"embeddable":true,"href":"https:\/\/blogs.correiobraziliense.com.br\/capital-sa\/wp-json\/wp\/v2\/users\/125"}],"replies":[{"embeddable":true,"href":"https:\/\/blogs.correiobraziliense.com.br\/capital-sa\/wp-json\/wp\/v2\/comments?post=19819"}],"version-history":[{"count":7,"href":"https:\/\/blogs.correiobraziliense.com.br\/capital-sa\/wp-json\/wp\/v2\/posts\/19819\/revisions"}],"predecessor-version":[{"id":19827,"href":"https:\/\/blogs.correiobraziliense.com.br\/capital-sa\/wp-json\/wp\/v2\/posts\/19819\/revisions\/19827"}],"wp:featuredmedia":[{"embeddable":true,"href":"https:\/\/blogs.correiobraziliense.com.br\/capital-sa\/wp-json\/wp\/v2\/media\/19824"}],"wp:attachment":[{"href":"https:\/\/blogs.correiobraziliense.com.br\/capital-sa\/wp-json\/wp\/v2\/media?parent=19819"}],"wp:term":[{"taxonomy":"category","embeddable":true,"href":"https:\/\/blogs.correiobraziliense.com.br\/capital-sa\/wp-json\/wp\/v2\/categories?post=19819"},{"taxonomy":"post_tag","embeddable":true,"href":"https:\/\/blogs.correiobraziliense.com.br\/capital-sa\/wp-json\/wp\/v2\/tags?post=19819"}],"curies":[{"name":"wp","href":"https:\/\/api.w.org\/{rel}","templated":true}]}}