{"id":19803,"date":"2025-07-04T17:00:25","date_gmt":"2025-07-04T20:00:25","guid":{"rendered":"https:\/\/blogs.correiobraziliense.com.br\/capital-sa\/?p=19803"},"modified":"2025-07-06T23:00:09","modified_gmt":"2025-07-07T02:00:09","slug":"financiamento-dos-brics-para-usina-fotovoltaica-no-df","status":"publish","type":"post","link":"https:\/\/blogs.correiobraziliense.com.br\/capital-sa\/2025\/07\/04\/financiamento-dos-brics-para-usina-fotovoltaica-no-df\/","title":{"rendered":"Financiamento dos Brics para usina fotovoltaica no DF"},"content":{"rendered":"<p class=\"p1\"><em>O empr\u00e9stimo est\u00e1 aprovado pelo board do banco desde dezembro de 2024, estimado em 77 milh\u00f5es de euros. Mas falta previs\u00e3o para liberar efetivamente os recursos<\/em><\/p>\n<p class=\"p1\"><strong><span class=\"s1\">Por Samanta Sallum <\/span><\/strong><\/p>\n<p class=\"p1\"><span class=\"s1\">O presidente da Companhia Energ\u00e9tica de Bras\u00edlia (CEB), Edison Garcia, participa, nesta sexta-feira e no s\u00e1bado, da 10\u00aa reuni\u00e3o anual do conselho do Novo Banco de Desenvolvimento (NDB), o Banco do Brics, realizada no Rio de Janeiro. Durante o encontro, Garcia se reuniu com Aguinaldo Barbieri, rec\u00e9m-empossado como diretor regional do NDB no Brasil,<\/span>\u00a0quando refor\u00e7ou a import\u00e2ncia da efetiva libera\u00e7\u00e3o do financiamento para a constru\u00e7\u00e3o de uma usina fotovoltaica com capacidade superior a 100 MW, parte do projeto Bras\u00edlia Capital da Ilumina\u00e7\u00e3o Solar.<\/p>\n<p class=\"p1\"><span class=\"s1\">Barbieri afirmou que a institui\u00e7\u00e3o ir\u00e1 empenhar esfor\u00e7os para agilizar os tr\u00e2mites para disponibilidar os recursos.<\/span>O presidente da CEB tamb\u00e9m conversou com a presidente do banco, Dilma Rousseff, sobre o projeto.<\/p>\n<p class=\"p1\"><span class=\"s1\">O empr\u00e9stimo est\u00e1 aprovado pelo board do banco desde dezembro de 2024 e deve ser na ordem de 77 milh\u00f5es de euros, para a constru\u00e7\u00e3o de no m\u00ednimo 100 MWP de pot\u00eancia. Por\u00e9m, a<span class=\"Apple-converted-space\">\u00a0<\/span>libera\u00e7\u00e3o dos recursos para viabilizar a constru\u00e7\u00e3o da planta de gera\u00e7\u00e3o fotovoltaica ainda est\u00e1 pendente de delibera\u00e7\u00e3o por parte do NDB. <\/span><\/p>\n<p class=\"p1\"><span class=\"s1\">O projeto da CEB \u00e9 uma grande iniciativa para a efici\u00eancia energ\u00e9tica do DF, com previs\u00e3o de constru\u00e7\u00e3o de uma usina fotovoltaica com capacidade superior a 100 MWp. A meta \u00e9 reduzir significativamente o consumo de energia el\u00e9trica nos edif\u00edcios governamentais do GDF, da EBC (Empresa Brasileira de Comunica\u00e7\u00e3o) e do Pal\u00e1cio do Planalto.<br \/>\n<\/span><\/p>\n<p class=\"p1\">Edison Garcia tamb\u00e9m reuniu com Hua Han, Secretaria Geral do Beijing Club for International Dialogue, dedicado a promover o di\u00e1logo e o entendimento m\u00fatuo entre l\u00edderes pol\u00edticos internacionais, acad\u00eamicos e especialistas em diversos segmentos e que tem planos de estabelecer bases para atua\u00e7\u00e3o no Brasil.<\/p>\n<p class=\"p1\"><span class=\"s1\">O encontro do NDB, que re\u00fane ministros, empres\u00e1rios e representantes da sociedade civil, tem como foco a discuss\u00e3o sobre inova\u00e7\u00e3o, coopera\u00e7\u00e3o internacional e o papel estrat\u00e9gico das institui\u00e7\u00f5es financeiras multilaterais no desenvolvimento do Sul Global \u2014 grupo de pa\u00edses em desenvolvimento que busca maior protagonismo na economia mundial.<\/span><\/p>\n<div class=\"entry-content mgt-xlarge\">\n<p><strong><em>Acompanhe a Capital S\/A na TV Bras\u00edlia todas as ter\u00e7as e quintas-feiras, 18h30, no JL ao vivo.<\/em><\/strong><\/p>\n<\/div>\n<footer class=\"entry-footer\"><\/footer>\n","protected":false},"excerpt":{"rendered":"<p>O empr\u00e9stimo est\u00e1 aprovado pelo board do banco desde dezembro de 2024, estimado em 77 milh\u00f5es de euros. Mas falta previs\u00e3o para liberar efetivamente os recursos Por Samanta Sallum O presidente da Companhia Energ\u00e9tica de Bras\u00edlia (CEB), Edison Garcia, participa, nesta sexta-feira e no s\u00e1bado, da 10\u00aa reuni\u00e3o anual do conselho do Novo Banco de Desenvolvimento (NDB), o Banco do [&hellip;]<\/p>\n","protected":false},"author":125,"featured_media":19806,"comment_status":"open","ping_status":"open","sticky":false,"template":"","format":"standard","meta":{"footnotes":""},"categories":[6],"tags":[2259,107,2390,2392,2393,1307,203,3059,2025],"class_list":["post-19803","post","type-post","status-publish","format-standard","has-post-thumbnail","hentry","category-coluna-capital-s-a","tag-brics","tag-ceb","tag-dilmarousseff","tag-ebc","tag-energiasolar","tag-financiamento","tag-gdf","tag-ndb","tag-palaciodoplanalto"],"_links":{"self":[{"href":"https:\/\/blogs.correiobraziliense.com.br\/capital-sa\/wp-json\/wp\/v2\/posts\/19803","targetHints":{"allow":["GET"]}}],"collection":[{"href":"https:\/\/blogs.correiobraziliense.com.br\/capital-sa\/wp-json\/wp\/v2\/posts"}],"about":[{"href":"https:\/\/blogs.correiobraziliense.com.br\/capital-sa\/wp-json\/wp\/v2\/types\/post"}],"author":[{"embeddable":true,"href":"https:\/\/blogs.correiobraziliense.com.br\/capital-sa\/wp-json\/wp\/v2\/users\/125"}],"replies":[{"embeddable":true,"href":"https:\/\/blogs.correiobraziliense.com.br\/capital-sa\/wp-json\/wp\/v2\/comments?post=19803"}],"version-history":[{"count":8,"href":"https:\/\/blogs.correiobraziliense.com.br\/capital-sa\/wp-json\/wp\/v2\/posts\/19803\/revisions"}],"predecessor-version":[{"id":19815,"href":"https:\/\/blogs.correiobraziliense.com.br\/capital-sa\/wp-json\/wp\/v2\/posts\/19803\/revisions\/19815"}],"wp:featuredmedia":[{"embeddable":true,"href":"https:\/\/blogs.correiobraziliense.com.br\/capital-sa\/wp-json\/wp\/v2\/media\/19806"}],"wp:attachment":[{"href":"https:\/\/blogs.correiobraziliense.com.br\/capital-sa\/wp-json\/wp\/v2\/media?parent=19803"}],"wp:term":[{"taxonomy":"category","embeddable":true,"href":"https:\/\/blogs.correiobraziliense.com.br\/capital-sa\/wp-json\/wp\/v2\/categories?post=19803"},{"taxonomy":"post_tag","embeddable":true,"href":"https:\/\/blogs.correiobraziliense.com.br\/capital-sa\/wp-json\/wp\/v2\/tags?post=19803"}],"curies":[{"name":"wp","href":"https:\/\/api.w.org\/{rel}","templated":true}]}}