{"id":19741,"date":"2025-07-02T11:54:45","date_gmt":"2025-07-02T14:54:45","guid":{"rendered":"https:\/\/blogs.correiobraziliense.com.br\/capital-sa\/?p=19741"},"modified":"2025-07-02T17:18:06","modified_gmt":"2025-07-02T20:18:06","slug":"setor-privado-tem-4x-mais-trabalhadores-do-que-o-funcionalismo-publico-no-df","status":"publish","type":"post","link":"https:\/\/blogs.correiobraziliense.com.br\/capital-sa\/2025\/07\/02\/setor-privado-tem-4x-mais-trabalhadores-do-que-o-funcionalismo-publico-no-df\/","title":{"rendered":"Setor privado tem 4 vezes mais trabalhadores do que o funcionalismo p\u00fablico no DF"},"content":{"rendered":"<blockquote>\n<p class=\"p1\" style=\"padding-left: 30px\"><em><span class=\"s1\">\u201cSe A \u00e9 o sucesso, ent\u00e3o A \u00e9 igual a X mais Y mais Z. O trabalho \u00e9 X; Y \u00e9 o lazer; e Z \u00e9 manter a boca fechada\u201d, Albert Eistein<\/span><\/em><\/p>\n<\/blockquote>\n<p><strong>Coluna Capital S\/A de 02 de julho\u00a0<\/strong><\/p>\n<p><strong>Por Samanta Sallum\u00a0<\/strong><\/p>\n<p class=\"p1\"><span class=\"s1\">O setor de servi\u00e7os \u00e9 o que mais emprega na capital federal. Ficou mesmo bem no passado a Bras\u00edlia em que a maioria da popula\u00e7\u00e3o em idade de trabalho batia ponto no servi\u00e7o p\u00fablico.\u00a0<\/span>Segundo dados do Minist\u00e9rio do Trabalho e Emprego, at\u00e9 maio, o Distrito Federal registrou um saldo de 1,036 milh\u00e3o de\u00a0pessoas formalmente empregadas. Dessas, cerca de 830 mil atuam no setor privado.<\/p>\n<p class=\"p1\">O segmento de servi\u00e7os soma 709 mil postos de trabalho. J\u00e1 o funcionalismo p\u00fablico abarca 206 mil pessoas atualmente. Depois vem o com\u00e9rcio, com cerca de 190 mil empregos.<\/p>\n<p class=\"p1\"><strong><span class=\"s1\">N\u00fameros da ind\u00fastria e do agro <\/span><\/strong><\/p>\n<p class=\"p1\"><span class=\"s1\">A constru\u00e7\u00e3o civil vem em 4o lugar em quantidade de trabalhadores no DF, somando cerca de 80 mil. Depois vem a ind\u00fastria no geral, com 48 mil,<span class=\"Apple-converted-space\">\u00a0<\/span>e a agropecu\u00e1ria com,<span class=\"Apple-converted-space\">\u00a0<\/span>6,4 mil.<\/span><\/p>\n<p class=\"p1\"><strong><span class=\"s1\">Mais 25 mil novos postos de trabalho <\/span><\/strong><\/p>\n<p class=\"p1\"><span class=\"s1\">De janeiro a maio, o saldo entre admiss\u00f5es e desligamentos no Distrito Federal foi positivo, com a cria\u00e7\u00e3o de 25.762 novos postos de trabalho. O setor de servi\u00e7os liderou a gera\u00e7\u00e3o de empregos, com 22.415 vagas, das quais 15.844 (61,4%) no setor privado e 6.582 (25,6%) no setor p\u00fablico.<br \/>\n<\/span><\/p>\n<p class=\"p1\"><span class=\"s1\">Em seguida, aparecem Constru\u00e7\u00e3o Civil, com 1.448 vagas (5,6%); Com\u00e9rcio, com 1.104 vagas (4,3%); Ind\u00fastria, com 763 vagas (2,9%); e Agropecu\u00e1ria, com 32 vagas (0,1%).<\/span><\/p>\n<p class=\"p1\">\u201cOs dados refor\u00e7am a import\u00e2ncia do setor de com\u00e9rcio, servi\u00e7os e turismo para a capital do pa\u00eds e evidencia sua import\u00e2ncia para o nosso desenvolvimento socioecon\u00f4mico. Somos respons\u00e1veis por gerar renda, movimentar a economia e sustentar o mercado de trabalho\u201d, avaliou o presidente do Sistema Fecom\u00e9rcio-DF, Jos\u00e9 Aparecido Freire.<\/p>\n<p class=\"p1\"><strong><span class=\"s2\">Iphan, Sinduscon e Ademi debatem deficit habitacional no DF e preserva\u00e7\u00e3o urban\u00edstica<\/span><\/strong><\/p>\n<p><img loading=\"lazy\" decoding=\"async\" class=\"aligncenter size-medium wp-image-19746\" src=\"https:\/\/blogs.correiobraziliense.com.br\/capital-sa\/wp-content\/uploads\/sites\/59\/2025\/07\/IMG_7423-300x161.jpeg\" alt=\"\" width=\"300\" height=\"161\" srcset=\"https:\/\/blogs.correiobraziliense.com.br\/capital-sa\/wp-content\/uploads\/sites\/59\/2025\/07\/IMG_7423-300x161.jpeg 300w, https:\/\/blogs.correiobraziliense.com.br\/capital-sa\/wp-content\/uploads\/sites\/59\/2025\/07\/IMG_7423-768x411.jpeg 768w, https:\/\/blogs.correiobraziliense.com.br\/capital-sa\/wp-content\/uploads\/sites\/59\/2025\/07\/IMG_7423-1024x548.jpeg 1024w, https:\/\/blogs.correiobraziliense.com.br\/capital-sa\/wp-content\/uploads\/sites\/59\/2025\/07\/IMG_7423-800x428.jpeg 800w, https:\/\/blogs.correiobraziliense.com.br\/capital-sa\/wp-content\/uploads\/sites\/59\/2025\/07\/IMG_7423-550x294.jpeg 550w, https:\/\/blogs.correiobraziliense.com.br\/capital-sa\/wp-content\/uploads\/sites\/59\/2025\/07\/IMG_7423-230x123.jpeg 230w, https:\/\/blogs.correiobraziliense.com.br\/capital-sa\/wp-content\/uploads\/sites\/59\/2025\/07\/IMG_7423.jpeg 1170w\" sizes=\"auto, (max-width: 300px) 100vw, 300px\" \/><\/p>\n<p class=\"p1\"><span class=\"s1\">O futuro urbano de Bras\u00edlia e a demanda por habita\u00e7\u00e3o social foram temas centrais de um encontro ontem do Sinduscon-DF e da Ademi com o presidente do Iphan, Leandro Grass. A preocupa\u00e7\u00e3o \u00e9 com o deficit habitacional que atinge mais de 10% da popula\u00e7\u00e3o. O presidente do Sinduscon-DF, Adalberto Valad\u00e3o Jr, defendeu a participa\u00e7\u00e3o ativa da iniciativa privada e que a revis\u00e3o do (PDOT) do Distrito Federal efetivamente iniba a ocupa\u00e7\u00e3o ilegal do solo.<\/span><\/p>\n<p class=\"p1\"><strong><span class=\"s1\">Trip\u00e9 para a solu\u00e7\u00e3o <\/span><\/strong><\/p>\n<p class=\"p1\"><span class=\"s1\">Para a efetiva participa\u00e7\u00e3o das empresas, o presidente do Sinduscon-DF listou um &#8220;trip\u00e9&#8221; de condi\u00e7\u00f5es essenciais: a j\u00e1 aprovada Lei de Parcelamento do Solo; um PDOT que &#8220;garanta uma vis\u00e3o mais moderna e mais eficiente em rela\u00e7\u00e3o a adensamento&#8221; e uma lei de licenciamento ambiental mais \u00e1gil e simplificada. <\/span><\/p>\n<p class=\"p1\"><strong><span class=\"s1\">\u201cN\u00e3o somos inimigos do desenvolvimento\u201d, afirma Grass <\/span><\/strong><\/p>\n<p class=\"p1\"><span class=\"s1\">Grass defendeu o adensamento planejado em diversas regi\u00f5es do DF para dinamizar a economia. \u201cPreserva\u00e7\u00e3o n\u00e3o \u00e9 inimiga do desenvolvimento, n\u00e3o \u00e9 advers\u00e1ria da atualiza\u00e7\u00e3o\u201d, destacou. <\/span><\/p>\n<p class=\"p1\"><span class=\"s1\"><strong>\u201cEqu\u00edvoco de entendimento\u201d na pol\u00edtica p\u00fablica<span class=\"Apple-converted-space\">\u00a0<\/span>de habita\u00e7\u00e3o, diz Ademi<\/strong> <\/span><\/p>\n<p class=\"p1\"><span class=\"s1\">Segundo o presidente da Ademi-DF, Roberto Botelho, Bras\u00edlia, ao longo das d\u00e9cadas, empurrou<span class=\"Apple-converted-space\">\u00a0<\/span>muitas pessoas para morarem no Entorno por falta de oferta de moradia na capital federal. Botelho disse que esse cen\u00e1rio foi resultado de um &#8220;equ\u00edvoco de entendimento&#8221; na d\u00e9cada de 1990, que associou o incha\u00e7o da capital \u00e0 concess\u00e3o de lotes de interesse social, levando a uma interrup\u00e7\u00e3o de pol\u00edticas habitacionais e, consequentemente, a uma &#8220;expans\u00e3o da mancha urbana ilegal do Distrito Federal&#8221;. <\/span><\/p>\n<p class=\"p1\"><strong><span class=\"s1\">Mais infraestrutura\u00a0<\/span><\/strong><\/p>\n<p class=\"p1\"><span class=\"s1\">O presidente do Iphan apontou que cinco anos atr\u00e1s quase 10% da popula\u00e7\u00e3o sofria com o deficit habitacional, com picos de quase 50% em algumas regi\u00f5es administrativas. Grass descreveu essa condi\u00e7\u00e3o como habita\u00e7\u00e3o prec\u00e1ria, coabita\u00e7\u00e3o excessiva e alugu\u00e9is elevados que impedem a inclus\u00e3o social.<br \/>\n<\/span><\/p>\n<p class=\"p1\"><span class=\"s1\">Com a previs\u00e3o de Bras\u00edlia atingir 4 milh\u00f5es de habitantes nos pr\u00f3ximos 20 anos, segundo Leandro Grass, h\u00e1 \u201cnecessidade de uma pol\u00edtica s\u00e9ria, pol\u00edtica habitacional coerente com essa realidade&#8221;, que inclua infraestrutura educacional, de sa\u00fade, seguran\u00e7a, com\u00e9rcio e mobilidade.<\/span><\/p>\n<p class=\"p1\"><strong><span class=\"s1\">Festival AnimaMix da Caixa Seguridade<\/span><\/strong><\/p>\n<p><img loading=\"lazy\" decoding=\"async\" class=\"aligncenter size-medium wp-image-19749\" src=\"https:\/\/blogs.correiobraziliense.com.br\/capital-sa\/wp-content\/uploads\/sites\/59\/2025\/07\/IMG_7424-300x190.jpeg\" alt=\"\" width=\"300\" height=\"190\" srcset=\"https:\/\/blogs.correiobraziliense.com.br\/capital-sa\/wp-content\/uploads\/sites\/59\/2025\/07\/IMG_7424-300x190.jpeg 300w, https:\/\/blogs.correiobraziliense.com.br\/capital-sa\/wp-content\/uploads\/sites\/59\/2025\/07\/IMG_7424-768x486.jpeg 768w, https:\/\/blogs.correiobraziliense.com.br\/capital-sa\/wp-content\/uploads\/sites\/59\/2025\/07\/IMG_7424-1024x649.jpeg 1024w, https:\/\/blogs.correiobraziliense.com.br\/capital-sa\/wp-content\/uploads\/sites\/59\/2025\/07\/IMG_7424-800x507.jpeg 800w, https:\/\/blogs.correiobraziliense.com.br\/capital-sa\/wp-content\/uploads\/sites\/59\/2025\/07\/IMG_7424-550x348.jpeg 550w, https:\/\/blogs.correiobraziliense.com.br\/capital-sa\/wp-content\/uploads\/sites\/59\/2025\/07\/IMG_7424-230x146.jpeg 230w, https:\/\/blogs.correiobraziliense.com.br\/capital-sa\/wp-content\/uploads\/sites\/59\/2025\/07\/IMG_7424.jpeg 1170w\" sizes=\"auto, (max-width: 300px) 100vw, 300px\" \/><\/p>\n<p class=\"p1\"><span class=\"s1\">O Festival AnimaMix Caixa Seguridade chega a Bras\u00edlia em agosto com um impacto que vai al\u00e9m do palco. O evento \u00e9 um exemplo de como a economia criativa pode fomentar neg\u00f3cios, gerar emprego e criar oportunidades. Al\u00e9m de atrair grandes nomes da m\u00fasica nacional, como Mart\u2019n\u00e1lia e o musical \u201cVital &#8211; O Musical dos Paralamas\u201d, o festival aposta na valoriza\u00e7\u00e3o de artistas locais, oferecendo espa\u00e7o para seis bandas e m\u00fasicos do Distrito Federal e de Goi\u00e1s, com cach\u00ea que varia de R$ 3 mil a R$ 8 mil. As inscri\u00e7\u00f5es acontecem de 3 a 23 de julho, no site www.animamixfestival.com.br.<\/span><\/p>\n<p><strong><em>Acompanhe a Capital S\/A na TV Bras\u00edlia todas as ter\u00e7as e quintas-feiras, 18h30, no JL ao vivo.<\/em><\/strong><\/p>\n","protected":false},"excerpt":{"rendered":"<p>\u201cSe A \u00e9 o sucesso, ent\u00e3o A \u00e9 igual a X mais Y mais Z. O trabalho \u00e9 X; Y \u00e9 o lazer; e Z \u00e9 manter a boca fechada\u201d, Albert Eistein Coluna Capital S\/A de 02 de julho\u00a0 Por Samanta Sallum\u00a0 O setor de servi\u00e7os \u00e9 o que mais emprega na capital federal. Ficou mesmo bem no passado a [&hellip;]<\/p>\n","protected":false},"author":125,"featured_media":19745,"comment_status":"open","ping_status":"open","sticky":false,"template":"","format":"standard","meta":{"footnotes":""},"categories":[1],"tags":[1576,2492,3049,276,960,734,3048,2189,566,1040,1428,454,3047,3046,2486,340,782],"class_list":["post-19741","post","type-post","status-publish","format-standard","has-post-thumbnail","hentry","category-sem-categoria","tag-ademi","tag-ademi-df","tag-animamix","tag-economia","tag-economiacriativa","tag-fecomercio-df","tag-funcionalismopublico","tag-infraestrutura","tag-iphan","tag-joseaparecidofreire","tag-leandrograss","tag-servicos","tag-setorprivado","tag-setorpublico","tag-sinduscon-df","tag-trabalho","tag-emprego"],"_links":{"self":[{"href":"https:\/\/blogs.correiobraziliense.com.br\/capital-sa\/wp-json\/wp\/v2\/posts\/19741","targetHints":{"allow":["GET"]}}],"collection":[{"href":"https:\/\/blogs.correiobraziliense.com.br\/capital-sa\/wp-json\/wp\/v2\/posts"}],"about":[{"href":"https:\/\/blogs.correiobraziliense.com.br\/capital-sa\/wp-json\/wp\/v2\/types\/post"}],"author":[{"embeddable":true,"href":"https:\/\/blogs.correiobraziliense.com.br\/capital-sa\/wp-json\/wp\/v2\/users\/125"}],"replies":[{"embeddable":true,"href":"https:\/\/blogs.correiobraziliense.com.br\/capital-sa\/wp-json\/wp\/v2\/comments?post=19741"}],"version-history":[{"count":9,"href":"https:\/\/blogs.correiobraziliense.com.br\/capital-sa\/wp-json\/wp\/v2\/posts\/19741\/revisions"}],"predecessor-version":[{"id":19755,"href":"https:\/\/blogs.correiobraziliense.com.br\/capital-sa\/wp-json\/wp\/v2\/posts\/19741\/revisions\/19755"}],"wp:featuredmedia":[{"embeddable":true,"href":"https:\/\/blogs.correiobraziliense.com.br\/capital-sa\/wp-json\/wp\/v2\/media\/19745"}],"wp:attachment":[{"href":"https:\/\/blogs.correiobraziliense.com.br\/capital-sa\/wp-json\/wp\/v2\/media?parent=19741"}],"wp:term":[{"taxonomy":"category","embeddable":true,"href":"https:\/\/blogs.correiobraziliense.com.br\/capital-sa\/wp-json\/wp\/v2\/categories?post=19741"},{"taxonomy":"post_tag","embeddable":true,"href":"https:\/\/blogs.correiobraziliense.com.br\/capital-sa\/wp-json\/wp\/v2\/tags?post=19741"}],"curies":[{"name":"wp","href":"https:\/\/api.w.org\/{rel}","templated":true}]}}