{"id":19719,"date":"2025-06-30T16:27:52","date_gmt":"2025-06-30T19:27:52","guid":{"rendered":"https:\/\/blogs.correiobraziliense.com.br\/capital-sa\/?p=19719"},"modified":"2025-06-30T20:34:49","modified_gmt":"2025-06-30T23:34:49","slug":"processo-para-reajuste-de-policiais-no-df-vence-mais-uma-etapa","status":"publish","type":"post","link":"https:\/\/blogs.correiobraziliense.com.br\/capital-sa\/2025\/06\/30\/processo-para-reajuste-de-policiais-no-df-vence-mais-uma-etapa\/","title":{"rendered":"Processo para reajuste de policiais no DF vence mais uma etapa"},"content":{"rendered":"<p class=\"p1\"><em>H\u00e1 expectativa de que o Minist\u00e9rio da Gest\u00e3o convoque nos pr\u00f3ximos dias uma reuni\u00e3o com representantes das for\u00e7as de seguran\u00e7a da capital federal. Processo de pagamento deve ser conclu\u00eddo at\u00e9 no m\u00e1ximo abril, a data-limite definida pelo calend\u00e1rio eleitoral de 2026<\/em><\/p>\n<p class=\"p1\"><span class=\"s1\"><strong>Por Samanta Sallum<\/strong> <\/span><\/p>\n<p class=\"p1\"><span class=\"s1\">Na previs\u00e3o contida na proposta de reajuste salarial das for\u00e7as de seguran\u00e7a p\u00fablica no DF, enviada pelo governador Ibaneis Rocha ao governo federal, o primeiro pagamento j\u00e1 seria em setembro. O processo caminha lento. No entanto, h\u00e1 grande expectativa de que o Minist\u00e9rio da Gest\u00e3o e da Inova\u00e7\u00e3o em Servi\u00e7os P\u00fablicos\u00a0<\/span>convoque uma\u00a0reuni\u00e3o nos pr\u00f3ximos dias do chamado F\u00f3rum do Di\u00e1logo com representantes da PM, de Pol\u00edcia Civil e dos Bombeiros.<\/p>\n<p class=\"p1\"><span class=\"s1\">Na \u00faltima semana, o minist\u00e9rio pediu ao GDF mais detalhamentos sobre os c\u00e1lculos or\u00e7ament\u00e1rios que, segundo Ibaneis, comprovam a viabilidade econ\u00f4mica para conceder o reajuste. A Secretaria de Economia e a Secretaria de Seguran\u00e7a enviaram as informa\u00e7\u00f5es.<\/span><\/p>\n<p class=\"p1\"><span class=\"s1\">\u201cEstamos dando todos os esclarecimentos que o Minist\u00e9rio nos pede. E acreditamos que seremos chamados para uma reuni\u00e3o em breve\u201d, disse o secret\u00e1rio executivo institucional de Secretaria de Seguran\u00e7a P\u00fablica do DF, Thiago Costa, durante entrevista ao CB Poder. <\/span><\/p>\n<p class=\"p1\"><span class=\"s1\">Ser\u00e1 necess\u00e1rio um projeto de lei alterando a lei or\u00e7ament\u00e1ria da Uni\u00e3o de 2025 para incluir a previs\u00e3o de gastos e um outro projeto espec\u00edfico<span class=\"Apple-converted-space\">\u00a0<\/span>autorizando o GDF a efetivar o pagamento. \u201c\u00c9 poss\u00edvel que aconte\u00e7a, se n\u00e3o for em tempo at\u00e9 setembro, posteriormente a lei or\u00e7ament\u00e1ria, se aprovada, pode ter efeito retroativo, como aconteceu com outros servidores federais\u201d, explicou Costa.<\/span><\/p>\n<p>Pela lei eleitoral, reajustes e benef\u00edcios a servidores s\u00f3 podem ser concedidos at\u00e9 180 dias antes das elei\u00e7\u00f5es. Ent\u00e3o, o governo federal teria de dar o sinal verde para o reajuste em tempo para que tudo seja aprovado no Congresso e pago at\u00e9 abril pr\u00f3ximo. Caso contr\u00e1rio, o aumento da seguran\u00e7a p\u00fablica do DF s\u00f3 ficaria para 2027.<\/p>\n<p><strong><em>Acompanhe a Capital S\/A na TV Bras\u00edlia todas as ter\u00e7as e quintas-feiras, 18h30, no JL ao vivo.<\/em><\/strong><\/p>\n","protected":false},"excerpt":{"rendered":"<p>H\u00e1 expectativa de que o Minist\u00e9rio da Gest\u00e3o convoque nos pr\u00f3ximos dias uma reuni\u00e3o com representantes das for\u00e7as de seguran\u00e7a da capital federal. Processo de pagamento deve ser conclu\u00eddo at\u00e9 no m\u00e1ximo abril, a data-limite definida pelo calend\u00e1rio eleitoral de 2026 Por Samanta Sallum Na previs\u00e3o contida na proposta de reajuste salarial das for\u00e7as de seguran\u00e7a p\u00fablica no DF, enviada [&hellip;]<\/p>\n","protected":false},"author":125,"featured_media":19724,"comment_status":"open","ping_status":"open","sticky":false,"template":"","format":"standard","meta":{"footnotes":""},"categories":[6],"tags":[3038,203,642,2306,2592,950,2995,439,1730],"class_list":["post-19719","post","type-post","status-publish","format-standard","has-post-thumbnail","hentry","category-coluna-capital-s-a","tag-bombeiros","tag-gdf","tag-ibaneisrocha","tag-policiacivil","tag-policiamilitar","tag-reajuste","tag-reajustesalarial","tag-seguranca","tag-segurancapublica"],"_links":{"self":[{"href":"https:\/\/blogs.correiobraziliense.com.br\/capital-sa\/wp-json\/wp\/v2\/posts\/19719","targetHints":{"allow":["GET"]}}],"collection":[{"href":"https:\/\/blogs.correiobraziliense.com.br\/capital-sa\/wp-json\/wp\/v2\/posts"}],"about":[{"href":"https:\/\/blogs.correiobraziliense.com.br\/capital-sa\/wp-json\/wp\/v2\/types\/post"}],"author":[{"embeddable":true,"href":"https:\/\/blogs.correiobraziliense.com.br\/capital-sa\/wp-json\/wp\/v2\/users\/125"}],"replies":[{"embeddable":true,"href":"https:\/\/blogs.correiobraziliense.com.br\/capital-sa\/wp-json\/wp\/v2\/comments?post=19719"}],"version-history":[{"count":8,"href":"https:\/\/blogs.correiobraziliense.com.br\/capital-sa\/wp-json\/wp\/v2\/posts\/19719\/revisions"}],"predecessor-version":[{"id":19733,"href":"https:\/\/blogs.correiobraziliense.com.br\/capital-sa\/wp-json\/wp\/v2\/posts\/19719\/revisions\/19733"}],"wp:featuredmedia":[{"embeddable":true,"href":"https:\/\/blogs.correiobraziliense.com.br\/capital-sa\/wp-json\/wp\/v2\/media\/19724"}],"wp:attachment":[{"href":"https:\/\/blogs.correiobraziliense.com.br\/capital-sa\/wp-json\/wp\/v2\/media?parent=19719"}],"wp:term":[{"taxonomy":"category","embeddable":true,"href":"https:\/\/blogs.correiobraziliense.com.br\/capital-sa\/wp-json\/wp\/v2\/categories?post=19719"},{"taxonomy":"post_tag","embeddable":true,"href":"https:\/\/blogs.correiobraziliense.com.br\/capital-sa\/wp-json\/wp\/v2\/tags?post=19719"}],"curies":[{"name":"wp","href":"https:\/\/api.w.org\/{rel}","templated":true}]}}