{"id":19712,"date":"2025-06-30T12:27:54","date_gmt":"2025-06-30T15:27:54","guid":{"rendered":"https:\/\/blogs.correiobraziliense.com.br\/capital-sa\/?p=19712"},"modified":"2025-06-30T20:25:14","modified_gmt":"2025-06-30T23:25:14","slug":"credito-para-pequenos-negocios-atinge-melhor-indice-desde-2022","status":"publish","type":"post","link":"https:\/\/blogs.correiobraziliense.com.br\/capital-sa\/2025\/06\/30\/credito-para-pequenos-negocios-atinge-melhor-indice-desde-2022\/","title":{"rendered":"Cr\u00e9dito para pequenos neg\u00f3cios atinge melhor \u00edndice desde 2022"},"content":{"rendered":"<p class=\"p1\"><strong>Por Samanta Sallum\u00a0<\/strong><\/p>\n<p class=\"p1\"><span class=\"s1\">Quase metade dos empreendedores brasileiros que buscaram empr\u00e9stimo banc\u00e1rio nos \u00faltimos tr\u00eas meses obteve sucesso em sua solicita\u00e7\u00e3o. Esse \u00e9 o melhor \u00edndice registrado em pesquisa realizada pelo Sebrae junto de donos de micro e pequenas empresas, al\u00e9m de microempreendedores individuais (MEI), desde agosto de 2022.<br \/>\n<\/span><\/p>\n<p class=\"p1\"><span class=\"s1\">O levantamento aponta tamb\u00e9m que os pequenos neg\u00f3cios est\u00e3o conseguindo manter o pagamento dos seus empr\u00e9stimos em dia, e o \u00edndice de inadimpl\u00eancia mant\u00e9m-se entre os mais baixos j\u00e1 registrados. A pesquisa revelou que, no \u00faltimo m\u00eas de maio, um em cada quatro empreendedores havia buscado cr\u00e9dito. Desse universo, 45% conseguiram o empr\u00e9stimo.<\/span><\/p>\n<p class=\"p1\"><strong><span class=\"s1\">Parceria com institui\u00e7\u00f5es financeiras <\/span><\/strong><\/p>\n<p class=\"p1\"><span class=\"s1\">O Sebrae conta com 26 institui\u00e7\u00f5es financeiras operadoras do fundo de aval mantido pela Institui\u00e7\u00e3o, o FAMPE. Al\u00e9m de disponibilizar os valores necess\u00e1rios como garantia para esses empr\u00e9stimos, o Sebrae oferece assist\u00eancia integral desde o momento de tomada do cr\u00e9dito at\u00e9 que o empres\u00e1rio encerre a d\u00edvida.<\/span><\/p>\n<p class=\"p1\"><strong><span class=\"s1\">Renda e Inclus\u00e3o <\/span><\/strong><\/p>\n<p class=\"p1\"><span class=\"s1\">\u201cO Sebrae trabalha para que os empreendedores e as empreendedoras tenham acesso ao cr\u00e9dito. Com isso, podem investir e gerar empregos, renda e inclus\u00e3o\u201d, disse o presidente do Sebrae, D\u00e9cio Lima.<\/span><\/p>\n<p><strong><em>Acompanhe a Capital S\/A na TV Bras\u00edlia todas as ter\u00e7as e quintas-feiras, 18h30, no JL ao vivo.<\/em><\/strong><\/p>\n","protected":false},"excerpt":{"rendered":"<p>Por Samanta Sallum\u00a0 Quase metade dos empreendedores brasileiros que buscaram empr\u00e9stimo banc\u00e1rio nos \u00faltimos tr\u00eas meses obteve sucesso em sua solicita\u00e7\u00e3o. Esse \u00e9 o melhor \u00edndice registrado em pesquisa realizada pelo Sebrae junto de donos de micro e pequenas empresas, al\u00e9m de microempreendedores individuais (MEI), desde agosto de 2022. O levantamento aponta tamb\u00e9m que os pequenos neg\u00f3cios est\u00e3o conseguindo manter [&hellip;]<\/p>\n","protected":false},"author":125,"featured_media":19718,"comment_status":"open","ping_status":"open","sticky":false,"template":"","format":"standard","meta":{"footnotes":""},"categories":[6],"tags":[893,2294,276,2731,517,50],"class_list":["post-19712","post","type-post","status-publish","format-standard","has-post-thumbnail","hentry","category-coluna-capital-s-a","tag-credito","tag-deciolima","tag-economia","tag-empreendorismo","tag-negocios","tag-sebrae"],"_links":{"self":[{"href":"https:\/\/blogs.correiobraziliense.com.br\/capital-sa\/wp-json\/wp\/v2\/posts\/19712","targetHints":{"allow":["GET"]}}],"collection":[{"href":"https:\/\/blogs.correiobraziliense.com.br\/capital-sa\/wp-json\/wp\/v2\/posts"}],"about":[{"href":"https:\/\/blogs.correiobraziliense.com.br\/capital-sa\/wp-json\/wp\/v2\/types\/post"}],"author":[{"embeddable":true,"href":"https:\/\/blogs.correiobraziliense.com.br\/capital-sa\/wp-json\/wp\/v2\/users\/125"}],"replies":[{"embeddable":true,"href":"https:\/\/blogs.correiobraziliense.com.br\/capital-sa\/wp-json\/wp\/v2\/comments?post=19712"}],"version-history":[{"count":7,"href":"https:\/\/blogs.correiobraziliense.com.br\/capital-sa\/wp-json\/wp\/v2\/posts\/19712\/revisions"}],"predecessor-version":[{"id":19732,"href":"https:\/\/blogs.correiobraziliense.com.br\/capital-sa\/wp-json\/wp\/v2\/posts\/19712\/revisions\/19732"}],"wp:featuredmedia":[{"embeddable":true,"href":"https:\/\/blogs.correiobraziliense.com.br\/capital-sa\/wp-json\/wp\/v2\/media\/19718"}],"wp:attachment":[{"href":"https:\/\/blogs.correiobraziliense.com.br\/capital-sa\/wp-json\/wp\/v2\/media?parent=19712"}],"wp:term":[{"taxonomy":"category","embeddable":true,"href":"https:\/\/blogs.correiobraziliense.com.br\/capital-sa\/wp-json\/wp\/v2\/categories?post=19712"},{"taxonomy":"post_tag","embeddable":true,"href":"https:\/\/blogs.correiobraziliense.com.br\/capital-sa\/wp-json\/wp\/v2\/tags?post=19712"}],"curies":[{"name":"wp","href":"https:\/\/api.w.org\/{rel}","templated":true}]}}