{"id":1969,"date":"2021-02-23T09:55:22","date_gmt":"2021-02-23T12:55:22","guid":{"rendered":"https:\/\/blogs.correiobraziliense.com.br\/capital-sa\/?p=1969"},"modified":"2021-02-23T23:16:34","modified_gmt":"2021-02-24T02:16:34","slug":"joias-em-artesanato","status":"publish","type":"post","link":"https:\/\/blogs.correiobraziliense.com.br\/capital-sa\/2021\/02\/23\/joias-em-artesanato\/","title":{"rendered":"Joias em artesanato"},"content":{"rendered":"<p>Uma joia de vestir, em forma de top, pe\u00e7a \u00fanica exclusiva, feita manualmente, usando a t\u00e9cnica de trama de n\u00f3. Confeccionada com ametistas lapidadas, e fibra de poliamida, bot\u00f5es de prata 925, banhada a ouro branco com uma ametista cravada.<\/p>\n<p>As pe\u00e7as foram \u00a0produzidas \u00a0por artes\u00e3s do Brasil, sob a curadoria da design de joias de Bras\u00edlia Elinalva Henrique. E usadas por Karla 13 anos, filha da empres\u00e1ria Keli Mayer, em desfile ontem de abertura do Semin\u00e1rio Mulheres Antenadas no restaurante Mayer, na 116 sul.<\/p>\n<p><img loading=\"lazy\" decoding=\"async\" class=\"aligncenter size-medium wp-image-2006\" src=\"https:\/\/blogs.correiobraziliense.com.br\/capital-sa\/wp-content\/uploads\/sites\/59\/2021\/02\/6F6D3ED7-EEC3-42FC-882C-E774F4CC8CD0-300x300.jpeg\" alt=\"\" width=\"300\" height=\"300\" srcset=\"https:\/\/blogs.correiobraziliense.com.br\/capital-sa\/wp-content\/uploads\/sites\/59\/2021\/02\/6F6D3ED7-EEC3-42FC-882C-E774F4CC8CD0-300x300.jpeg 300w, https:\/\/blogs.correiobraziliense.com.br\/capital-sa\/wp-content\/uploads\/sites\/59\/2021\/02\/6F6D3ED7-EEC3-42FC-882C-E774F4CC8CD0-150x150.jpeg 150w, https:\/\/blogs.correiobraziliense.com.br\/capital-sa\/wp-content\/uploads\/sites\/59\/2021\/02\/6F6D3ED7-EEC3-42FC-882C-E774F4CC8CD0-550x552.jpeg 550w, https:\/\/blogs.correiobraziliense.com.br\/capital-sa\/wp-content\/uploads\/sites\/59\/2021\/02\/6F6D3ED7-EEC3-42FC-882C-E774F4CC8CD0-230x231.jpeg 230w, https:\/\/blogs.correiobraziliense.com.br\/capital-sa\/wp-content\/uploads\/sites\/59\/2021\/02\/6F6D3ED7-EEC3-42FC-882C-E774F4CC8CD0.jpeg 596w\" sizes=\"auto, (max-width: 300px) 100vw, 300px\" \/><\/p>\n","protected":false},"excerpt":{"rendered":"<p>Uma joia de vestir, em forma de top, pe\u00e7a \u00fanica exclusiva, feita manualmente, usando a t\u00e9cnica de trama de n\u00f3. Confeccionada com ametistas lapidadas, e fibra de poliamida, bot\u00f5es de prata 925, banhada a ouro branco com uma ametista cravada. As pe\u00e7as foram \u00a0produzidas \u00a0por artes\u00e3s do Brasil, sob a curadoria da design de joias de Bras\u00edlia Elinalva Henrique. E [&hellip;]<\/p>\n","protected":false},"author":125,"featured_media":1973,"comment_status":"open","ping_status":"open","sticky":false,"template":"","format":"standard","meta":{"footnotes":""},"categories":[6],"tags":[],"class_list":["post-1969","post","type-post","status-publish","format-standard","has-post-thumbnail","hentry","category-coluna-capital-s-a"],"_links":{"self":[{"href":"https:\/\/blogs.correiobraziliense.com.br\/capital-sa\/wp-json\/wp\/v2\/posts\/1969","targetHints":{"allow":["GET"]}}],"collection":[{"href":"https:\/\/blogs.correiobraziliense.com.br\/capital-sa\/wp-json\/wp\/v2\/posts"}],"about":[{"href":"https:\/\/blogs.correiobraziliense.com.br\/capital-sa\/wp-json\/wp\/v2\/types\/post"}],"author":[{"embeddable":true,"href":"https:\/\/blogs.correiobraziliense.com.br\/capital-sa\/wp-json\/wp\/v2\/users\/125"}],"replies":[{"embeddable":true,"href":"https:\/\/blogs.correiobraziliense.com.br\/capital-sa\/wp-json\/wp\/v2\/comments?post=1969"}],"version-history":[{"count":5,"href":"https:\/\/blogs.correiobraziliense.com.br\/capital-sa\/wp-json\/wp\/v2\/posts\/1969\/revisions"}],"predecessor-version":[{"id":2008,"href":"https:\/\/blogs.correiobraziliense.com.br\/capital-sa\/wp-json\/wp\/v2\/posts\/1969\/revisions\/2008"}],"wp:featuredmedia":[{"embeddable":true,"href":"https:\/\/blogs.correiobraziliense.com.br\/capital-sa\/wp-json\/wp\/v2\/media\/1973"}],"wp:attachment":[{"href":"https:\/\/blogs.correiobraziliense.com.br\/capital-sa\/wp-json\/wp\/v2\/media?parent=1969"}],"wp:term":[{"taxonomy":"category","embeddable":true,"href":"https:\/\/blogs.correiobraziliense.com.br\/capital-sa\/wp-json\/wp\/v2\/categories?post=1969"},{"taxonomy":"post_tag","embeddable":true,"href":"https:\/\/blogs.correiobraziliense.com.br\/capital-sa\/wp-json\/wp\/v2\/tags?post=1969"}],"curies":[{"name":"wp","href":"https:\/\/api.w.org\/{rel}","templated":true}]}}