{"id":19672,"date":"2025-06-27T14:19:51","date_gmt":"2025-06-27T17:19:51","guid":{"rendered":"https:\/\/blogs.correiobraziliense.com.br\/capital-sa\/?p=19672"},"modified":"2025-06-28T10:17:11","modified_gmt":"2025-06-28T13:17:11","slug":"fecombustiveis-critica-suspensao-do-programa-de-qualidade-da-anp","status":"publish","type":"post","link":"https:\/\/blogs.correiobraziliense.com.br\/capital-sa\/2025\/06\/27\/fecombustiveis-critica-suspensao-do-programa-de-qualidade-da-anp\/","title":{"rendered":"Fecombust\u00edveis critica suspens\u00e3o do programa de qualidade da ANP"},"content":{"rendered":"<p><em>Federa\u00e7\u00e3o diverge tamb\u00e9m do governo federal sobre impactos no pre\u00e7o dos combust\u00edveis com a eleva\u00e7\u00e3o dos teores de etanol\u00a0<\/em><\/p>\n<p class=\"p1\"><strong>Por Samanta Sallum\u00a0<\/strong><\/p>\n<p class=\"p1\"><span class=\"s2\">A Federa\u00e7\u00e3o Nacional do Com\u00e9rcio de Combust\u00edveis e de Lubrificantes pediu a manuten\u00e7\u00e3o rigorosa dos padr\u00f5es de qualidade dos combust\u00edveis, especialmente diante da eleva\u00e7\u00e3o dos teores de etanol anidro (E30) e de biodiesel (B15). A\u00a0<\/span>entidade v\u00ea com preocupa\u00e7\u00e3o a suspens\u00e3o do Programa de Monitoramento da Qualidade dos Combust\u00edveis (PMQC) da Ag\u00eancia Nacional do Petr\u00f3leo, G\u00e1sNatural e Biocombust\u00edveis (ANP), bem como a redu\u00e7\u00e3o das a\u00e7\u00f5es de fiscaliza\u00e7\u00e3o, decorrentes da limita\u00e7\u00e3o or\u00e7ament\u00e1ria.<\/p>\n<p class=\"p1\"><span class=\"s2\">\u201cNeste momento, \u00e9 de fundamental import\u00e2ncia que a ANP mantenha seu papel\u00a0<\/span>ativo e cont\u00ednuo, tanto no monitoramento quanto na fiscaliza\u00e7\u00e3o dos combust\u00edveis para assegurar sua qualidade aos consumidores finais\u201d, informou a entidade.<\/p>\n<p class=\"p1\"><span class=\"s2\">A Fecombust\u00edveis tamb\u00e9m observa que o impacto do aumento do etanol anidro\u00a0<\/span>na mistura deve resultar em redu\u00e7\u00e3o de custo da gasolina de at\u00e9 R$ 0,02 por litro, divergindo da estimativa de queda de at\u00e9 R$ 0,11 por litro, divulgada pelo governo federal.<\/p>\n<p class=\"p1\"><span class=\"s2\">Em rela\u00e7\u00e3o ao \u00f3leo diesel, devido ao aumento na mistura do biodiesel de 14%\u00a0<\/span>para 15%, o custo deve subir em at\u00e9 R$ 0,02 por litro.<\/p>\n","protected":false},"excerpt":{"rendered":"<p>Federa\u00e7\u00e3o diverge tamb\u00e9m do governo federal sobre impactos no pre\u00e7o dos combust\u00edveis com a eleva\u00e7\u00e3o dos teores de etanol\u00a0 Por Samanta Sallum\u00a0 A Federa\u00e7\u00e3o Nacional do Com\u00e9rcio de Combust\u00edveis e de Lubrificantes pediu a manuten\u00e7\u00e3o rigorosa dos padr\u00f5es de qualidade dos combust\u00edveis, especialmente diante da eleva\u00e7\u00e3o dos teores de etanol anidro (E30) e de biodiesel (B15). A\u00a0entidade v\u00ea com preocupa\u00e7\u00e3o [&hellip;]<\/p>\n","protected":false},"author":125,"featured_media":19676,"comment_status":"open","ping_status":"open","sticky":false,"template":"","format":"standard","meta":{"footnotes":""},"categories":[6],"tags":[505,1208,202,2207,3033],"class_list":["post-19672","post","type-post","status-publish","format-standard","has-post-thumbnail","hentry","category-coluna-capital-s-a","tag-combustiveis","tag-fecombustiveis","tag-fiscalizacao","tag-governofederal","tag-monitoramento"],"_links":{"self":[{"href":"https:\/\/blogs.correiobraziliense.com.br\/capital-sa\/wp-json\/wp\/v2\/posts\/19672","targetHints":{"allow":["GET"]}}],"collection":[{"href":"https:\/\/blogs.correiobraziliense.com.br\/capital-sa\/wp-json\/wp\/v2\/posts"}],"about":[{"href":"https:\/\/blogs.correiobraziliense.com.br\/capital-sa\/wp-json\/wp\/v2\/types\/post"}],"author":[{"embeddable":true,"href":"https:\/\/blogs.correiobraziliense.com.br\/capital-sa\/wp-json\/wp\/v2\/users\/125"}],"replies":[{"embeddable":true,"href":"https:\/\/blogs.correiobraziliense.com.br\/capital-sa\/wp-json\/wp\/v2\/comments?post=19672"}],"version-history":[{"count":5,"href":"https:\/\/blogs.correiobraziliense.com.br\/capital-sa\/wp-json\/wp\/v2\/posts\/19672\/revisions"}],"predecessor-version":[{"id":19678,"href":"https:\/\/blogs.correiobraziliense.com.br\/capital-sa\/wp-json\/wp\/v2\/posts\/19672\/revisions\/19678"}],"wp:featuredmedia":[{"embeddable":true,"href":"https:\/\/blogs.correiobraziliense.com.br\/capital-sa\/wp-json\/wp\/v2\/media\/19676"}],"wp:attachment":[{"href":"https:\/\/blogs.correiobraziliense.com.br\/capital-sa\/wp-json\/wp\/v2\/media?parent=19672"}],"wp:term":[{"taxonomy":"category","embeddable":true,"href":"https:\/\/blogs.correiobraziliense.com.br\/capital-sa\/wp-json\/wp\/v2\/categories?post=19672"},{"taxonomy":"post_tag","embeddable":true,"href":"https:\/\/blogs.correiobraziliense.com.br\/capital-sa\/wp-json\/wp\/v2\/tags?post=19672"}],"curies":[{"name":"wp","href":"https:\/\/api.w.org\/{rel}","templated":true}]}}