{"id":19647,"date":"2025-06-26T20:45:32","date_gmt":"2025-06-26T23:45:32","guid":{"rendered":"https:\/\/blogs.correiobraziliense.com.br\/capital-sa\/?p=19647"},"modified":"2025-06-27T11:34:06","modified_gmt":"2025-06-27T14:34:06","slug":"ibaneis-diz-deixara-gdf-em-abril-e-culpa-lula-por-corte-de-gastos-no-df","status":"publish","type":"post","link":"https:\/\/blogs.correiobraziliense.com.br\/capital-sa\/2025\/06\/26\/ibaneis-diz-deixara-gdf-em-abril-e-culpa-lula-por-corte-de-gastos-no-df\/","title":{"rendered":"Ibaneis diz que deixar\u00e1 GDF em abril e culpa Lula por corte de gastos no DF"},"content":{"rendered":"<p><strong>Por Samanta Sallum\u00a0<\/strong><\/p>\n<p>O governador do Distrito Federal, Ibaneis Rocha (MDB), disse na noite de hoje que foi obrigado a assinar o decreto que contingencia em R$ 1 bilh\u00e3o os gastos p\u00fablicos por culpa do descontrole fiscal do governo federal, liderado pelo presidente Lula (PT).<\/p>\n<p>\u201cOs juros est\u00e3o muito altos, e a responsabilidade disso \u00e9 da \u00e1rea federal. Os empres\u00e1rios, assim, deixam de investir, e o governo local vai sofrer perda de arrecada\u00e7\u00e3o. Diante deste cen\u00e1rio, precisamos ser cautelosos, controlar nossas despesas para n\u00e3o chegar ao final do ano com rombo. N\u00e3o podemos ser irrespons\u00e1veis como o governo federal\u201d, afirmou Ibaneis em evento na Associa\u00e7\u00e3o Brasiliense de Construtores (Asbraco).<\/p>\n<p>Ibaneis confirmou que deixa o Pal\u00e1cio do Buriti em abril do pr\u00f3ximo ano. \u201cVou sair para disputar a vaga ao Senado. A Celina (vice-governadora Celina Le\u00e3o) vai assumir, e eu tenho plena confian\u00e7a nela. Foi leal a mim nos 66 dias em que estive afastado do cargo por causa de uma decis\u00e3o injusta\u201d, disse, referindo-se \u00e0 determina\u00e7\u00e3o do STF em janeiro de 2023, por causa dos atos de depreda\u00e7\u00e3o por bolsonaristas na Pra\u00e7a dos Tr\u00eas Poderes, apontados como tentativa de golpe.<\/p>\n<p>O evento na sede da Asbraco, no SIA, reuniu empres\u00e1rios e autoridades do GDF. O governador foi recebido pelo presidente da Asbraco, Afonso Assad.<\/p>\n<p class=\"p1\"><strong><span class=\"s1\">Garantia para pagamentos de obras <\/span><\/strong><\/p>\n<p class=\"p1\"><span class=\"s1\">\u201cN\u00e3o vamos penalizar os empres\u00e1rios. Quem trabalhar ser\u00e1 pago. Fiquem tranquilos. E, para n\u00e3o faltar dinheiro, estamos tomando esses cuidados com o nosso\u00a0<\/span>Or\u00e7amentos agora\u201d, esclareceu.<\/p>\n<p>Junto com o presidente do BRB, Paulo Henrique Costa, informou que o banco passou agora de 6o para o 5o em acesso a financiamento imobili\u00e1rio. E o segundo p\u00fablico, s\u00f3 perdendo para a Caixa Econ\u00f4mica.<\/p>\n<p class=\"p1\"><span class=\"s1\"> O governador aproveitou tamb\u00e9m<span class=\"Apple-converted-space\">\u00a0a<\/span>\u00a0ocasi\u00e3o para criticar advers\u00e1rios pol\u00edticos do PT e do PSB no DF. \u201cSofri desgaste pessoal, financeiro, familiar para levantar de novo essa cidade afundada pelos governos anteriores\u201d, frisou.<\/span><\/p>\n<p><strong>\u201cDemocracia nunca \u00e9 cara\u201d<\/strong><\/p>\n<p>Ibaneis celebrou a derrubada do decreto do IOF pelo Congresso. E concordou com o aumento de n\u00famero de parlamentares aprovado pelo legislativo federal. \u201cNunca \u00e9 caro investir na democracia. O pa\u00eds cresceu e precisa de mais representantes\u201d, comentou \u00e0 coluna.<\/p>\n<p><strong><em>Acompanhe a Capital S\/A na TV Bras\u00edlia todas as ter\u00e7as e quintas-feiras, 18h30, no JL ao vivo.<\/em><\/strong><\/p>\n<p>&nbsp;<\/p>\n","protected":false},"excerpt":{"rendered":"<p>Por Samanta Sallum\u00a0 O governador do Distrito Federal, Ibaneis Rocha (MDB), disse na noite de hoje que foi obrigado a assinar o decreto que contingencia em R$ 1 bilh\u00e3o os gastos p\u00fablicos por culpa do descontrole fiscal do governo federal, liderado pelo presidente Lula (PT). \u201cOs juros est\u00e3o muito altos, e a responsabilidade disso \u00e9 da \u00e1rea federal. Os empres\u00e1rios, [&hellip;]<\/p>\n","protected":false},"author":125,"featured_media":19652,"comment_status":"open","ping_status":"open","sticky":false,"template":"","format":"standard","meta":{"footnotes":""},"categories":[6],"tags":[1068,1358,805,630,2580,2842,203,642,1165],"class_list":["post-19647","post","type-post","status-publish","format-standard","has-post-thumbnail","hentry","category-coluna-capital-s-a","tag-abrasco","tag-celinaleao","tag-congresso","tag-democracia","tag-eleicoes2026","tag-gastospublicos","tag-gdf","tag-ibaneisrocha","tag-lula"],"_links":{"self":[{"href":"https:\/\/blogs.correiobraziliense.com.br\/capital-sa\/wp-json\/wp\/v2\/posts\/19647","targetHints":{"allow":["GET"]}}],"collection":[{"href":"https:\/\/blogs.correiobraziliense.com.br\/capital-sa\/wp-json\/wp\/v2\/posts"}],"about":[{"href":"https:\/\/blogs.correiobraziliense.com.br\/capital-sa\/wp-json\/wp\/v2\/types\/post"}],"author":[{"embeddable":true,"href":"https:\/\/blogs.correiobraziliense.com.br\/capital-sa\/wp-json\/wp\/v2\/users\/125"}],"replies":[{"embeddable":true,"href":"https:\/\/blogs.correiobraziliense.com.br\/capital-sa\/wp-json\/wp\/v2\/comments?post=19647"}],"version-history":[{"count":23,"href":"https:\/\/blogs.correiobraziliense.com.br\/capital-sa\/wp-json\/wp\/v2\/posts\/19647\/revisions"}],"predecessor-version":[{"id":19671,"href":"https:\/\/blogs.correiobraziliense.com.br\/capital-sa\/wp-json\/wp\/v2\/posts\/19647\/revisions\/19671"}],"wp:featuredmedia":[{"embeddable":true,"href":"https:\/\/blogs.correiobraziliense.com.br\/capital-sa\/wp-json\/wp\/v2\/media\/19652"}],"wp:attachment":[{"href":"https:\/\/blogs.correiobraziliense.com.br\/capital-sa\/wp-json\/wp\/v2\/media?parent=19647"}],"wp:term":[{"taxonomy":"category","embeddable":true,"href":"https:\/\/blogs.correiobraziliense.com.br\/capital-sa\/wp-json\/wp\/v2\/categories?post=19647"},{"taxonomy":"post_tag","embeddable":true,"href":"https:\/\/blogs.correiobraziliense.com.br\/capital-sa\/wp-json\/wp\/v2\/tags?post=19647"}],"curies":[{"name":"wp","href":"https:\/\/api.w.org\/{rel}","templated":true}]}}