{"id":19612,"date":"2025-06-25T14:33:57","date_gmt":"2025-06-25T17:33:57","guid":{"rendered":"https:\/\/blogs.correiobraziliense.com.br\/capital-sa\/?p=19612"},"modified":"2025-06-28T21:50:43","modified_gmt":"2025-06-29T00:50:43","slug":"sindhobar-pede-providencias-a-secretaria-de-seguranca-para-proteger-areas-comerciais","status":"publish","type":"post","link":"https:\/\/blogs.correiobraziliense.com.br\/capital-sa\/2025\/06\/25\/sindhobar-pede-providencias-a-secretaria-de-seguranca-para-proteger-areas-comerciais\/","title":{"rendered":"Sindhobar pede provid\u00eancias \u00e0 Secretaria de Seguran\u00e7a para proteger \u00e1reas comerciais"},"content":{"rendered":"<p class=\"p2\" style=\"text-align: left\"><span class=\"s1\">\u201cA suprema arte da guerra \u00e9 derrotar o inimigo sem lutar.\u201d Sun Tzu\u00a0<\/span><\/p>\n<p class=\"p1\"><strong>Coluna Capital S\/A de 25 de junho<br \/>\nPor Samanta Sallum\u00a0<\/strong><\/p>\n<p class=\"p1\"><span class=\"s1\">Bras\u00edlia registrou crescimento no n\u00famero de pessoas em situa\u00e7\u00f5es de rua. De acordo com o Censo Distrital, foram identificados 3.521 indiv\u00edduos nessa condi\u00e7\u00e3o, o que representa um aumento de 19,8% em rela\u00e7\u00e3o ao censo de 2022. Com esse crescente retrato social, moradores e frequentadores do com\u00e9rcio em diversas regi\u00f5es do Distrito Federal relatam que houve aumento de amea\u00e7as, roubos e furtos. Diante desse cen\u00e1rio, a diretoria do Sindhobar (Sindicato de Hot\u00e9is, Restaurantes, Bares e Similares de Bras\u00edlia) se reuniu com o secret\u00e1rio de Seguran\u00e7a P\u00fablica do DF, Sandro Avelar, para discutir propostas de a\u00e7\u00f5es que n\u00e3o apenas solucionem o problema, mas tamb\u00e9m promovam uma abordagem humanit\u00e1ria e eficaz.<\/span><\/p>\n<p>\u201cO di\u00e1logo entre o Sindhobar e a Secretaria de Seguran\u00e7a P\u00fablica \u00e9 um passo crucial para buscar solu\u00e7\u00f5es que realmente atendam \u00e0s necessidades da comunidade\u201d, disse Jael Silva, presidente do Sindhobar.<\/p>\n<p class=\"p1\"><span class=\"s1\">O Sindhobar explica que a inten\u00e7\u00e3o \u00e9 garantir a seguran\u00e7a de comerciantes, empres\u00e1rios e clientes e, ao mesmo tempo, melhorar a situa\u00e7\u00e3o das pessoas em condi\u00e7\u00e3o de vulnerabilidade nas ruas.<br \/>\n<\/span><\/p>\n<blockquote>\n<p class=\"p1\"><span class=\"s1\">\u201cAcreditamos que a colabora\u00e7\u00e3o entre diferentes setores \u00e9 essencial para enfrentar essa quest\u00e3o social desafiadora. Estamos cobrando do secret\u00e1rio, uma resposta oficial dos nossos pleitos e quais ser\u00e3o as a\u00e7\u00f5es implementadas para solucionar as quest\u00f5es levantadas\u201d, refor\u00e7ou o<span class=\"Apple-converted-space\">\u00a0 <\/span>presidente do sindicato.<\/span><\/p>\n<\/blockquote>\n<p>O secret\u00e1rio de Seguran\u00e7a disse \u00e0 coluna que a atua\u00e7\u00e3o com moradores de rua \u00e9 um a\u00e7\u00e3o mais ampla de governo que integra diversos \u00f3rg\u00e3os, como a Secretaria de Desenvolvimento Social. E que j\u00e1 houve refor\u00e7o no trabalho da PM, especialmente na Asa Norte, para policiar as \u00e1reas comerciais.<\/p>\n<p class=\"p1\"><strong><span class=\"s1\">IBM e TikTok firmam parcerias com o SESI Lab<br \/>\n<\/span><\/strong><\/p>\n<p class=\"p1\">O Museu de Ci\u00eancia, Arte e Tecnologia de Bras\u00edlia, Sesi Lab, fechou novas parcerias com a IBM e o TikTok para ampliar as atividades oferecidas ao p\u00fablico. Com a IBM, vai oferecer uma oficina in\u00e9dita sobre intelig\u00eancia artificial. A atividade est\u00e1 em fase de desenvolvimento e ser\u00e1 acessada pelo p\u00fablico nos pr\u00f3ximos meses.<\/p>\n<p class=\"p1\">J\u00e1 o TikTok, parceiro do Sesi Lab desde 2023, renovou o compromisso e assina agora o programa Di\u00e1logos com o Territ\u00f3rio, para a\u00a0 constru\u00e7\u00e3o de pontes entre o museu e comunidades perif\u00e9ricas do Distrito Federal.<\/p>\n<p class=\"p1\"><span class=\"s2\"><strong>Produ\u00e7\u00e3o industrial se recupera em maio, mas n\u00e3o aponta melhora significativa<\/strong> <\/span><\/p>\n<p><img loading=\"lazy\" decoding=\"async\" class=\"aligncenter size-medium wp-image-19625\" src=\"https:\/\/blogs.correiobraziliense.com.br\/capital-sa\/wp-content\/uploads\/sites\/59\/2025\/06\/IMG_7278-300x137.jpeg\" alt=\"\" width=\"300\" height=\"137\" \/><\/p>\n<p class=\"p1\">O \u00edndice de evolu\u00e7\u00e3o da produ\u00e7\u00e3o industrial registrou 52 pontos em maio, sugerindo recupera\u00e7\u00e3o da atividade do setor em rela\u00e7\u00e3o \u00e0 queda observada em abril, aponta a CNI. \u00c9 um quadro positivo para o m\u00eas de maio, mas que vem ap\u00f3s uma sequ\u00eancia de resultados n\u00e3o t\u00e3o positiva. N\u00e3o mostra, portanto, que a atividade vai melhorar significativamente\u201d, avalia Marcelo Azevedo, gerente de An\u00e1lise Econ\u00f4mica da CNI.<\/p>\n<p class=\"p1\"><span class=\"s1\">\u00a0<\/span><strong>Menos empregados<\/strong><\/p>\n<p class=\"p1\"><span class=\"s1\">O \u00edndice que mede a evolu\u00e7\u00e3o do n\u00famero de empregados registrou 49,6 pontos. Foi o terceiro m\u00eas consecutivo em que o indicador ficou abaixo da linha de 50 pontos, demonstrando que os empres\u00e1rios percebem queda na quantidade de trabalhadores ante o m\u00eas anterior. Ainda assim, o recuo foi menor que o observado nos meses de maio de 2024 e de 2023.<\/span><\/p>\n<p><strong><em>*Acompanhe a Capital S\/A na TV Bras\u00edlia todas as ter\u00e7as e quintas-feiras, 18h30, ao vivo.<\/em><\/strong><\/p>\n<p><iframe loading=\"lazy\" title=\"Capital S\/A\" width=\"1440\" height=\"810\" src=\"https:\/\/www.youtube.com\/embed\/videoseries?list=PLQ4vd9cZpWqsggflo87vUJd4VcYSuhMLc\" frameborder=\"0\" allow=\"accelerometer; autoplay; clipboard-write; encrypted-media; gyroscope; picture-in-picture; web-share\" referrerpolicy=\"strict-origin-when-cross-origin\" allowfullscreen><\/iframe><\/p>\n","protected":false},"excerpt":{"rendered":"<p>\u201cA suprema arte da guerra \u00e9 derrotar o inimigo sem lutar.\u201d Sun Tzu\u00a0 Coluna Capital S\/A de 25 de junho Por Samanta Sallum\u00a0 Bras\u00edlia registrou crescimento no n\u00famero de pessoas em situa\u00e7\u00f5es de rua. De acordo com o Censo Distrital, foram identificados 3.521 indiv\u00edduos nessa condi\u00e7\u00e3o, o que representa um aumento de 19,8% em rela\u00e7\u00e3o ao censo de 2022. Com [&hellip;]<\/p>\n","protected":false},"author":125,"featured_media":19619,"comment_status":"open","ping_status":"open","sticky":false,"template":"","format":"standard","meta":{"footnotes":""},"categories":[6],"tags":[962,1976,2806,276,3028,439,1730,3029,1617,206,64],"class_list":["post-19612","post","type-post","status-publish","format-standard","has-post-thumbnail","hentry","category-coluna-capital-s-a","tag-desenvolvimento","tag-desenvolvimentoeconomico","tag-desenvolvimentosocial","tag-economia","tag-ibm","tag-seguranca","tag-segurancapublica","tag-sesi-df","tag-sesilab","tag-sindhobar","tag-cni"],"_links":{"self":[{"href":"https:\/\/blogs.correiobraziliense.com.br\/capital-sa\/wp-json\/wp\/v2\/posts\/19612","targetHints":{"allow":["GET"]}}],"collection":[{"href":"https:\/\/blogs.correiobraziliense.com.br\/capital-sa\/wp-json\/wp\/v2\/posts"}],"about":[{"href":"https:\/\/blogs.correiobraziliense.com.br\/capital-sa\/wp-json\/wp\/v2\/types\/post"}],"author":[{"embeddable":true,"href":"https:\/\/blogs.correiobraziliense.com.br\/capital-sa\/wp-json\/wp\/v2\/users\/125"}],"replies":[{"embeddable":true,"href":"https:\/\/blogs.correiobraziliense.com.br\/capital-sa\/wp-json\/wp\/v2\/comments?post=19612"}],"version-history":[{"count":15,"href":"https:\/\/blogs.correiobraziliense.com.br\/capital-sa\/wp-json\/wp\/v2\/posts\/19612\/revisions"}],"predecessor-version":[{"id":19701,"href":"https:\/\/blogs.correiobraziliense.com.br\/capital-sa\/wp-json\/wp\/v2\/posts\/19612\/revisions\/19701"}],"wp:featuredmedia":[{"embeddable":true,"href":"https:\/\/blogs.correiobraziliense.com.br\/capital-sa\/wp-json\/wp\/v2\/media\/19619"}],"wp:attachment":[{"href":"https:\/\/blogs.correiobraziliense.com.br\/capital-sa\/wp-json\/wp\/v2\/media?parent=19612"}],"wp:term":[{"taxonomy":"category","embeddable":true,"href":"https:\/\/blogs.correiobraziliense.com.br\/capital-sa\/wp-json\/wp\/v2\/categories?post=19612"},{"taxonomy":"post_tag","embeddable":true,"href":"https:\/\/blogs.correiobraziliense.com.br\/capital-sa\/wp-json\/wp\/v2\/tags?post=19612"}],"curies":[{"name":"wp","href":"https:\/\/api.w.org\/{rel}","templated":true}]}}