{"id":19562,"date":"2025-06-18T16:05:37","date_gmt":"2025-06-18T19:05:37","guid":{"rendered":"https:\/\/blogs.correiobraziliense.com.br\/capital-sa\/?p=19562"},"modified":"2025-06-23T21:57:38","modified_gmt":"2025-06-24T00:57:38","slug":"relgov-da-abir-assume-como-presidente-executivo","status":"publish","type":"post","link":"https:\/\/blogs.correiobraziliense.com.br\/capital-sa\/2025\/06\/18\/relgov-da-abir-assume-como-presidente-executivo\/","title":{"rendered":"RelGov da Abir assume como presidente executivo"},"content":{"rendered":"<p class=\"p1\"><em><span class=\"s1\">\u201cN\u00e3o adianta dizer: estamos fazendo o melhor que podemos. Temos que conseguir o que quer que seja necess\u00e1rio.\u201d \u00a0Winston Churchill<\/span><\/em><\/p>\n<p><strong><em>Coluna Capital S\/A de 18 de junho<br \/>\n<\/em><\/strong><strong>Por Samanta Sallum\u00a0<\/strong><\/p>\n<p class=\"p1\"><span class=\"s1\">A Associa\u00e7\u00e3o Brasileira das Ind\u00fastrias de Refrigerantes e de Bebidas n\u00e3o Alco\u00f3licas (ABIR) nomeou Alexandre Horta como presidente executivo. Na entidade h\u00e1 mais de seis anos nos cargos de diretor de rela\u00e7\u00f5es governamentais e diretor executivo, ele assume a presid\u00eancia em ano de celebra\u00e7\u00e3o dos 75 anos de hist\u00f3ria de atua\u00e7\u00e3o da ABIR.<span class=\"Apple-converted-space\"><br \/>\n<\/span><\/span><\/p>\n<p class=\"p1\"><span class=\"s1\"> A nova gest\u00e3o pretende valorizar a diversidade de vozes e realidades presentes na cadeia de bebidas n\u00e3o alco\u00f3licas no Brasil. A associa\u00e7\u00e3o representa 71 empresas, que somam 136 f\u00e1bricas no pa\u00eds e geram 2 milh\u00f5es de empregos diretos e indiretos. <\/span><\/p>\n<p class=\"p1\"><span class=\"s1\">\u201cAcreditamos que a for\u00e7a do nosso setor est\u00e1 nas conex\u00f5es que criamos. A ABIR seguir\u00e1 sendo um espa\u00e7o de di\u00e1logo, confian\u00e7a e coopera\u00e7\u00e3o \u2014 pilares fundamentais para o desenvolvimento da nossa ind\u00fastria\u201d, afirmou o novo presidente da entidade.<\/span><\/p>\n<p>Alexandre tem grande experi\u00eancia em rela\u00e7\u00f5es governamentais. Chefiou gabinetes de lideran\u00e7as no Senado Federal e na C\u00e2mara dos Deputados, bem como tamb\u00e9m atuou na C\u00e2mara Legislativa do DF.<\/p>\n<p class=\"p1\"><strong><span class=\"s1\">Compromissos para o futuro do<span class=\"Apple-converted-space\">\u00a0 <\/span>DF<\/span><\/strong><\/p>\n<p><img loading=\"lazy\" decoding=\"async\" class=\"aligncenter size-medium wp-image-19571\" src=\"https:\/\/blogs.correiobraziliense.com.br\/capital-sa\/wp-content\/uploads\/sites\/59\/2025\/06\/IMG_7226-300x201.jpeg\" alt=\"\" width=\"300\" height=\"201\" srcset=\"https:\/\/blogs.correiobraziliense.com.br\/capital-sa\/wp-content\/uploads\/sites\/59\/2025\/06\/IMG_7226-300x201.jpeg 300w, https:\/\/blogs.correiobraziliense.com.br\/capital-sa\/wp-content\/uploads\/sites\/59\/2025\/06\/IMG_7226-768x516.jpeg 768w, https:\/\/blogs.correiobraziliense.com.br\/capital-sa\/wp-content\/uploads\/sites\/59\/2025\/06\/IMG_7226-1024x688.jpeg 1024w, https:\/\/blogs.correiobraziliense.com.br\/capital-sa\/wp-content\/uploads\/sites\/59\/2025\/06\/IMG_7226-800x537.jpeg 800w, https:\/\/blogs.correiobraziliense.com.br\/capital-sa\/wp-content\/uploads\/sites\/59\/2025\/06\/IMG_7226-550x369.jpeg 550w, https:\/\/blogs.correiobraziliense.com.br\/capital-sa\/wp-content\/uploads\/sites\/59\/2025\/06\/IMG_7226-230x154.jpeg 230w, https:\/\/blogs.correiobraziliense.com.br\/capital-sa\/wp-content\/uploads\/sites\/59\/2025\/06\/IMG_7226.jpeg 1075w\" sizes=\"auto, (max-width: 300px) 100vw, 300px\" \/><\/p>\n<p class=\"p1\"><span class=\"s1\">A vice-governadora Celina Le\u00e3o e o presidente da OAB\/DF, Paulo Mauricio Siqueira, participaram da reuni\u00e3o de governan\u00e7a do Conselho de Desenvolvimento Econ\u00f4mico, Sustent\u00e1vel e Estrat\u00e9gico do Distrito Federal (Codese-DF) na manh\u00e3 de ontem, no audit\u00f3rio do Sinduscon-DF.<br \/>\n<\/span><\/p>\n<p class=\"p1\"><span class=\"s1\">O evento marcou o compromisso da sociedade civil e do GDF<span class=\"Apple-converted-space\">\u00a0<\/span>com a implementa\u00e7\u00e3o das a\u00e7\u00f5es previstas no documento \u201cO DF que a gente quer em 2040\u201d.<span class=\"Apple-converted-space\">\u00a0<\/span>Das 210 metas de desenvolvimento, 92% foram acatadas para a gest\u00e3o 2023-2026.<br \/>\n<\/span><\/p>\n<p class=\"p1\"><span class=\"s1\">A atua\u00e7\u00e3o do conselho abrange \u00e1reas priorit\u00e1rias como Mobilidade, Sa\u00fade, Educa\u00e7\u00e3o, Seguran\u00e7a P\u00fablica, Economia, Sustentabilidade, Inova\u00e7\u00e3o, entre outros, pelas 17 c\u00e2maras tem\u00e1ticas.<\/span><\/p>\n<p class=\"p1\"><span class=\"s1\">A nova diretoria do conselho para o bi\u00eanio 2025\u20132027, eleita na Semana passada, tomar\u00e1 posse em 30 de junho. O novo presidente ser\u00e1 Dionyzio Klavdianos, que substituir\u00e1 Leonardo de \u00c1vila. O 1o vice-presidente ser\u00e1 Sebasti\u00e3o Abritta (Sindivarejista); na vice-presid\u00eancia administrativo-financeiro, assumir\u00e1 Tereza Christina Coelho Cavalcanti (FIBRA) e a vice-presidente de assuntos institucionais ser\u00e1 Laura de Oliveira Vieira, empres\u00e1ria e fundadora do Grupo LEVVO.<\/span><\/p>\n<p><img loading=\"lazy\" decoding=\"async\" class=\"aligncenter size-medium wp-image-19581\" src=\"https:\/\/blogs.correiobraziliense.com.br\/capital-sa\/wp-content\/uploads\/sites\/59\/2025\/06\/IMG_7228-300x159.jpeg\" alt=\"\" width=\"300\" height=\"159\" srcset=\"https:\/\/blogs.correiobraziliense.com.br\/capital-sa\/wp-content\/uploads\/sites\/59\/2025\/06\/IMG_7228-300x159.jpeg 300w, https:\/\/blogs.correiobraziliense.com.br\/capital-sa\/wp-content\/uploads\/sites\/59\/2025\/06\/IMG_7228-768x408.jpeg 768w, https:\/\/blogs.correiobraziliense.com.br\/capital-sa\/wp-content\/uploads\/sites\/59\/2025\/06\/IMG_7228-1024x544.jpeg 1024w, https:\/\/blogs.correiobraziliense.com.br\/capital-sa\/wp-content\/uploads\/sites\/59\/2025\/06\/IMG_7228-800x425.jpeg 800w, https:\/\/blogs.correiobraziliense.com.br\/capital-sa\/wp-content\/uploads\/sites\/59\/2025\/06\/IMG_7228-550x292.jpeg 550w, https:\/\/blogs.correiobraziliense.com.br\/capital-sa\/wp-content\/uploads\/sites\/59\/2025\/06\/IMG_7228-230x122.jpeg 230w, https:\/\/blogs.correiobraziliense.com.br\/capital-sa\/wp-content\/uploads\/sites\/59\/2025\/06\/IMG_7228.jpeg 1170w\" sizes=\"auto, (max-width: 300px) 100vw, 300px\" \/><\/p>\n<p><strong><span class=\"s1\">Corpus Christi e S\u00e3o Jo\u00e3o aumentam procura por \u00f4nibus interestaduais<\/span><\/strong><\/p>\n<p class=\"p1\"><span class=\"s1\">\u00a0<\/span>A proximidade do feriado de Corpus Christi, dos festejos de S\u00e3o Jo\u00e3o e as f\u00e9rias escolares projetam um aumento no transporte de passageiros por \u00f4nibus cruzando as principais rodovias estaduais e federais brasileiras. A modernidade da frota de \u00f4nibus interestadual gera um atrativo maior para os interessados em se deslocar, especialmente em se levando em conta a compara\u00e7\u00e3o do valor das passagens de \u00f4nibus na compara\u00e7\u00e3o com os pre\u00e7os das passagens a\u00e9reas.<\/p>\n<p class=\"p1\">\u201cNossa expectativa \u00e9 de que, a partir de agora, tenhamos um aumento em torno de 20% no movimento de passageiros em rela\u00e7\u00e3o ao ano passado\u201d, afirma Paulo Porto, presidente da Associa\u00e7\u00e3o Brasileira das Empresas de Transporte Terrestre de Passageiros (ABRATI). O executivo lembra que, ap\u00f3s essa fase, iniciam-se as f\u00e9rias escolares, o que deve aquecer ainda mais o segmento.<\/p>\n<p class=\"p1\"><span class=\"s1\">Balan\u00e7os da ANTT<\/span><\/p>\n<p class=\"p1\"><span class=\"s1\">Dados da ANTT mostram que, em junho e julho do ano passado, aproximadamente 7,5 milh\u00f5es de passageiros viajaram nesses dois meses. Ao todo, foram 275 mil viagens realizadas nos \u00f4nibus interestaduais.<\/span><\/p>\n<p class=\"p1\"><strong><span class=\"s2\">Recomenda\u00e7\u00f5es <\/span><\/strong><\/p>\n<p class=\"p1\"><span class=\"s1\">A Abrati refor\u00e7a algumas informa\u00e7\u00f5es importantes nesse per\u00edodo de grandes deslocamentos pelas rodovias.<\/span><\/p>\n<p class=\"p1\"><span class=\"s1\">\u00a0 \u00a0 &#8211; N\u00e3o comprar passagens vendidas por ve\u00edculos clandestinos e n\u00e3o regulares;<\/span><\/p>\n<p class=\"p1\">\u00a0 \u00a0 &#8211; Verificar a proced\u00eancia da companhia que est\u00e1 lhe vendendo as passagens. Consulte as especifica\u00e7\u00f5es das empresas no site da ANTT ou da Abrati.<\/p>\n","protected":false},"excerpt":{"rendered":"<p>\u201cN\u00e3o adianta dizer: estamos fazendo o melhor que podemos. Temos que conseguir o que quer que seja necess\u00e1rio.\u201d \u00a0Winston Churchill Coluna Capital S\/A de 18 de junho Por Samanta Sallum\u00a0 A Associa\u00e7\u00e3o Brasileira das Ind\u00fastrias de Refrigerantes e de Bebidas n\u00e3o Alco\u00f3licas (ABIR) nomeou Alexandre Horta como presidente executivo. Na entidade h\u00e1 mais de seis anos nos cargos de diretor [&hellip;]<\/p>\n","protected":false},"author":125,"featured_media":19570,"comment_status":"open","ping_status":"open","sticky":false,"template":"","format":"standard","meta":{"footnotes":""},"categories":[6],"tags":[3014,3019,3015,3020,1358,723,3008,2543,767,1198,1023,1963,326,3016],"class_list":["post-19562","post","type-post","status-publish","format-standard","has-post-thumbnail","hentry","category-coluna-capital-s-a","tag-abir","tag-abrati","tag-alexandrehorta","tag-antt","tag-celinaleao","tag-codese-df","tag-dionyzioklavdianos","tag-fibra-df","tag-levvo","tag-mobilidade","tag-oab-df","tag-sebastiaoabritta","tag-sustentabilidade","tag-terezachristinacoelhocavalcanti"],"_links":{"self":[{"href":"https:\/\/blogs.correiobraziliense.com.br\/capital-sa\/wp-json\/wp\/v2\/posts\/19562","targetHints":{"allow":["GET"]}}],"collection":[{"href":"https:\/\/blogs.correiobraziliense.com.br\/capital-sa\/wp-json\/wp\/v2\/posts"}],"about":[{"href":"https:\/\/blogs.correiobraziliense.com.br\/capital-sa\/wp-json\/wp\/v2\/types\/post"}],"author":[{"embeddable":true,"href":"https:\/\/blogs.correiobraziliense.com.br\/capital-sa\/wp-json\/wp\/v2\/users\/125"}],"replies":[{"embeddable":true,"href":"https:\/\/blogs.correiobraziliense.com.br\/capital-sa\/wp-json\/wp\/v2\/comments?post=19562"}],"version-history":[{"count":15,"href":"https:\/\/blogs.correiobraziliense.com.br\/capital-sa\/wp-json\/wp\/v2\/posts\/19562\/revisions"}],"predecessor-version":[{"id":19582,"href":"https:\/\/blogs.correiobraziliense.com.br\/capital-sa\/wp-json\/wp\/v2\/posts\/19562\/revisions\/19582"}],"wp:featuredmedia":[{"embeddable":true,"href":"https:\/\/blogs.correiobraziliense.com.br\/capital-sa\/wp-json\/wp\/v2\/media\/19570"}],"wp:attachment":[{"href":"https:\/\/blogs.correiobraziliense.com.br\/capital-sa\/wp-json\/wp\/v2\/media?parent=19562"}],"wp:term":[{"taxonomy":"category","embeddable":true,"href":"https:\/\/blogs.correiobraziliense.com.br\/capital-sa\/wp-json\/wp\/v2\/categories?post=19562"},{"taxonomy":"post_tag","embeddable":true,"href":"https:\/\/blogs.correiobraziliense.com.br\/capital-sa\/wp-json\/wp\/v2\/tags?post=19562"}],"curies":[{"name":"wp","href":"https:\/\/api.w.org\/{rel}","templated":true}]}}