{"id":1955,"date":"2021-02-22T19:10:45","date_gmt":"2021-02-22T22:10:45","guid":{"rendered":"https:\/\/blogs.correiobraziliense.com.br\/capital-sa\/?p=1955"},"modified":"2021-02-22T20:42:13","modified_gmt":"2021-02-22T23:42:13","slug":"1955","status":"publish","type":"post","link":"https:\/\/blogs.correiobraziliense.com.br\/capital-sa\/2021\/02\/22\/1955\/","title":{"rendered":"INSS expande prova de vida por biometria facial"},"content":{"rendered":"<p><span class=\"s1\">O an\u00fancio da expans\u00e3o do projeto piloto da prova de vida por biometria facial\u00a0<\/span>prev\u00ea grande amplia\u00e7\u00e3o do servi\u00e7o. Ele vai ser oferecido\u00a0para um n\u00famero muito maior de benefici\u00e1rios, al\u00e9m de deixar o processo mais simples para os aposentados e pensionistas.<\/p>\n<p class=\"p1\"><span class=\"s1\">O \u00a0novo plano de a\u00e7\u00e3o integrada dos \u00f3rg\u00e3os envolvidos pretende reduzir muito a necessidade do benefici\u00e1rio em comparecer a uma ag\u00eancia.<\/span><\/p>\n<p class=\"p1\"><span class=\"s1\">As informa\u00e7\u00f5es ser\u00e3o divulgadas oficialmente amanh\u00e3. \u00a0Participam do an\u00fancio o \u00a0secret\u00e1rio especial de Previd\u00eancia e Trabalho, Bruno Bianco, o secret\u00e1rio especial de Desburocratiza\u00e7\u00e3o, Gest\u00e3o e Governo Digital, Caio Mario Paes de Andrade, o presidente do INSS, Leonardo Rolim e pelo presidente do DataPrev, Gustavo Canuto.<\/span><\/p>\n<p class=\"p1\">O projeto-piloto da prova de vida por biometria facial come\u00e7ou no final de agosto do ano passado. Nesta primeira etapa, participaram\u00a0 cerca de 500 mil benefici\u00e1rios de todo o pa\u00eds.<\/p>\n<p class=\"p1\"><span class=\"s1\">Para realizar a biometria facial, o INSS usou a base de dados do Departamento Nacional de Tr\u00e2nsito (Denatran) e do Tribunal Superior Eleitoral. <\/span><\/p>\n<p class=\"p1\"><span class=\"s1\">Foram selecionados segurados que tem carteira de motorista e t\u00edtulo de Eleitor. \u00a0E agora foram realizados\u00a0<\/span>\u00a0os ajustes necess\u00e1rios para que o procedimento digital possa ser implementado com seguran\u00e7a para mais benefici\u00e1rios.<\/p>\n<p class=\"p1\"><span class=\"s1\">\u00c9 importante destacar que o benefici\u00e1rio que participar do piloto e realizar a prova de vida por biometria ter\u00e1 o procedimento efetivado, ou seja, n\u00e3o \u00e9 um teste. A f\u00e9 de vida valer\u00e1 e o segurado n\u00e3o precisar\u00e1 se deslocar at\u00e9 uma ag\u00eancia banc\u00e1ria para o processo.<\/span><\/p>\n","protected":false},"excerpt":{"rendered":"<p>O an\u00fancio da expans\u00e3o do projeto piloto da prova de vida por biometria facial\u00a0prev\u00ea grande amplia\u00e7\u00e3o do servi\u00e7o. Ele vai ser oferecido\u00a0para um n\u00famero muito maior de benefici\u00e1rios, al\u00e9m de deixar o processo mais simples para os aposentados e pensionistas. O \u00a0novo plano de a\u00e7\u00e3o integrada dos \u00f3rg\u00e3os envolvidos pretende reduzir muito a necessidade do benefici\u00e1rio em comparecer a uma [&hellip;]<\/p>\n","protected":false},"author":125,"featured_media":1960,"comment_status":"open","ping_status":"open","sticky":false,"template":"","format":"standard","meta":{"footnotes":""},"categories":[6],"tags":[],"class_list":["post-1955","post","type-post","status-publish","format-standard","has-post-thumbnail","hentry","category-coluna-capital-s-a"],"_links":{"self":[{"href":"https:\/\/blogs.correiobraziliense.com.br\/capital-sa\/wp-json\/wp\/v2\/posts\/1955","targetHints":{"allow":["GET"]}}],"collection":[{"href":"https:\/\/blogs.correiobraziliense.com.br\/capital-sa\/wp-json\/wp\/v2\/posts"}],"about":[{"href":"https:\/\/blogs.correiobraziliense.com.br\/capital-sa\/wp-json\/wp\/v2\/types\/post"}],"author":[{"embeddable":true,"href":"https:\/\/blogs.correiobraziliense.com.br\/capital-sa\/wp-json\/wp\/v2\/users\/125"}],"replies":[{"embeddable":true,"href":"https:\/\/blogs.correiobraziliense.com.br\/capital-sa\/wp-json\/wp\/v2\/comments?post=1955"}],"version-history":[{"count":11,"href":"https:\/\/blogs.correiobraziliense.com.br\/capital-sa\/wp-json\/wp\/v2\/posts\/1955\/revisions"}],"predecessor-version":[{"id":1968,"href":"https:\/\/blogs.correiobraziliense.com.br\/capital-sa\/wp-json\/wp\/v2\/posts\/1955\/revisions\/1968"}],"wp:featuredmedia":[{"embeddable":true,"href":"https:\/\/blogs.correiobraziliense.com.br\/capital-sa\/wp-json\/wp\/v2\/media\/1960"}],"wp:attachment":[{"href":"https:\/\/blogs.correiobraziliense.com.br\/capital-sa\/wp-json\/wp\/v2\/media?parent=1955"}],"wp:term":[{"taxonomy":"category","embeddable":true,"href":"https:\/\/blogs.correiobraziliense.com.br\/capital-sa\/wp-json\/wp\/v2\/categories?post=1955"},{"taxonomy":"post_tag","embeddable":true,"href":"https:\/\/blogs.correiobraziliense.com.br\/capital-sa\/wp-json\/wp\/v2\/tags?post=1955"}],"curies":[{"name":"wp","href":"https:\/\/api.w.org\/{rel}","templated":true}]}}