{"id":19524,"date":"2025-06-17T13:59:22","date_gmt":"2025-06-17T16:59:22","guid":{"rendered":"https:\/\/blogs.correiobraziliense.com.br\/capital-sa\/?p=19524"},"modified":"2025-06-17T19:57:35","modified_gmt":"2025-06-17T22:57:35","slug":"setor-de-servicos-no-df-avanca-e-supera-media-nacional","status":"publish","type":"post","link":"https:\/\/blogs.correiobraziliense.com.br\/capital-sa\/2025\/06\/17\/setor-de-servicos-no-df-avanca-e-supera-media-nacional\/","title":{"rendered":"Setor de servi\u00e7os no DF avan\u00e7a e supera m\u00e9dia nacional"},"content":{"rendered":"<p>&#8211; Coluna Capital S\/A de 17 de junho<\/p>\n<p><strong>Por Samanta Sallum\u00a0<\/strong><\/p>\n<p>Entre as 27 unidades da federa\u00e7\u00e3o, 18 apresentaram crescimento no setor de servi\u00e7os, em abril, com destaque para Pernambuco (+5,3%), Distrito Federal (9\u00aa posi\u00e7\u00e3o no ranking nacional) e Acre (maior retra\u00e7\u00e3o, com -4,3%).<\/p>\n<p class=\"p1\">O volume na capital federal cresceu 0,9% na compara\u00e7\u00e3o com o m\u00eas anterior, na s\u00e9rie com ajuste sazonal, segundo dados do IBGE. O resultado representa uma recupera\u00e7\u00e3o ap\u00f3s a retra\u00e7\u00e3o de -0,7% registrada em mar\u00e7o deste ano. No cen\u00e1rio nacional, o avan\u00e7o no mesmo per\u00edodo foi de 0,2%.<\/p>\n<p class=\"p1\"><span class=\"s1\">Na compara\u00e7\u00e3o com abril de 2024 (s\u00e9rie sem ajuste sazonal), o Distrito Federal registrou alta de 8,9%. No acumulado dos quatro primeiros meses do ano, o crescimento \u00e9 de 7,2%. J\u00e1 o dos \u00faltimos 12 meses, o avan\u00e7o chega a 6,7% em rela\u00e7\u00e3o ao per\u00edodo anterior.<\/span><\/p>\n<p class=\"p1\">O presidente do Sistema Fecom\u00e9rcio-DF, Jos\u00e9 Aparecido Freire, destaca que o desempenho do DF permanece acima da m\u00e9dia nacional, com resultado 1,6 ponto percentual superior ao registrado em dezembro de 2024 e 2,5 vezes acima do nacional. \u201cCom esse ritmo, a expectativa \u00e9 de que o setor de servi\u00e7os no DF encerre 2025 com expans\u00e3o superior aos 5,1% registrados em 2024\u201d.<\/p>\n<p class=\"p1\"><span class=\"s1\">No segmento de atividades tur\u00edsticas, o Distrito Federal registrou queda de -1,1% em abril ante o m\u00eas anterior, ap\u00f3s ter avan\u00e7ado 4,8% em mar\u00e7o. No cen\u00e1rio nacional, o crescimento acumulado no ano para o turismo \u00e9 de 6,4%, com destaque para: \u2022 Rio de Janeiro (+14,0%) e maior queda em\u00a0<\/span>Mato Grosso.<\/p>\n<p class=\"p1\"><strong><span class=\"s1\">Empres\u00e1rio brasiliense premiado na Times Square<\/span><\/strong><\/p>\n<p><img loading=\"lazy\" decoding=\"async\" class=\"aligncenter size-medium wp-image-19532\" src=\"https:\/\/blogs.correiobraziliense.com.br\/capital-sa\/wp-content\/uploads\/sites\/59\/2025\/06\/f1fe1f3b-bf95-48ad-9d54-855f75edc1b0-300x263.jpeg\" alt=\"\" width=\"300\" height=\"263\" srcset=\"https:\/\/blogs.correiobraziliense.com.br\/capital-sa\/wp-content\/uploads\/sites\/59\/2025\/06\/f1fe1f3b-bf95-48ad-9d54-855f75edc1b0-300x263.jpeg 300w, https:\/\/blogs.correiobraziliense.com.br\/capital-sa\/wp-content\/uploads\/sites\/59\/2025\/06\/f1fe1f3b-bf95-48ad-9d54-855f75edc1b0-768x674.jpeg 768w, https:\/\/blogs.correiobraziliense.com.br\/capital-sa\/wp-content\/uploads\/sites\/59\/2025\/06\/f1fe1f3b-bf95-48ad-9d54-855f75edc1b0-1024x898.jpeg 1024w, https:\/\/blogs.correiobraziliense.com.br\/capital-sa\/wp-content\/uploads\/sites\/59\/2025\/06\/f1fe1f3b-bf95-48ad-9d54-855f75edc1b0-800x702.jpeg 800w, https:\/\/blogs.correiobraziliense.com.br\/capital-sa\/wp-content\/uploads\/sites\/59\/2025\/06\/f1fe1f3b-bf95-48ad-9d54-855f75edc1b0-550x482.jpeg 550w, https:\/\/blogs.correiobraziliense.com.br\/capital-sa\/wp-content\/uploads\/sites\/59\/2025\/06\/f1fe1f3b-bf95-48ad-9d54-855f75edc1b0-230x202.jpeg 230w, https:\/\/blogs.correiobraziliense.com.br\/capital-sa\/wp-content\/uploads\/sites\/59\/2025\/06\/f1fe1f3b-bf95-48ad-9d54-855f75edc1b0.jpeg 1065w\" sizes=\"auto, (max-width: 300px) 100vw, 300px\" \/><\/p>\n<p class=\"p1\">\u00cdcaro Rollemberg celebra mais um conquista ao receber reconhecimento internacional do setor de seguros: sua imagem ser\u00e1 exibida durante cinco dias, na Times Square, em Nova York \u2014 uma das vitrines mais ic\u00f4nicas e movimentadas do mundo. A homenagem acontece agora em junho, como parte da premia\u00e7\u00e3o concedida pela Prudential, gigante global no ramo de seguros de vida.<\/p>\n<p class=\"p1\">Esta \u00e9 a segunda vez que \u00cdcaro conquista esse destaque por seu desempenho superior em n\u00famero de vendas, gest\u00e3o de carteira e crescimento de portf\u00f3lio. Em 11 anos de carreira, j\u00e1 atendeu mais de 900 clientes, somando quase R$ 1 bilh\u00e3o em capital segurado e R$ 17 milh\u00f5es em pr\u00eamios emitidos.<\/p>\n<p class=\"p1\"><strong><span class=\"s1\">Empresas do atacado projetam mais faturamento em 2025 <\/span><\/strong><\/p>\n<p class=\"p1\"><span class=\"s1\">O setor atacadista distribuidor no pa\u00eds continua crescendo em 2025, apesar de ter desacelerado em abril e maio. Nos primeiros cinco meses do ano, o faturamento registrou alta de 6,2% em compara\u00e7\u00e3o com o mesmo per\u00edodo de 2024.<\/span><\/p>\n<p class=\"p1\"><span class=\"s1\"> Apesar de desafios econ\u00f4micos, como infla\u00e7\u00e3o e taxas de juros elevadas, o segmento tem demonstrado resili\u00eancia e deve fechar mais um ano com n\u00fameros positivos. A expectativa \u00e9 de um faturamento 7% maior. Os dados do setor foram apresentados ontem pelo presidente da Associa\u00e7\u00e3o Brasileira dos Atacadistas e Distribuidores de Produtos Industrializados (Abad), Leonardo Miguel Severini, durante a 44\u00aa Conven\u00e7\u00e3o Nacional e Anual do Canal Direto.<\/span><\/p>\n<p class=\"p1\">Preocupa\u00e7\u00e3o com as BETs<\/p>\n<p class=\"p1\"><span class=\"s1\">Apesar dos n\u00fameros positivos, Severini alerta para o comprometimento da renda e aumento do endividamento dos consumidores pelas apostas nas bets. Segundo o presidente da Abad, as bets est\u00e3o afetando n\u00e3o s\u00f3 o consumo de alimentos, como tamb\u00e9m de eletroeletr\u00f4nicos.<\/span><\/p>\n<p class=\"p1\"><span class=\"s1\"> \u201c\u00c9 uma grande preocupa\u00e7\u00e3o. As bets continuar\u00e3o existindo, mas \u00e9 necess\u00e1rio uma regulamenta\u00e7\u00e3o melhor e uma maior tributa\u00e7\u00e3o\u201d, alerta Severini.<\/span><\/p>\n<p class=\"p1\"><strong>Economia criativa: Ana Carla Fonseca faz parte agora do time da UCB<\/strong><\/p>\n<p><img loading=\"lazy\" decoding=\"async\" class=\"aligncenter size-medium wp-image-19534\" src=\"https:\/\/blogs.correiobraziliense.com.br\/capital-sa\/wp-content\/uploads\/sites\/59\/2025\/06\/IMG_7096-300x258.jpeg\" alt=\"\" width=\"300\" height=\"258\" srcset=\"https:\/\/blogs.correiobraziliense.com.br\/capital-sa\/wp-content\/uploads\/sites\/59\/2025\/06\/IMG_7096-300x258.jpeg 300w, https:\/\/blogs.correiobraziliense.com.br\/capital-sa\/wp-content\/uploads\/sites\/59\/2025\/06\/IMG_7096-768x660.jpeg 768w, https:\/\/blogs.correiobraziliense.com.br\/capital-sa\/wp-content\/uploads\/sites\/59\/2025\/06\/IMG_7096-800x688.jpeg 800w, https:\/\/blogs.correiobraziliense.com.br\/capital-sa\/wp-content\/uploads\/sites\/59\/2025\/06\/IMG_7096-550x473.jpeg 550w, https:\/\/blogs.correiobraziliense.com.br\/capital-sa\/wp-content\/uploads\/sites\/59\/2025\/06\/IMG_7096-230x198.jpeg 230w, https:\/\/blogs.correiobraziliense.com.br\/capital-sa\/wp-content\/uploads\/sites\/59\/2025\/06\/IMG_7096.jpeg 840w\" sizes=\"auto, (max-width: 300px) 100vw, 300px\" \/><\/p>\n<p class=\"p1\"><span class=\"s3\">Refer\u00eancia internacional em economia criativa, a economista<span class=\"Apple-converted-space\">\u00a0 <\/span>Ana Carla Fonseca passa a integrar o corpo de professores do Mestrado e do Doutorado Profissionais em Inova\u00e7\u00e3o em Comunica\u00e7\u00e3o e Economia Criativa da Universidade Cat\u00f3lica de Bras\u00edlia.<\/span><\/p>\n<p class=\"p1\"><span class=\"s1\"> A chegada marca o lan\u00e7amento do 1\u00ba Doutorado no setor no Brasil. Com uma trajet\u00f3ria que inclui experi\u00eancias em mais de 30 pa\u00edses, atua\u00e7\u00e3o em organiza\u00e7\u00f5es como a Organiza\u00e7\u00e3o das Na\u00e7\u00f5es Unidas (ONU) e o Banco Interamericano de Desenvolvimento (BID), Ana Carla tem uma carreira consolidada na consultoria estrat\u00e9gica na empresa Garimpo de Solu\u00e7\u00f5es. Tamb\u00e9m atuou por 10 anos na<span class=\"Apple-converted-space\">\u00a0<\/span>Unilever em cargos de lideran\u00e7a em marketing e inova\u00e7\u00e3o, com passagens por Brasil, Am\u00e9rica Latina, Londres e Mil\u00e3o.<\/span><\/p>\n","protected":false},"excerpt":{"rendered":"<p>&#8211; Coluna Capital S\/A de 17 de junho Por Samanta Sallum\u00a0 Entre as 27 unidades da federa\u00e7\u00e3o, 18 apresentaram crescimento no setor de servi\u00e7os, em abril, com destaque para Pernambuco (+5,3%), Distrito Federal (9\u00aa posi\u00e7\u00e3o no ranking nacional) e Acre (maior retra\u00e7\u00e3o, com -4,3%). O volume na capital federal cresceu 0,9% na compara\u00e7\u00e3o com o m\u00eas anterior, na s\u00e9rie com [&hellip;]<\/p>\n","protected":false},"author":125,"featured_media":19531,"comment_status":"open","ping_status":"open","sticky":false,"template":"","format":"standard","meta":{"footnotes":""},"categories":[6],"tags":[562,3013,2478,2644,2647,408,417,734,3012,1040,454,333,1407],"class_list":["post-19524","post","type-post","status-publish","format-standard","has-post-thumbnail","hentry","category-coluna-capital-s-a","tag-abad","tag-anacarlafonseca","tag-apostas","tag-apostaseletronicas","tag-bets","tag-crescimento","tag-endividamento","tag-fecomercio-df","tag-icarorollemberg","tag-joseaparecidofreire","tag-servicos","tag-turismo","tag-atacado"],"_links":{"self":[{"href":"https:\/\/blogs.correiobraziliense.com.br\/capital-sa\/wp-json\/wp\/v2\/posts\/19524","targetHints":{"allow":["GET"]}}],"collection":[{"href":"https:\/\/blogs.correiobraziliense.com.br\/capital-sa\/wp-json\/wp\/v2\/posts"}],"about":[{"href":"https:\/\/blogs.correiobraziliense.com.br\/capital-sa\/wp-json\/wp\/v2\/types\/post"}],"author":[{"embeddable":true,"href":"https:\/\/blogs.correiobraziliense.com.br\/capital-sa\/wp-json\/wp\/v2\/users\/125"}],"replies":[{"embeddable":true,"href":"https:\/\/blogs.correiobraziliense.com.br\/capital-sa\/wp-json\/wp\/v2\/comments?post=19524"}],"version-history":[{"count":9,"href":"https:\/\/blogs.correiobraziliense.com.br\/capital-sa\/wp-json\/wp\/v2\/posts\/19524\/revisions"}],"predecessor-version":[{"id":19536,"href":"https:\/\/blogs.correiobraziliense.com.br\/capital-sa\/wp-json\/wp\/v2\/posts\/19524\/revisions\/19536"}],"wp:featuredmedia":[{"embeddable":true,"href":"https:\/\/blogs.correiobraziliense.com.br\/capital-sa\/wp-json\/wp\/v2\/media\/19531"}],"wp:attachment":[{"href":"https:\/\/blogs.correiobraziliense.com.br\/capital-sa\/wp-json\/wp\/v2\/media?parent=19524"}],"wp:term":[{"taxonomy":"category","embeddable":true,"href":"https:\/\/blogs.correiobraziliense.com.br\/capital-sa\/wp-json\/wp\/v2\/categories?post=19524"},{"taxonomy":"post_tag","embeddable":true,"href":"https:\/\/blogs.correiobraziliense.com.br\/capital-sa\/wp-json\/wp\/v2\/tags?post=19524"}],"curies":[{"name":"wp","href":"https:\/\/api.w.org\/{rel}","templated":true}]}}