{"id":19507,"date":"2025-06-16T12:03:56","date_gmt":"2025-06-16T15:03:56","guid":{"rendered":"https:\/\/blogs.correiobraziliense.com.br\/capital-sa\/?p=19507"},"modified":"2025-06-16T21:24:59","modified_gmt":"2025-06-17T00:24:59","slug":"codese-e-gdf-realizam-reuniao-de-governanca-sobre-metas-de-desenvolvimento","status":"publish","type":"post","link":"https:\/\/blogs.correiobraziliense.com.br\/capital-sa\/2025\/06\/16\/codese-e-gdf-realizam-reuniao-de-governanca-sobre-metas-de-desenvolvimento\/","title":{"rendered":"Codese e GDF realizam reuni\u00e3o de Governan\u00e7a sobre metas de desenvolvimento"},"content":{"rendered":"<p>&#8211; Coluna Capital S\/A de 16 de junho<\/p>\n<p><strong>Por Samanta Sallum\u00a0<\/strong><\/p>\n<p class=\"p1\"><span class=\"s2\">O Conselho de Desenvolvimento Econ\u00f4mico, Sustent\u00e1vel e Estrat\u00e9gico do Distrito Federal (Codese-DF) realiza, amanh\u00e3, a 5\u00aa Reuni\u00e3o de Governan\u00e7a, no audit\u00f3rio do Sinduscon -DF, a partir das 9h30. O evento marca<span class=\"Apple-converted-space\">\u00a0 <\/span>o compromisso da sociedade civil e do Governo do Distrito Federal com a implementa\u00e7\u00e3o das a\u00e7\u00f5es estruturantes previstas no documento <\/span><span class=\"s1\">\u201cO DF que a gente<span class=\"Apple-converted-space\">\u00a0<\/span>quer em 2040\u201d<\/span><span class=\"s2\">.<br \/>\n<\/span><\/p>\n<p class=\"p1\"><span class=\"s2\">Na ocasi\u00e3o, o governador Ibaneis Rocha, que abrir\u00e1 o evento, al\u00e9m do secret\u00e1rio de Governo, Jos\u00e9 Humberto Pires, secret\u00e1rios de Estado e outras autoridades locais, vai se reunir com l\u00edderes e gestores do Codese para apresentar o andamento das 210 metas de desenvolvimento e a\u00e7\u00f5es propostas no documento. Destas, o GDF aponta que<span class=\"Apple-converted-space\">\u00a0<\/span>92% foram acatadas para a Gest\u00e3o 2023-2026. <\/span><\/p>\n<p class=\"p1\"><span class=\"s2\">F\u00f3rum PDOT <\/span><\/p>\n<p class=\"p1\"><span class=\"s2\">Outra agenda importante acontece no dia 24 de junho. O Codese vai realizar um f\u00f3rum para debater as propostas do projeto de lei de atualiza\u00e7\u00e3o no PDOT, que est\u00e1 em fase final de elabora\u00e7\u00e3o pelo GDF. O encontro tem apoio da OAB\/DF, Ademi-DF, AEarq, Asbraco, Fape-DF, Fecom\u00e9cio-DF, Fibra-DF, Secovi-DF e Sinduscon-DF.<br \/>\n<\/span><\/p>\n<p class=\"p1\"><span class=\"s2\">A atua\u00e7\u00e3o do Conselho abrange \u00e1reas priorit\u00e1rias como Mobilidade, Sa\u00fade, Educa\u00e7\u00e3o, Seguran\u00e7a P\u00fablica, Economia, Sustentabilidade, Inova\u00e7\u00e3o, entre outros, pelas 17 c\u00e2maras tem\u00e1ticas.<\/span><\/p>\n<p class=\"p1\"><span class=\"s2\">Nova diretoria <\/span><\/p>\n<p class=\"p1\"><span class=\"s2\">Foi eleita, na sexta-feira, a nova diretoria do Conselho para o bi\u00eanio 2025\u20132027. A chapa \u00fanica, composta por representantes de mantenedores da entidade, foi escolhida por unanimidade. A posse ser\u00e1 em 30 de junho de 2025. O novo Presidente ser\u00e1 Dionyzio Klavdianos, engenheiro civil formado pela UnB e ex-presidente do Sinduscon.<\/span><\/p>\n<p><img loading=\"lazy\" decoding=\"async\" class=\"aligncenter size-medium wp-image-19514\" src=\"https:\/\/blogs.correiobraziliense.com.br\/capital-sa\/wp-content\/uploads\/sites\/59\/2025\/06\/f373c3a5-0aac-4be4-9aba-458f16601e66-200x300.jpeg\" alt=\"\" width=\"200\" height=\"300\" srcset=\"https:\/\/blogs.correiobraziliense.com.br\/capital-sa\/wp-content\/uploads\/sites\/59\/2025\/06\/f373c3a5-0aac-4be4-9aba-458f16601e66-200x300.jpeg 200w, https:\/\/blogs.correiobraziliense.com.br\/capital-sa\/wp-content\/uploads\/sites\/59\/2025\/06\/f373c3a5-0aac-4be4-9aba-458f16601e66-768x1155.jpeg 768w, https:\/\/blogs.correiobraziliense.com.br\/capital-sa\/wp-content\/uploads\/sites\/59\/2025\/06\/f373c3a5-0aac-4be4-9aba-458f16601e66-681x1024.jpeg 681w, https:\/\/blogs.correiobraziliense.com.br\/capital-sa\/wp-content\/uploads\/sites\/59\/2025\/06\/f373c3a5-0aac-4be4-9aba-458f16601e66-800x1203.jpeg 800w, https:\/\/blogs.correiobraziliense.com.br\/capital-sa\/wp-content\/uploads\/sites\/59\/2025\/06\/f373c3a5-0aac-4be4-9aba-458f16601e66-550x827.jpeg 550w, https:\/\/blogs.correiobraziliense.com.br\/capital-sa\/wp-content\/uploads\/sites\/59\/2025\/06\/f373c3a5-0aac-4be4-9aba-458f16601e66-230x346.jpeg 230w, https:\/\/blogs.correiobraziliense.com.br\/capital-sa\/wp-content\/uploads\/sites\/59\/2025\/06\/f373c3a5-0aac-4be4-9aba-458f16601e66.jpeg 1064w\" sizes=\"auto, (max-width: 200px) 100vw, 200px\" \/><\/p>\n<p class=\"p1\"><span class=\"s2\">\u201cEspero levar minha contribui\u00e7\u00e3o para o Codese, que \u00e9 uma entidade plural, com representa\u00e7\u00e3o de todos os setores da sociedade civil. Quero ajudar<span class=\"Apple-converted-space\">\u00a0<\/span>a pensar o capital federal de forma mais ampla, e tamb\u00e9m o Entorno, que \u00e9 um eixo importante. Mobilidade, conectividade, como a tecnologia pode atuar a favor das cidades s\u00e3o aspectos importantes para darmos aten\u00e7\u00e3o no DF\u201d, Dionyzio Klavdianos<\/span><\/p>\n<p class=\"p1\"><span class=\"s2\">Representantes do comercio e da ind\u00fastria<\/span><\/p>\n<p class=\"p1\"><span class=\"s2\">O 1o Vice Presidente eleito \u00e9 Sebasti\u00e3o Abritta, atual presidente do Sindivarejista e 1o<span class=\"Apple-converted-space\">\u00a0<\/span>Vice<span class=\"Apple-converted-space\">\u00a0<\/span>da Fecom\u00e9rcio-DF. Na vice-presid\u00eancia do Administrativo Financeiro, assumir\u00e1 Tereza Christina Coelho Cavalcanti, do Sistema FIBRA. E a vice-presidente de Assuntos Institucionais ser\u00e1 Laura de Oliveira Vieira, empres\u00e1ria e fundadora do Grupo Levvo \u2014 das maiores franqueadoras de McDonald\u2019s no Brasil.<\/span><\/p>\n<p class=\"p1\"><strong>Loja Colaborativa Cerrado Feminino \u00e9 inaugurada na Torre de TV<\/strong><\/p>\n<p><img loading=\"lazy\" decoding=\"async\" class=\"aligncenter size-medium wp-image-19515\" src=\"https:\/\/blogs.correiobraziliense.com.br\/capital-sa\/wp-content\/uploads\/sites\/59\/2025\/06\/3e62bf97-5106-4295-a5bb-008e2c5cc453-300x200.jpeg\" alt=\"\" width=\"300\" height=\"200\" srcset=\"https:\/\/blogs.correiobraziliense.com.br\/capital-sa\/wp-content\/uploads\/sites\/59\/2025\/06\/3e62bf97-5106-4295-a5bb-008e2c5cc453-300x200.jpeg 300w, https:\/\/blogs.correiobraziliense.com.br\/capital-sa\/wp-content\/uploads\/sites\/59\/2025\/06\/3e62bf97-5106-4295-a5bb-008e2c5cc453-768x512.jpeg 768w, https:\/\/blogs.correiobraziliense.com.br\/capital-sa\/wp-content\/uploads\/sites\/59\/2025\/06\/3e62bf97-5106-4295-a5bb-008e2c5cc453-1024x683.jpeg 1024w, https:\/\/blogs.correiobraziliense.com.br\/capital-sa\/wp-content\/uploads\/sites\/59\/2025\/06\/3e62bf97-5106-4295-a5bb-008e2c5cc453-1440x960.jpeg 1440w, https:\/\/blogs.correiobraziliense.com.br\/capital-sa\/wp-content\/uploads\/sites\/59\/2025\/06\/3e62bf97-5106-4295-a5bb-008e2c5cc453-800x533.jpeg 800w, https:\/\/blogs.correiobraziliense.com.br\/capital-sa\/wp-content\/uploads\/sites\/59\/2025\/06\/3e62bf97-5106-4295-a5bb-008e2c5cc453-550x367.jpeg 550w, https:\/\/blogs.correiobraziliense.com.br\/capital-sa\/wp-content\/uploads\/sites\/59\/2025\/06\/3e62bf97-5106-4295-a5bb-008e2c5cc453-230x153.jpeg 230w\" sizes=\"auto, (max-width: 300px) 100vw, 300px\" \/><\/p>\n<p class=\"p1\"><span class=\"s2\">A Secretaria da Mulher, em parceria com o Instituto BRB e o Sebrae\/DF, inaugurou no s\u00e1bado a Loja Colaborativa Cerrado Feminino, na tradicional Feira da Torre de TV. O novo espa\u00e7o \u00e9 destinado a produtos artesanais e quitutes feitos por mulheres em situa\u00e7\u00e3o de vulnerabilidade social. A proposta \u00e9 garantir visibilidade, gera\u00e7\u00e3o de renda e autonomia financeira \u00e0s participantes. Funcionar\u00e1 aos s\u00e1bados e domingos, das 9h \u00e0s 17h, nos boxes 95 e 96, bloco \u201cC\u201d.<br \/>\n<\/span><\/p>\n<p class=\"p1\"><span class=\"s2\">A vice-governadora do DF, Celina Le\u00e3o; a superintendente regional do Sebrae, Rose Rainha, a senadora Damares Alves, a secret\u00e1ria da Mulher Giselle Ferreira e 20 artes\u00e3s participaram do evento. \u201cA autonomia financeira \u00e9 uma porta de sa\u00edda de um mundo sem viol\u00eancia contra a mulher, por isso, essa parceria com o Estado e o Sebrae foi essencial\u201d, afirmou Giselle.<\/span><\/p>\n<p class=\"p1\"><span class=\"s2\"><strong>Bras\u00edlia Design Week 2025<span class=\"Apple-converted-space\">\u00a0 <\/span>come\u00e7a na quarta-feira<\/strong> <\/span><\/p>\n<p><img loading=\"lazy\" decoding=\"async\" class=\"aligncenter size-medium wp-image-19517\" src=\"https:\/\/blogs.correiobraziliense.com.br\/capital-sa\/wp-content\/uploads\/sites\/59\/2025\/06\/IMG_7053-227x300.jpeg\" alt=\"\" width=\"227\" height=\"300\" srcset=\"https:\/\/blogs.correiobraziliense.com.br\/capital-sa\/wp-content\/uploads\/sites\/59\/2025\/06\/IMG_7053-227x300.jpeg 227w, https:\/\/blogs.correiobraziliense.com.br\/capital-sa\/wp-content\/uploads\/sites\/59\/2025\/06\/IMG_7053-768x1017.jpeg 768w, https:\/\/blogs.correiobraziliense.com.br\/capital-sa\/wp-content\/uploads\/sites\/59\/2025\/06\/IMG_7053-773x1024.jpeg 773w, https:\/\/blogs.correiobraziliense.com.br\/capital-sa\/wp-content\/uploads\/sites\/59\/2025\/06\/IMG_7053-800x1059.jpeg 800w, https:\/\/blogs.correiobraziliense.com.br\/capital-sa\/wp-content\/uploads\/sites\/59\/2025\/06\/IMG_7053-550x728.jpeg 550w, https:\/\/blogs.correiobraziliense.com.br\/capital-sa\/wp-content\/uploads\/sites\/59\/2025\/06\/IMG_7053-230x305.jpeg 230w, https:\/\/blogs.correiobraziliense.com.br\/capital-sa\/wp-content\/uploads\/sites\/59\/2025\/06\/IMG_7053.jpeg 1170w\" sizes=\"auto, (max-width: 227px) 100vw, 227px\" \/><\/p>\n<p class=\"p1\">A 3\u00aa edi\u00e7\u00e3o da Bras\u00edlia Design Week (BDW25) acontece entre os dias 18 e 24 de junho, no Museu Nacional da Rep\u00fablica e em v\u00e1rios pontos da cidade com exposi\u00e7\u00f5es, feiras, oficinas, rodas de conversa, desfiles e circuitos urbanos, que inclui lojas, galerias de arte e embaixadas.<\/p>\n<p class=\"p1\"><span class=\"s2\">Ser\u00e3o mais de 40 a\u00e7\u00f5es gratuitas. O tema central da BDW este ano \u00e9 \u201cMem\u00f3ria, Design e Futuro\u201d. A exposi\u00e7\u00e3o que conceitua a mostra de 2025, \u201cHorizonte em Risco\u201d, tem curadoria de Nina Coimbra.\u00a0Daisy Barros (Tape\u00e7aria Casca) \u00e9 uma das participantes da exposi\u00e7\u00e3o.<br \/>\n<\/span><\/p>\n<p class=\"p1\"><span class=\"s2\">\u201cDesign + Ind\u00fastria\u201d \u00e9 um dos destaques da edi\u00e7\u00e3o deste ano. A mostra de mobili\u00e1rio brasileiro foi rec\u00e9m-apresentada na DW Mil\u00e3o pela Associa\u00e7\u00e3o Brasileira das Ind\u00fastrias de Mobili\u00e1rio (Abim\u00f3vel).<br \/>\n<\/span><\/p>\n<p class=\"p1\"><span class=\"s2\">Direto do circuito internacional para Bras\u00edlia, exibe cria\u00e7\u00f5es que traduzem sofistica\u00e7\u00e3o, inova\u00e7\u00e3o e identidade \u2014 pe\u00e7as que levam a assinatura do design nacional ao mundo.<\/span><\/p>\n","protected":false},"excerpt":{"rendered":"<p>&#8211; Coluna Capital S\/A de 16 de junho Por Samanta Sallum\u00a0 O Conselho de Desenvolvimento Econ\u00f4mico, Sustent\u00e1vel e Estrat\u00e9gico do Distrito Federal (Codese-DF) realiza, amanh\u00e3, a 5\u00aa Reuni\u00e3o de Governan\u00e7a, no audit\u00f3rio do Sinduscon -DF, a partir das 9h30. O evento marca\u00a0 o compromisso da sociedade civil e do Governo do Distrito Federal com a implementa\u00e7\u00e3o das a\u00e7\u00f5es estruturantes previstas [&hellip;]<\/p>\n","protected":false},"author":125,"featured_media":19513,"comment_status":"open","ping_status":"open","sticky":false,"template":"","format":"standard","meta":{"footnotes":""},"categories":[6],"tags":[2492,1067,3010,613,3008,1664,734,2543,203,642,2690,1023,639,1963,760,3009,2266,2486],"class_list":["post-19507","post","type-post","status-publish","format-standard","has-post-thumbnail","hentry","category-coluna-capital-s-a","tag-ademi-df","tag-asbraco","tag-brasiliadesignweek","tag-codese","tag-dionyzioklavdianos","tag-fape","tag-fecomercio-df","tag-fibra-df","tag-gdf","tag-ibaneisrocha","tag-josehumbertopires","tag-oab-df","tag-pdot","tag-sebastiaoabritta","tag-secovi-df","tag-secretariadamulher","tag-sindivarejista-df","tag-sinduscon-df"],"_links":{"self":[{"href":"https:\/\/blogs.correiobraziliense.com.br\/capital-sa\/wp-json\/wp\/v2\/posts\/19507","targetHints":{"allow":["GET"]}}],"collection":[{"href":"https:\/\/blogs.correiobraziliense.com.br\/capital-sa\/wp-json\/wp\/v2\/posts"}],"about":[{"href":"https:\/\/blogs.correiobraziliense.com.br\/capital-sa\/wp-json\/wp\/v2\/types\/post"}],"author":[{"embeddable":true,"href":"https:\/\/blogs.correiobraziliense.com.br\/capital-sa\/wp-json\/wp\/v2\/users\/125"}],"replies":[{"embeddable":true,"href":"https:\/\/blogs.correiobraziliense.com.br\/capital-sa\/wp-json\/wp\/v2\/comments?post=19507"}],"version-history":[{"count":12,"href":"https:\/\/blogs.correiobraziliense.com.br\/capital-sa\/wp-json\/wp\/v2\/posts\/19507\/revisions"}],"predecessor-version":[{"id":19523,"href":"https:\/\/blogs.correiobraziliense.com.br\/capital-sa\/wp-json\/wp\/v2\/posts\/19507\/revisions\/19523"}],"wp:featuredmedia":[{"embeddable":true,"href":"https:\/\/blogs.correiobraziliense.com.br\/capital-sa\/wp-json\/wp\/v2\/media\/19513"}],"wp:attachment":[{"href":"https:\/\/blogs.correiobraziliense.com.br\/capital-sa\/wp-json\/wp\/v2\/media?parent=19507"}],"wp:term":[{"taxonomy":"category","embeddable":true,"href":"https:\/\/blogs.correiobraziliense.com.br\/capital-sa\/wp-json\/wp\/v2\/categories?post=19507"},{"taxonomy":"post_tag","embeddable":true,"href":"https:\/\/blogs.correiobraziliense.com.br\/capital-sa\/wp-json\/wp\/v2\/tags?post=19507"}],"curies":[{"name":"wp","href":"https:\/\/api.w.org\/{rel}","templated":true}]}}