{"id":19487,"date":"2025-06-13T11:01:37","date_gmt":"2025-06-13T14:01:37","guid":{"rendered":"https:\/\/blogs.correiobraziliense.com.br\/capital-sa\/?p=19487"},"modified":"2025-06-13T12:00:19","modified_gmt":"2025-06-13T15:00:19","slug":"pdot-na-reta-final-marcada-ultima-audiencia-publica","status":"publish","type":"post","link":"https:\/\/blogs.correiobraziliense.com.br\/capital-sa\/2025\/06\/13\/pdot-na-reta-final-marcada-ultima-audiencia-publica\/","title":{"rendered":"PDOT na reta final: marcada \u00faltima audi\u00eancia p\u00fablica"},"content":{"rendered":"<p class=\"p1\" style=\"padding-left: 30px\"><strong>Por Samanta Sallum\u00a0<\/strong><\/p>\n<p class=\"p1\"><span class=\"s1\">A revis\u00e3o do Plano Diretor de Ordenamento Territorial (PDOT) est\u00e1 na reta final. A \u00faltima audi\u00eancia p\u00fablica est\u00e1 marcada para o dia 28 de junho. Para auxiliar no entendimento do texto, a Seduh iniciou a divulga\u00e7\u00e3o nas redes sociais de uma s\u00e9rie de 35 postagens sobre os principais pontos propostos para cada regi\u00e3o administrativa. O foco s\u00e3o as novas \u00e1reas de oferta habitacional, regulariza\u00e7\u00e3o, meio ambiente e mobilidade.<\/span><\/p>\n<p>A audi\u00eancia ser\u00e1 no audit\u00f3rio Lindberg Aziz Cury, da C\u00e2mara Legislativa do Distrito Federal. O evento \u00e9 presencial e de livre acesso a qualquer pessoa e, tamb\u00e9m, ser\u00e1 transmitido pelo canal Conex\u00e3o Seduh, no YouTube da secretaria.<\/p>\n<p class=\"p1\"><strong><span class=\"s1\">Transporte p\u00fablico <\/span><\/strong><\/p>\n<p class=\"p1\"><span class=\"s2\">\u201cAo combinar o desenvolvimento urbano com o transporte p\u00fablico em grande escala e melhorar a seguran\u00e7a e a qualidade dos espa\u00e7os p\u00fablicos em menor escala, o PDOT busca reduzir as dist\u00e2ncias e o tempo de viagem, incentivar o uso de transporte coletivo e os meios n\u00e3o motorizados e diminuir a depend\u00eancia do autom\u00f3vel em todas as partes do Distrito Federal\u201d, <\/span><span class=\"s1\"> explica o diretor de Planejamento Territorial e Urbano da Seduh, Ant\u00f4nio Martins.\u00a0<\/span><\/p>\n","protected":false},"excerpt":{"rendered":"<p>Por Samanta Sallum\u00a0 A revis\u00e3o do Plano Diretor de Ordenamento Territorial (PDOT) est\u00e1 na reta final. A \u00faltima audi\u00eancia p\u00fablica est\u00e1 marcada para o dia 28 de junho. Para auxiliar no entendimento do texto, a Seduh iniciou a divulga\u00e7\u00e3o nas redes sociais de uma s\u00e9rie de 35 postagens sobre os principais pontos propostos para cada regi\u00e3o administrativa. O foco s\u00e3o [&hellip;]<\/p>\n","protected":false},"author":125,"featured_media":19492,"comment_status":"open","ping_status":"open","sticky":false,"template":"","format":"standard","meta":{"footnotes":""},"categories":[6],"tags":[3000,1686,1544,3002,1199,1198,2287,639,1054,2711,3001],"class_list":["post-19487","post","type-post","status-publish","format-standard","has-post-thumbnail","hentry","category-coluna-capital-s-a","tag-antoniomartins","tag-cldf","tag-habitacao","tag-lindbergazizcury","tag-meioambiente","tag-mobilidade","tag-mobilidadeurbana","tag-pdot","tag-seduh","tag-transportepublico","tag-urbanizacao"],"_links":{"self":[{"href":"https:\/\/blogs.correiobraziliense.com.br\/capital-sa\/wp-json\/wp\/v2\/posts\/19487","targetHints":{"allow":["GET"]}}],"collection":[{"href":"https:\/\/blogs.correiobraziliense.com.br\/capital-sa\/wp-json\/wp\/v2\/posts"}],"about":[{"href":"https:\/\/blogs.correiobraziliense.com.br\/capital-sa\/wp-json\/wp\/v2\/types\/post"}],"author":[{"embeddable":true,"href":"https:\/\/blogs.correiobraziliense.com.br\/capital-sa\/wp-json\/wp\/v2\/users\/125"}],"replies":[{"embeddable":true,"href":"https:\/\/blogs.correiobraziliense.com.br\/capital-sa\/wp-json\/wp\/v2\/comments?post=19487"}],"version-history":[{"count":6,"href":"https:\/\/blogs.correiobraziliense.com.br\/capital-sa\/wp-json\/wp\/v2\/posts\/19487\/revisions"}],"predecessor-version":[{"id":19504,"href":"https:\/\/blogs.correiobraziliense.com.br\/capital-sa\/wp-json\/wp\/v2\/posts\/19487\/revisions\/19504"}],"wp:featuredmedia":[{"embeddable":true,"href":"https:\/\/blogs.correiobraziliense.com.br\/capital-sa\/wp-json\/wp\/v2\/media\/19492"}],"wp:attachment":[{"href":"https:\/\/blogs.correiobraziliense.com.br\/capital-sa\/wp-json\/wp\/v2\/media?parent=19487"}],"wp:term":[{"taxonomy":"category","embeddable":true,"href":"https:\/\/blogs.correiobraziliense.com.br\/capital-sa\/wp-json\/wp\/v2\/categories?post=19487"},{"taxonomy":"post_tag","embeddable":true,"href":"https:\/\/blogs.correiobraziliense.com.br\/capital-sa\/wp-json\/wp\/v2\/tags?post=19487"}],"curies":[{"name":"wp","href":"https:\/\/api.w.org\/{rel}","templated":true}]}}