{"id":19460,"date":"2025-06-11T11:53:31","date_gmt":"2025-06-11T14:53:31","guid":{"rendered":"https:\/\/blogs.correiobraziliense.com.br\/capital-sa\/?p=19460"},"modified":"2025-06-11T12:38:05","modified_gmt":"2025-06-11T15:38:05","slug":"acordo-define-reajuste-salarial-na-construcao-civil","status":"publish","type":"post","link":"https:\/\/blogs.correiobraziliense.com.br\/capital-sa\/2025\/06\/11\/acordo-define-reajuste-salarial-na-construcao-civil\/","title":{"rendered":"Acordo define reajuste salarial para 80 mil trabalhadores na constru\u00e7\u00e3o civil"},"content":{"rendered":"<p class=\"p1\"><strong>Por Samanata Sallum\u00a0<\/strong><\/p>\n<p class=\"p1\"><span class=\"s1\">O Sindicato da Ind\u00fastria da Constru\u00e7\u00e3o Civil do Distrito Federal (Sinduscon-DF) e o Sindicato dos Trabalhadores na Ind\u00fastria da Constru\u00e7\u00e3o Civil assinaram nova Conven\u00e7\u00e3o Coletiva de Trabalho (CCT), para o per\u00edodo de 1\u00ba de maio de 2025 a 30 de abril de 2027 para cerca de 80 mil trabalhadores.\u00a0<\/span>Entre os principais pontos da conven\u00e7\u00e3o, destacam-se os novos pisos salariais m\u00ednimos no DF a partir de 1\u00ba de maio de 2025:<\/p>\n<p class=\"p1\"><span class=\"s1\">\u2022 Ajudante\/Servente: R$ 1.639,00 mensais (R$ 7,45 por hora).<\/span><\/p>\n<p class=\"p1\"><span class=\"s1\">\u2022 Guardi\u00e3o de Obra\/Vigia: R$ 1.639,00 mensais (R$ 7,45 por hora).<\/span><\/p>\n<p class=\"p1\"><span class=\"s1\">\u2022 Meio-Oficial: R$ 1.738,00 mensais (R$ 7,90 por hora).<\/span><\/p>\n<p class=\"p1\"><span class=\"s1\">\u2022 Oficial: R$ 2.424,40 mensais (R$ 11,02 por hora).<\/span><\/p>\n<p class=\"p1\"><span class=\"s1\">S\u00e3o considerados oficiais fun\u00e7\u00f5es como armador, pedreiro, pintor, eletricista, bombeiro hidr\u00e1ulico, carpinteiro e outros.<br \/>\n<\/span><\/p>\n<p class=\"p1\">Para os empregados que j\u00e1 recebem sal\u00e1rios superiores aos pisos, a conven\u00e7\u00e3o prev\u00ea um reajuste salarial de 5,50% a partir de 1\u00ba de maio de 2025, calculado sobre o sal\u00e1rio de abril de 2025. Para os admitidos entre 1\u00ba de maio de 2024 e 30 de abril de 2025, o reajuste ser\u00e1 proporcional, exceto para empregados de manuten\u00e7\u00e3o predial.<\/p>\n","protected":false},"excerpt":{"rendered":"<p>Por Samanata Sallum\u00a0 O Sindicato da Ind\u00fastria da Constru\u00e7\u00e3o Civil do Distrito Federal (Sinduscon-DF) e o Sindicato dos Trabalhadores na Ind\u00fastria da Constru\u00e7\u00e3o Civil assinaram nova Conven\u00e7\u00e3o Coletiva de Trabalho (CCT), para o per\u00edodo de 1\u00ba de maio de 2025 a 30 de abril de 2027 para cerca de 80 mil trabalhadores.\u00a0Entre os principais pontos da conven\u00e7\u00e3o, destacam-se os novos [&hellip;]<\/p>\n","protected":false},"author":125,"featured_media":19463,"comment_status":"open","ping_status":"open","sticky":false,"template":"","format":"standard","meta":{"footnotes":""},"categories":[6],"tags":[1285,2996,2094,1398,276,950,2486],"class_list":["post-19460","post","type-post","status-publish","format-standard","has-post-thumbnail","hentry","category-coluna-capital-s-a","tag-acordo","tag-cct","tag-construcaocivil","tag-convencaocoletiva","tag-economia","tag-reajuste","tag-sinduscon-df"],"_links":{"self":[{"href":"https:\/\/blogs.correiobraziliense.com.br\/capital-sa\/wp-json\/wp\/v2\/posts\/19460","targetHints":{"allow":["GET"]}}],"collection":[{"href":"https:\/\/blogs.correiobraziliense.com.br\/capital-sa\/wp-json\/wp\/v2\/posts"}],"about":[{"href":"https:\/\/blogs.correiobraziliense.com.br\/capital-sa\/wp-json\/wp\/v2\/types\/post"}],"author":[{"embeddable":true,"href":"https:\/\/blogs.correiobraziliense.com.br\/capital-sa\/wp-json\/wp\/v2\/users\/125"}],"replies":[{"embeddable":true,"href":"https:\/\/blogs.correiobraziliense.com.br\/capital-sa\/wp-json\/wp\/v2\/comments?post=19460"}],"version-history":[{"count":6,"href":"https:\/\/blogs.correiobraziliense.com.br\/capital-sa\/wp-json\/wp\/v2\/posts\/19460\/revisions"}],"predecessor-version":[{"id":19477,"href":"https:\/\/blogs.correiobraziliense.com.br\/capital-sa\/wp-json\/wp\/v2\/posts\/19460\/revisions\/19477"}],"wp:featuredmedia":[{"embeddable":true,"href":"https:\/\/blogs.correiobraziliense.com.br\/capital-sa\/wp-json\/wp\/v2\/media\/19463"}],"wp:attachment":[{"href":"https:\/\/blogs.correiobraziliense.com.br\/capital-sa\/wp-json\/wp\/v2\/media?parent=19460"}],"wp:term":[{"taxonomy":"category","embeddable":true,"href":"https:\/\/blogs.correiobraziliense.com.br\/capital-sa\/wp-json\/wp\/v2\/categories?post=19460"},{"taxonomy":"post_tag","embeddable":true,"href":"https:\/\/blogs.correiobraziliense.com.br\/capital-sa\/wp-json\/wp\/v2\/tags?post=19460"}],"curies":[{"name":"wp","href":"https:\/\/api.w.org\/{rel}","templated":true}]}}