{"id":1942,"date":"2021-02-22T10:03:33","date_gmt":"2021-02-22T13:03:33","guid":{"rendered":"https:\/\/blogs.correiobraziliense.com.br\/capital-sa\/?p=1942"},"modified":"2021-02-22T10:08:03","modified_gmt":"2021-02-22T13:08:03","slug":"terceira-idade-e-a-que-mais-emprega","status":"publish","type":"post","link":"https:\/\/blogs.correiobraziliense.com.br\/capital-sa\/2021\/02\/22\/terceira-idade-e-a-que-mais-emprega\/","title":{"rendered":"Terceira idade \u00e9 a que mais emprega"},"content":{"rendered":"<p>O Brasil atingiu 1,8 milh\u00e3o de empreendedores com mais de 65 anos, o que corresponde a 7,3% do total de donos de neg\u00f3cios de pequeno porte. E eles s\u00e3o os que mais empregam no pa\u00eds, segundo\u00a0pesquisa\u00a0realizada pelo Sebrae com dados do\u00a0IBGE.<\/p>\n<p>A maior propor\u00e7\u00e3o de empregadores (20%) est\u00e1 localizada nesse perfil de empreendedor. Desses\u00a071%, com 1 a 5 funcion\u00e1rios e\u00a029% t\u00eam 6 ou mais.<\/p>\n<p><strong>Bom uso do tempo<\/strong><\/p>\n<p>\u00c9 no setor de servi\u00e7os, 36%, que mais se concentram. Na agropecu\u00e1ria, est\u00e3o 23%, 19% no com\u00e9rcio, 14% na ind\u00fastria e 8% na constru\u00e7\u00e3o. Eles sabem tamb\u00e9m otimizar o tempo, pois s\u00e3o os\u00a0que trabalham menos horas por semana para garantir renda acima de R$ 5 mil.<\/p>\n<p><strong>Do Feiti\u00e7o da Vila para o\u00a0<\/strong><strong>DoceLu <\/strong><strong>Caf\u00e9 com Flores\u00a0<\/strong><\/p>\n<p><img loading=\"lazy\" decoding=\"async\" class=\"aligncenter size-medium wp-image-1948\" src=\"https:\/\/blogs.correiobraziliense.com.br\/capital-sa\/wp-content\/uploads\/sites\/59\/2021\/02\/57F81E29-44C4-4BC3-9C21-BA34A2975BD5-225x300.jpeg\" alt=\"\" width=\"225\" height=\"300\" srcset=\"https:\/\/blogs.correiobraziliense.com.br\/capital-sa\/wp-content\/uploads\/sites\/59\/2021\/02\/57F81E29-44C4-4BC3-9C21-BA34A2975BD5-225x300.jpeg 225w, https:\/\/blogs.correiobraziliense.com.br\/capital-sa\/wp-content\/uploads\/sites\/59\/2021\/02\/57F81E29-44C4-4BC3-9C21-BA34A2975BD5-768x1024.jpeg 768w, https:\/\/blogs.correiobraziliense.com.br\/capital-sa\/wp-content\/uploads\/sites\/59\/2021\/02\/57F81E29-44C4-4BC3-9C21-BA34A2975BD5-800x1067.jpeg 800w, https:\/\/blogs.correiobraziliense.com.br\/capital-sa\/wp-content\/uploads\/sites\/59\/2021\/02\/57F81E29-44C4-4BC3-9C21-BA34A2975BD5-550x733.jpeg 550w, https:\/\/blogs.correiobraziliense.com.br\/capital-sa\/wp-content\/uploads\/sites\/59\/2021\/02\/57F81E29-44C4-4BC3-9C21-BA34A2975BD5-230x307.jpeg 230w, https:\/\/blogs.correiobraziliense.com.br\/capital-sa\/wp-content\/uploads\/sites\/59\/2021\/02\/57F81E29-44C4-4BC3-9C21-BA34A2975BD5.jpeg 1200w\" sizes=\"auto, (max-width: 225px) 100vw, 225px\" \/><\/p>\n<p>Mea Ara\u00fajo, 85 anos, \u00e9 exemplo de empreendedorismo na terceira idade. Ela veio de Alagoas para a inaugura\u00e7\u00e3o da nova capital. Completou 60 anos de Bras\u00edlia junto da cidade. Moradora da Vila Planalto, fez hist\u00f3ria ajudando a criar o polo gastron\u00f4mico da regi\u00e3o que hoje atrai tantos brasilienses.<\/p>\n<p>Mea foi dona por 17 anos do restaurante Feiti\u00e7o da Vila e h\u00e1 1 ano abriu o DoceLu Caf\u00e9 com Flor.<\/p>\n<p><strong>Aposentar, sim. P<\/strong><strong>arar, n\u00e3o<\/strong><\/p>\n<p>Depois de 39 anos de servi\u00e7o p\u00fablico, o primeiro emprego foi na Novacap, ela se aposentou em 1999. \u201cMas eu sentia que tinha muita energia ainda e que n\u00e3o conseguiria ficar quieta. Resolvi abrir uma pastelaria, que depois virou o restaurante Feiti\u00e7o da Vila\u201d, lembra. Mas nem mesmo depois de tentar se aposentar de novo, ao fechar o restaurante, consegui parar.<\/p>\n<p>\u201cA Lu minha filha gostava de fazer doces, ent\u00e3o, criei um espacinho para ela. Mas cresceu e agora virou um caf\u00e9 de verdade\u201d, conta, animada.<\/p>\n<p><img loading=\"lazy\" decoding=\"async\" class=\"aligncenter size-medium wp-image-1950\" src=\"https:\/\/blogs.correiobraziliense.com.br\/capital-sa\/wp-content\/uploads\/sites\/59\/2021\/02\/F5425BF2-9C08-4A4A-A532-A0069F722873-271x300.jpeg\" alt=\"\" width=\"271\" height=\"300\" srcset=\"https:\/\/blogs.correiobraziliense.com.br\/capital-sa\/wp-content\/uploads\/sites\/59\/2021\/02\/F5425BF2-9C08-4A4A-A532-A0069F722873-271x300.jpeg 271w, https:\/\/blogs.correiobraziliense.com.br\/capital-sa\/wp-content\/uploads\/sites\/59\/2021\/02\/F5425BF2-9C08-4A4A-A532-A0069F722873-550x608.jpeg 550w, https:\/\/blogs.correiobraziliense.com.br\/capital-sa\/wp-content\/uploads\/sites\/59\/2021\/02\/F5425BF2-9C08-4A4A-A532-A0069F722873-230x254.jpeg 230w, https:\/\/blogs.correiobraziliense.com.br\/capital-sa\/wp-content\/uploads\/sites\/59\/2021\/02\/F5425BF2-9C08-4A4A-A532-A0069F722873.jpeg 640w\" sizes=\"auto, (max-width: 271px) 100vw, 271px\" \/><\/p>\n<p><strong>Bar de brigadeiro<\/strong><\/p>\n<p>Ela, a filha Luciana (que d\u00e1 o nome ao caf\u00e9) e parte da fam\u00edlia administram o novo neg\u00f3cio. O DoceLu oferece um card\u00e1pio variado e est\u00e1 aberto ao p\u00fablico de ter\u00e7a a domingo, com mesinhas em ambiente buc\u00f3lico. Aceita encomendas e uma das maiores atra\u00e7\u00f5es \u00e9 o bar de brigadeiro, que pode ser levado a qualquer lugar com diversas varia\u00e7\u00f5es do doce.<\/p>\n","protected":false},"excerpt":{"rendered":"<p>O Brasil atingiu 1,8 milh\u00e3o de empreendedores com mais de 65 anos, o que corresponde a 7,3% do total de donos de neg\u00f3cios de pequeno porte. E eles s\u00e3o os que mais empregam no pa\u00eds, segundo\u00a0pesquisa\u00a0realizada pelo Sebrae com dados do\u00a0IBGE. A maior propor\u00e7\u00e3o de empregadores (20%) est\u00e1 localizada nesse perfil de empreendedor. Desses\u00a071%, com 1 a 5 funcion\u00e1rios e\u00a029% [&hellip;]<\/p>\n","protected":false},"author":125,"featured_media":1945,"comment_status":"open","ping_status":"open","sticky":false,"template":"","format":"standard","meta":{"footnotes":""},"categories":[6],"tags":[],"class_list":["post-1942","post","type-post","status-publish","format-standard","has-post-thumbnail","hentry","category-coluna-capital-s-a"],"_links":{"self":[{"href":"https:\/\/blogs.correiobraziliense.com.br\/capital-sa\/wp-json\/wp\/v2\/posts\/1942","targetHints":{"allow":["GET"]}}],"collection":[{"href":"https:\/\/blogs.correiobraziliense.com.br\/capital-sa\/wp-json\/wp\/v2\/posts"}],"about":[{"href":"https:\/\/blogs.correiobraziliense.com.br\/capital-sa\/wp-json\/wp\/v2\/types\/post"}],"author":[{"embeddable":true,"href":"https:\/\/blogs.correiobraziliense.com.br\/capital-sa\/wp-json\/wp\/v2\/users\/125"}],"replies":[{"embeddable":true,"href":"https:\/\/blogs.correiobraziliense.com.br\/capital-sa\/wp-json\/wp\/v2\/comments?post=1942"}],"version-history":[{"count":8,"href":"https:\/\/blogs.correiobraziliense.com.br\/capital-sa\/wp-json\/wp\/v2\/posts\/1942\/revisions"}],"predecessor-version":[{"id":1954,"href":"https:\/\/blogs.correiobraziliense.com.br\/capital-sa\/wp-json\/wp\/v2\/posts\/1942\/revisions\/1954"}],"wp:featuredmedia":[{"embeddable":true,"href":"https:\/\/blogs.correiobraziliense.com.br\/capital-sa\/wp-json\/wp\/v2\/media\/1945"}],"wp:attachment":[{"href":"https:\/\/blogs.correiobraziliense.com.br\/capital-sa\/wp-json\/wp\/v2\/media?parent=1942"}],"wp:term":[{"taxonomy":"category","embeddable":true,"href":"https:\/\/blogs.correiobraziliense.com.br\/capital-sa\/wp-json\/wp\/v2\/categories?post=1942"},{"taxonomy":"post_tag","embeddable":true,"href":"https:\/\/blogs.correiobraziliense.com.br\/capital-sa\/wp-json\/wp\/v2\/tags?post=1942"}],"curies":[{"name":"wp","href":"https:\/\/api.w.org\/{rel}","templated":true}]}}