{"id":19343,"date":"2025-06-04T10:33:32","date_gmt":"2025-06-04T13:33:32","guid":{"rendered":"https:\/\/blogs.correiobraziliense.com.br\/capital-sa\/?p=19343"},"modified":"2025-06-04T12:43:29","modified_gmt":"2025-06-04T15:43:29","slug":"ibaneis-vai-sancionar-lei-que-permite-negociacao-de-dividas-tributarias","status":"publish","type":"post","link":"https:\/\/blogs.correiobraziliense.com.br\/capital-sa\/2025\/06\/04\/ibaneis-vai-sancionar-lei-que-permite-negociacao-de-dividas-tributarias\/","title":{"rendered":"Ibaneis vai sancionar lei que permite negocia\u00e7\u00e3o de d\u00edvidas tribut\u00e1rias"},"content":{"rendered":"<p class=\"p1\"><em>Medida se equipara a Refis para pessoa f\u00edsica e para empresas. DF ser\u00e1 o primeiro estado a implantar o novo sistema de pagamento de d\u00e9bitos com impostos, para evitar que processos judiciais se arrastem. Cerca de 75% da d\u00edvida ativa \u00e9 referente a ICMS\u00a0<\/em><\/p>\n<p><strong>Por Samanta Sallum\u00a0<\/strong><\/p>\n<p class=\"p1\"><span class=\"s1\">O governo Ibaneis Rocha vai sancionar Projeto de Lei que disp\u00f5e sobre a transa\u00e7\u00e3o resolutiva de lit\u00edgio de natureza tribut\u00e1ria e n\u00e3o tribut\u00e1ria. Ou seja, vai permitir\u00a0<\/span>uma nova forma de resolver pend\u00eancias tribut\u00e1rias que est\u00e3o judicializadas ou n\u00e3o. Lideran\u00e7as empresariais da capital federal foram convidadas para uma cerim\u00f4nia no Pal\u00e1cio do Buriti, na quinta-feira, \u00e0s 10h. Isso porque a grande parte do que consta atualmente na d\u00edvida ativa, chega a 75%, \u00e9 referente a ICMS.<\/p>\n<p class=\"p1\">A medida espelha legisla\u00e7\u00e3o federal, criada no governo Bolsonaro, que permite \u00e0s empresas negociarem d\u00edvidas e pagamentos de tributos diretamente com a Procuradoria Geral da Fazenda. O DF ser\u00e1 o primeiro estado a adotar o mesmo procedimento, que, no caso, ser\u00e1 resolvido com a Procuradoria do DF. A medida tamb\u00e9m beneficia pessoa f\u00edsica, o contribuinte com pend\u00eancias como IPTU e IPVA.<\/p>\n<p class=\"p1\">A coluna apurou que a lei acaba tendo uma finalidade semelhante a de um Refis. As empresas da capital federal poder\u00e3o buscar una solu\u00e7\u00e3o direta com a Procuradoria do DF de acordo com as regras do projeto de lei que foi aprovado na semana passada na C\u00e2mara Legislativa. Mas os detalhes s\u00f3 ser\u00e3o definidos com o decreto de regulamenta\u00e7\u00e3o da lei.<\/p>\n<blockquote>\n<p class=\"p1\"><span class=\"s1\">&#8220;Com essa iniciativa, estamos tentando recuperar cr\u00e9ditos que poderiam se perder no tempo ou que enfrentariam, anos e anos, disputas judiciais onerosas para o estado. O DF precisa de investimentos, e estamos buscando recursos para financiar mais qualidade de vida para a popula\u00e7\u00e3o&#8221;, explicou Ney Ferraz, secret\u00e1rio de Economia, \u00e0 coluna.\u00a0<\/span><\/p>\n<\/blockquote>\n<p><img loading=\"lazy\" decoding=\"async\" class=\"aligncenter size-medium wp-image-19356\" src=\"https:\/\/blogs.correiobraziliense.com.br\/capital-sa\/wp-content\/uploads\/sites\/59\/2025\/06\/IMG_6230-300x193.jpeg\" alt=\"\" width=\"300\" height=\"193\" srcset=\"https:\/\/blogs.correiobraziliense.com.br\/capital-sa\/wp-content\/uploads\/sites\/59\/2025\/06\/IMG_6230-300x193.jpeg 300w, https:\/\/blogs.correiobraziliense.com.br\/capital-sa\/wp-content\/uploads\/sites\/59\/2025\/06\/IMG_6230-768x495.jpeg 768w, https:\/\/blogs.correiobraziliense.com.br\/capital-sa\/wp-content\/uploads\/sites\/59\/2025\/06\/IMG_6230-1024x660.jpeg 1024w, https:\/\/blogs.correiobraziliense.com.br\/capital-sa\/wp-content\/uploads\/sites\/59\/2025\/06\/IMG_6230-800x516.jpeg 800w, https:\/\/blogs.correiobraziliense.com.br\/capital-sa\/wp-content\/uploads\/sites\/59\/2025\/06\/IMG_6230-550x354.jpeg 550w, https:\/\/blogs.correiobraziliense.com.br\/capital-sa\/wp-content\/uploads\/sites\/59\/2025\/06\/IMG_6230-230x148.jpeg 230w, https:\/\/blogs.correiobraziliense.com.br\/capital-sa\/wp-content\/uploads\/sites\/59\/2025\/06\/IMG_6230.jpeg 1170w\" sizes=\"auto, (max-width: 300px) 100vw, 300px\" \/><\/p>\n<p class=\"p1\"><span class=\"s1\">A lei prev\u00ea contemplar, isolada ou\u00a0<\/span>cumulativamente, a concess\u00e3o de descontos nas multas, nos juros e nos demais acr\u00e9scimos legais, observado o limite m\u00e1ximo de 50% do valor total do cr\u00e9dito; oferecer prazos e formas de pagamento especiais, inclu\u00edda a morat\u00f3ria, obedecido o prazo m\u00e1ximo de quita\u00e7\u00e3o de 60 meses.<\/p>\n<p class=\"p1\"><strong><span class=\"s1\">Demanda do setor produtivo <\/span><\/strong><\/p>\n<p class=\"p1\"><span class=\"s1\">\u201cFoi uma importante vit\u00f3ria das empresas que querem e precisam acertar d\u00e9bitos conforme sua capacidade de pagamento e para continuarem sobrevivendo, gerando emprego e arrecada\u00e7\u00e3o\u201d, explicou o vice-presidente da Fecom\u00e9rcio e presidente d\u00f3 Sindiatacadista, \u00c1lvaro Silveira Jr.<\/span><\/p>\n<p>\u201cEssa medida mostra a sensibilidade do GDF em buscar uma solu\u00e7\u00e3o pela negocia\u00e7\u00e3o. E \u00e9 importante que as empresas vejam a oportunidade de colocarem as contas em dia e poderem, com a situa\u00e7\u00e3o sanada, atender as exig\u00eancias legais para participar de licita\u00e7\u00f5es governamentais\u201d, refor\u00e7ou o presidente da Fecom\u00e9rcio\/DF, Jos\u00e9 Aparecido Freire.<\/p>\n<p class=\"p1\">\n","protected":false},"excerpt":{"rendered":"<p>Medida se equipara a Refis para pessoa f\u00edsica e para empresas. DF ser\u00e1 o primeiro estado a implantar o novo sistema de pagamento de d\u00e9bitos com impostos, para evitar que processos judiciais se arrastem. Cerca de 75% da d\u00edvida ativa \u00e9 referente a ICMS\u00a0 Por Samanta Sallum\u00a0 O governo Ibaneis Rocha vai sancionar Projeto de Lei que disp\u00f5e sobre a [&hellip;]<\/p>\n","protected":false},"author":125,"featured_media":19354,"comment_status":"open","ping_status":"open","sticky":false,"template":"","format":"standard","meta":{"footnotes":""},"categories":[6],"tags":[2693,2961,276,417,734,203,642,699,2655,1040,2811,714,560,1325,42,70,14],"class_list":["post-19343","post","type-post","status-publish","format-standard","has-post-thumbnail","hentry","category-coluna-capital-s-a","tag-alvarosilveirajr","tag-contribuinte","tag-economia","tag-endividamento","tag-fecomercio-df","tag-gdf","tag-ibaneisrocha","tag-iptu","tag-ipva","tag-joseaparecidofreire","tag-neyferraz","tag-renegociacao","tag-sindiatacadista","tag-tributacao","tag-bolsonaro","tag-ibaneis","tag-refis"],"_links":{"self":[{"href":"https:\/\/blogs.correiobraziliense.com.br\/capital-sa\/wp-json\/wp\/v2\/posts\/19343","targetHints":{"allow":["GET"]}}],"collection":[{"href":"https:\/\/blogs.correiobraziliense.com.br\/capital-sa\/wp-json\/wp\/v2\/posts"}],"about":[{"href":"https:\/\/blogs.correiobraziliense.com.br\/capital-sa\/wp-json\/wp\/v2\/types\/post"}],"author":[{"embeddable":true,"href":"https:\/\/blogs.correiobraziliense.com.br\/capital-sa\/wp-json\/wp\/v2\/users\/125"}],"replies":[{"embeddable":true,"href":"https:\/\/blogs.correiobraziliense.com.br\/capital-sa\/wp-json\/wp\/v2\/comments?post=19343"}],"version-history":[{"count":16,"href":"https:\/\/blogs.correiobraziliense.com.br\/capital-sa\/wp-json\/wp\/v2\/posts\/19343\/revisions"}],"predecessor-version":[{"id":19362,"href":"https:\/\/blogs.correiobraziliense.com.br\/capital-sa\/wp-json\/wp\/v2\/posts\/19343\/revisions\/19362"}],"wp:featuredmedia":[{"embeddable":true,"href":"https:\/\/blogs.correiobraziliense.com.br\/capital-sa\/wp-json\/wp\/v2\/media\/19354"}],"wp:attachment":[{"href":"https:\/\/blogs.correiobraziliense.com.br\/capital-sa\/wp-json\/wp\/v2\/media?parent=19343"}],"wp:term":[{"taxonomy":"category","embeddable":true,"href":"https:\/\/blogs.correiobraziliense.com.br\/capital-sa\/wp-json\/wp\/v2\/categories?post=19343"},{"taxonomy":"post_tag","embeddable":true,"href":"https:\/\/blogs.correiobraziliense.com.br\/capital-sa\/wp-json\/wp\/v2\/tags?post=19343"}],"curies":[{"name":"wp","href":"https:\/\/api.w.org\/{rel}","templated":true}]}}