{"id":19302,"date":"2025-05-28T11:40:17","date_gmt":"2025-05-28T14:40:17","guid":{"rendered":"https:\/\/blogs.correiobraziliense.com.br\/capital-sa\/?p=19302"},"modified":"2025-05-29T15:27:20","modified_gmt":"2025-05-29T18:27:20","slug":"medidas-absurdas-dispara-presidente-da-cnseg-sobre-decisoes-do-governo","status":"publish","type":"post","link":"https:\/\/blogs.correiobraziliense.com.br\/capital-sa\/2025\/05\/28\/medidas-absurdas-dispara-presidente-da-cnseg-sobre-decisoes-do-governo\/","title":{"rendered":"\u201cMedidas absurdas\u201d, dispara presidente da CNSeg sobre decis\u00f5es do governo"},"content":{"rendered":"<p class=\"p1\"><strong>Por Samanta Sallum\u00a0<\/strong><\/p>\n<p class=\"p1\"><span class=\"s2\">Na abertura da Conseguro 2025, evento da Confedera\u00e7\u00e3o Nacional das Seguradoras (CNseg), o presidente da entidade, Dyogo Oliveira, alertou aos mais de mil participantes sobre a proposta de obrigar o mercado de seguros a investir reservas em cr\u00e9ditos de carbono e a imposi\u00e7\u00e3o de um Imposto sobre Opera\u00e7\u00f5es Financeiras (IOF) de 5% sobre a poupan\u00e7a destinada a planos como o VGBL.<br \/>\n<\/span><\/p>\n<p class=\"p1\"><span class=\"s2\">Ele classificou essas medidas como &#8220;absurdas&#8221;, ressaltando que penalizam o investimento, e n\u00e3o o lucro do setor. O evento foi realizado ontem, em S\u00e3o Paulo, com a presen\u00e7a do ministro do STF, Luiz Fux.<\/span><\/p>\n<p class=\"p1\"><span class=\"s2\">Setor n\u00e3o ir\u00e1 ceder <\/span><\/p>\n<p class=\"p1\"><span class=\"s2\">O presidente da CNseg destacou a necessidade de buscar apoio no Congresso e de manter um di\u00e1logo constante com o governo. Ele afirmou que o setor n\u00e3o ir\u00e1 ceder e tem a miss\u00e3o de esclarecer a import\u00e2ncia da ind\u00fastria de seguros e seus produtos. <\/span><\/p>\n<p class=\"p1\"><strong><span class=\"s2\">\u201cAvalanche do risco clim\u00e1tico\u201d<\/span><\/strong><\/p>\n<p class=\"p1\"><span class=\"s2\">Dyogo mencionou uma agenda cheia, incluindo a regulamenta\u00e7\u00e3o da reforma tribut\u00e1ria e das APVs (Aberturas P\u00fablicas Volunt\u00e1rias). Tamb\u00e9m apontou que, embora o Brasil esteja tecnologicamente preparado, o risco clim\u00e1tico \u00e9 uma &#8220;avalanche&#8221; que afetar\u00e1 todas as carteiras de seguros, sem a perspectiva de um acordo global que neutralize os efeitos da transi\u00e7\u00e3o clim\u00e1tica.<\/span><\/p>\n","protected":false},"excerpt":{"rendered":"<p>Por Samanta Sallum\u00a0 Na abertura da Conseguro 2025, evento da Confedera\u00e7\u00e3o Nacional das Seguradoras (CNseg), o presidente da entidade, Dyogo Oliveira, alertou aos mais de mil participantes sobre a proposta de obrigar o mercado de seguros a investir reservas em cr\u00e9ditos de carbono e a imposi\u00e7\u00e3o de um Imposto sobre Opera\u00e7\u00f5es Financeiras (IOF) de 5% sobre a poupan\u00e7a destinada a [&hellip;]<\/p>\n","protected":false},"author":125,"featured_media":19306,"comment_status":"open","ping_status":"open","sticky":false,"template":"","format":"standard","meta":{"footnotes":""},"categories":[6],"tags":[1908,2195,254,2891,276,2207,654,2955,2956,1325,41],"class_list":["post-19302","post","type-post","status-publish","format-standard","has-post-thumbnail","hentry","category-coluna-capital-s-a","tag-cargatributaria","tag-cnseg","tag-congressonacional","tag-dyogooliveira","tag-economia","tag-governofederal","tag-investimento","tag-iof","tag-luizfux","tag-tributacao","tag-stf"],"_links":{"self":[{"href":"https:\/\/blogs.correiobraziliense.com.br\/capital-sa\/wp-json\/wp\/v2\/posts\/19302","targetHints":{"allow":["GET"]}}],"collection":[{"href":"https:\/\/blogs.correiobraziliense.com.br\/capital-sa\/wp-json\/wp\/v2\/posts"}],"about":[{"href":"https:\/\/blogs.correiobraziliense.com.br\/capital-sa\/wp-json\/wp\/v2\/types\/post"}],"author":[{"embeddable":true,"href":"https:\/\/blogs.correiobraziliense.com.br\/capital-sa\/wp-json\/wp\/v2\/users\/125"}],"replies":[{"embeddable":true,"href":"https:\/\/blogs.correiobraziliense.com.br\/capital-sa\/wp-json\/wp\/v2\/comments?post=19302"}],"version-history":[{"count":6,"href":"https:\/\/blogs.correiobraziliense.com.br\/capital-sa\/wp-json\/wp\/v2\/posts\/19302\/revisions"}],"predecessor-version":[{"id":19317,"href":"https:\/\/blogs.correiobraziliense.com.br\/capital-sa\/wp-json\/wp\/v2\/posts\/19302\/revisions\/19317"}],"wp:featuredmedia":[{"embeddable":true,"href":"https:\/\/blogs.correiobraziliense.com.br\/capital-sa\/wp-json\/wp\/v2\/media\/19306"}],"wp:attachment":[{"href":"https:\/\/blogs.correiobraziliense.com.br\/capital-sa\/wp-json\/wp\/v2\/media?parent=19302"}],"wp:term":[{"taxonomy":"category","embeddable":true,"href":"https:\/\/blogs.correiobraziliense.com.br\/capital-sa\/wp-json\/wp\/v2\/categories?post=19302"},{"taxonomy":"post_tag","embeddable":true,"href":"https:\/\/blogs.correiobraziliense.com.br\/capital-sa\/wp-json\/wp\/v2\/tags?post=19302"}],"curies":[{"name":"wp","href":"https:\/\/api.w.org\/{rel}","templated":true}]}}