{"id":19295,"date":"2025-05-27T17:06:22","date_gmt":"2025-05-27T20:06:22","guid":{"rendered":"https:\/\/blogs.correiobraziliense.com.br\/capital-sa\/?p=19295"},"modified":"2025-05-27T21:33:36","modified_gmt":"2025-05-28T00:33:36","slug":"setor-produtivo-cobra-do-congresso-anulacao-de-decreto-do-iof","status":"publish","type":"post","link":"https:\/\/blogs.correiobraziliense.com.br\/capital-sa\/2025\/05\/27\/setor-produtivo-cobra-do-congresso-anulacao-de-decreto-do-iof\/","title":{"rendered":"Setor produtivo cobra do Congresso anula\u00e7\u00e3o do aumento do IOF"},"content":{"rendered":"<p class=\"p1\"><strong><em>Por Samanta Sallum\u00a0<\/em><\/strong><\/p>\n<p class=\"p1\"><span class=\"s1\">Sete entidades que representam os setores da ind\u00fastria, do com\u00e9rcio, de servi\u00e7os e da agricultura assinaram manifesto conjunto\u00a0<\/span>sobre as medidas anunciadas pelo ministro Haddad de aumento de al\u00edquotas do IOF (Imposto sobre Opera\u00e7\u00f5es Financeiras).<\/p>\n<p class=\"p1\">\u201cEsperamos que o Congresso Nacional se debruce sobre o tema e avalie com responsabilidade a anula\u00e7\u00e3o do teor do decreto do Governo Federal. O Brasil ostenta uma das maiores cargas tribut\u00e1rias do mundo. Precisamos de um ambiente melhor para crescer \u2014 e isso se faz com aumento de arrecada\u00e7\u00e3o baseado no crescimento da economia, n\u00e3o com mais impostos\u201d, destaca o manifesto.<\/p>\n<p class=\"p1\"><strong><span class=\"s1\">Aumento de custos para as empresas <\/span><\/strong><\/p>\n<p class=\"p1\"><span class=\"s1\">O documento aponta que as medidas do governo federal aumentam custos das empresas e dos neg\u00f3cios com opera\u00e7\u00f5es de cr\u00e9dito,\u00a0<\/span>c\u00e2mbio e seguros, que ser\u00e3o elevados em R$ 19,5 bilh\u00f5es apenas no que resta do ano de 2025. Para 2026, o aumento chega a R$ 39 bilh\u00f5es.<\/p>\n<p class=\"p1\">A medida encarece o cr\u00e9dito para empreendimentos produtivos, aumentando a carga tribut\u00e1ria do IOF sobre empr\u00e9stimos para empresas em mais de 110% ano.<\/p>\n<p class=\"p1\"><span class=\"s1\">A Confedera\u00e7\u00e3o das Associa\u00e7\u00f5es Comerciais e Empresariais do Brasil (CACB) foi umas das entidades que criticou de forma contundente a decis\u00e3o do governo federal de elevar, por decreto, a al\u00edquota do IOF.<br \/>\n<\/span><\/p>\n<p class=\"p1\"><span class=\"s1\">A tomada de cr\u00e9dito por pessoa jur\u00eddica \u2013 empresas \u2013 tamb\u00e9m passa a ter custo maior, incluindo para MEIs (Microempreeendedor Individual). O teto de IOF de opera\u00e7\u00f5es de cr\u00e9dito por empresas<\/span><span class=\"s2\"> passa de 1,88% ao ano para 3,95% ao ano<\/span><span class=\"s1\">. No caso de empresas do <\/span><span class=\"s2\">Simples<\/span><span class=\"s1\">, a cobran\u00e7a <\/span><span class=\"s2\">passa de 0,88% ao ano para 1,95% ao ano<\/span><span class=\"s1\">.<\/span><\/p>\n<p class=\"p1\"><span class=\"s1\">\u201cA medida compromete o ambiente de neg\u00f3cios, gera inseguran\u00e7a jur\u00eddica<span class=\"Apple-converted-space\">\u00a0<\/span>e dificulta ainda mais o acesso ao cr\u00e9dito, especialmente para micro, pequenas e m\u00e9dias empresas. Ao penalizar o setor produtivo, o governo desestimula investimentos, agrava o custo do capital e impacta negativamente o crescimento econ\u00f4mico\u201d, assinou em nota oficial a CACB.<\/span><\/p>\n","protected":false},"excerpt":{"rendered":"<p>Por Samanta Sallum\u00a0 Sete entidades que representam os setores da ind\u00fastria, do com\u00e9rcio, de servi\u00e7os e da agricultura assinaram manifesto conjunto\u00a0sobre as medidas anunciadas pelo ministro Haddad de aumento de al\u00edquotas do IOF (Imposto sobre Opera\u00e7\u00f5es Financeiras). \u201cEsperamos que o Congresso Nacional se debruce sobre o tema e avalie com responsabilidade a anula\u00e7\u00e3o do teor do decreto do Governo Federal. [&hellip;]<\/p>\n","protected":false},"author":125,"featured_media":19298,"comment_status":"open","ping_status":"open","sticky":false,"template":"","format":"standard","meta":{"footnotes":""},"categories":[6],"tags":[1157,2775,254,276,2210,1520,2955,421,454,10],"class_list":["post-19295","post","type-post","status-publish","format-standard","has-post-thumbnail","hentry","category-coluna-capital-s-a","tag-agricultura","tag-cabc","tag-congressonacional","tag-economia","tag-fernandohaddad","tag-industriabrasileira","tag-iof","tag-ministeriodaeconomia","tag-servicos","tag-comercio"],"_links":{"self":[{"href":"https:\/\/blogs.correiobraziliense.com.br\/capital-sa\/wp-json\/wp\/v2\/posts\/19295","targetHints":{"allow":["GET"]}}],"collection":[{"href":"https:\/\/blogs.correiobraziliense.com.br\/capital-sa\/wp-json\/wp\/v2\/posts"}],"about":[{"href":"https:\/\/blogs.correiobraziliense.com.br\/capital-sa\/wp-json\/wp\/v2\/types\/post"}],"author":[{"embeddable":true,"href":"https:\/\/blogs.correiobraziliense.com.br\/capital-sa\/wp-json\/wp\/v2\/users\/125"}],"replies":[{"embeddable":true,"href":"https:\/\/blogs.correiobraziliense.com.br\/capital-sa\/wp-json\/wp\/v2\/comments?post=19295"}],"version-history":[{"count":5,"href":"https:\/\/blogs.correiobraziliense.com.br\/capital-sa\/wp-json\/wp\/v2\/posts\/19295\/revisions"}],"predecessor-version":[{"id":19301,"href":"https:\/\/blogs.correiobraziliense.com.br\/capital-sa\/wp-json\/wp\/v2\/posts\/19295\/revisions\/19301"}],"wp:featuredmedia":[{"embeddable":true,"href":"https:\/\/blogs.correiobraziliense.com.br\/capital-sa\/wp-json\/wp\/v2\/media\/19298"}],"wp:attachment":[{"href":"https:\/\/blogs.correiobraziliense.com.br\/capital-sa\/wp-json\/wp\/v2\/media?parent=19295"}],"wp:term":[{"taxonomy":"category","embeddable":true,"href":"https:\/\/blogs.correiobraziliense.com.br\/capital-sa\/wp-json\/wp\/v2\/categories?post=19295"},{"taxonomy":"post_tag","embeddable":true,"href":"https:\/\/blogs.correiobraziliense.com.br\/capital-sa\/wp-json\/wp\/v2\/tags?post=19295"}],"curies":[{"name":"wp","href":"https:\/\/api.w.org\/{rel}","templated":true}]}}