{"id":19263,"date":"2025-05-27T11:05:33","date_gmt":"2025-05-27T14:05:33","guid":{"rendered":"https:\/\/blogs.correiobraziliense.com.br\/capital-sa\/?p=19263"},"modified":"2025-05-27T12:09:03","modified_gmt":"2025-05-27T15:09:03","slug":"nao-e-o-juiz-que-solta-e-a-lei-que-manda-soltar-argumenta-presidente-do-tjdft-em-reuniao-com-empresarios","status":"publish","type":"post","link":"https:\/\/blogs.correiobraziliense.com.br\/capital-sa\/2025\/05\/27\/nao-e-o-juiz-que-solta-e-a-lei-que-manda-soltar-argumenta-presidente-do-tjdft-em-reuniao-com-empresarios\/","title":{"rendered":"\u201cN\u00e3o \u00e9 o juiz que solta, \u00e9 a lei que manda soltar\u201d, diz presidente do TJDFT em reuni\u00e3o com empres\u00e1rios"},"content":{"rendered":"<p><em>O magistrado criticou tamb\u00e9m a pol\u00edtica nacional de descarceriza\u00e7\u00e3o e disse que se sente \u201cenvergonhado\u201d, como cidad\u00e3o, pela soltura de criminosos<\/em><\/p>\n<p class=\"p2\"><strong>Por Samanta Sallum\u00a0<\/strong><\/p>\n<p class=\"p2\"><span class=\"s1\">O presidente do TJDFT, desembargador Waldir Le\u00f4ncio Lopes J\u00fanior, participou ontem como convidado especial da reuni\u00e3o de diretoria da Fecom\u00e9rcio. Ele foi questionado sobre a soltura de crimininosos com diversas passagens pela pol\u00edcia ou condena\u00e7\u00f5es.<br \/>\n<\/span><\/p>\n<p>\u201cMuitas vezes se fala: a pol\u00edcia prende, e o juiz solta\u2019. Na verdade, n\u00e3o \u00e9 o juiz que solta, \u00e9 a lei que manda soltar. E me sinto envergonhado de ver uma situa\u00e7\u00e3o dessas\u201d, afirmou o magistrado.<\/p>\n<p>O presidente do Sindhobar, Jael Silva, apontou o caso de um assaltante de bares e restaurantes em Bras\u00edlia com 23 passagens pela pol\u00edcia e\u00a0que est\u00e1 solto. \u201cNos sentimos inseguros para trabalhar com os bandidos \u00e0 solta\u201d, contou o empres\u00e1rio. Segundo ele, em reuni\u00e3o na Secretaria de Seguran\u00e7a do DF, foi exposta a situa\u00e7\u00e3o de que a pol\u00edcia prende, mas logo os criminosos s\u00e3o soltos.<\/p>\n<p class=\"p2\"><span class=\"s1\">Em resposta, o desembargador disse que o Judici\u00e1rio cumpre apenas a lei elaborada pelo Poder Legislativo. Ele tamb\u00e9m<\/span>\u00a0criticou a tend\u00eancia do Judici\u00e1rio de reduzir a popula\u00e7\u00e3o carcer\u00e1ria com a flexibiliza\u00e7\u00e3o do cumprimento de penas.<\/p>\n<blockquote>\n<p class=\"p2\"><span class=\"s1\">\u201cTudo isso faz parte de uma pol\u00edtica p\u00fablica nacional de descarceriza\u00e7\u00e3o. Infelizmente, eu digo isso com muito pesar e como cidad\u00e3o. Assim, como muitos dos meus colegas, n\u00e3o gostar\u00edamos que isso acontecesse, porque traz, realmente, inseguran\u00e7a para a popula\u00e7\u00e3o. Mas o<span class=\"Apple-converted-space\">\u00a0 <\/span>Tribunal n\u00e3o tem como, infelizmente, solucionar esse problema, que \u00e9 algo<span class=\"Apple-converted-space\">\u00a0<\/span>de uma pol\u00edtica bem maior\u201d, apontou.<\/span><\/p>\n<\/blockquote>\n<p class=\"p2\"><span class=\"s1\"><strong>Programa de Transforma\u00e7\u00e3o Digital<\/strong> <\/span><\/p>\n<p class=\"p2\"><span class=\"s1\">Um dos destaques da gest\u00e3o do atual presidente do TJDFT \u00e9 a implanta\u00e7\u00e3o do Programa de Transforma\u00e7\u00e3o Digital, que se tornou refer\u00eancia para o resto do pa\u00eds. Desembargadores, ju\u00edzes e servidores est\u00e3o passando por capacita\u00e7\u00e3o no uso de ferramentas de Intelig\u00eancia Artificial para agilizar os tr\u00e2mites processuais.<br \/>\n<\/span><\/p>\n<p class=\"p2\"><span class=\"s1\">\u201cA intelig\u00eancia artificial nunca vai substituir a decis\u00e3o de um ju\u00edz. Ela s\u00f3 auxilia para tornar mais r\u00e1pida e eficiente a conex\u00e3o e coleta de informa\u00e7\u00f5es, por exemplo\u201d, disse \u00e0 coluna.<br \/>\n<\/span><\/p>\n<p class=\"p2\"><span class=\"s1\">O desembargador, durante a reuni\u00e3o, na sede da Fecom\u00e9rcio, tamb\u00e9m frisou que os custos<span class=\"Apple-converted-space\">\u00a0<\/span>processuais do TJDFT s\u00e3o os mais baixos do pa\u00eds. \u201cA taxa para entrada de recursos, por exemplo, \u00e9 de apenas R$ 23\u201d.<\/span><\/p>\n<p class=\"p2\"><strong><span class=\"s1\">Elogio \u00e0 reabertura da Casa de Ch\u00e1<\/span><\/strong><\/p>\n<p class=\"p2\"><span class=\"s1\">O presidente do TJDFT parabenizou a Fecom\u00e9rcio por ter assumido, por meio do Senac, a gest\u00e3o do Casa de Ch\u00e1 na Pra\u00e7a dos Tr\u00eas Poderes.<br \/>\n<\/span><\/p>\n<p class=\"p2\"><span class=\"s1\">\u201cFoi o resgate de um patrim\u00f4nio urbano muito querido da nossa cidade. Queria deixar expresso o agradecimento, os parab\u00e9ns por terem recuperado aquele espa\u00e7o t\u00e3o po\u00e9tico\u201d, refor\u00e7ou.<\/span><\/p>\n<p><img loading=\"lazy\" decoding=\"async\" class=\"aligncenter size-medium wp-image-19273\" src=\"https:\/\/blogs.correiobraziliense.com.br\/capital-sa\/wp-content\/uploads\/sites\/59\/2025\/05\/IMG_6072-300x196.jpeg\" alt=\"\" width=\"300\" height=\"196\" srcset=\"https:\/\/blogs.correiobraziliense.com.br\/capital-sa\/wp-content\/uploads\/sites\/59\/2025\/05\/IMG_6072-300x196.jpeg 300w, https:\/\/blogs.correiobraziliense.com.br\/capital-sa\/wp-content\/uploads\/sites\/59\/2025\/05\/IMG_6072-768x502.jpeg 768w, https:\/\/blogs.correiobraziliense.com.br\/capital-sa\/wp-content\/uploads\/sites\/59\/2025\/05\/IMG_6072-1024x670.jpeg 1024w, https:\/\/blogs.correiobraziliense.com.br\/capital-sa\/wp-content\/uploads\/sites\/59\/2025\/05\/IMG_6072-800x523.jpeg 800w, https:\/\/blogs.correiobraziliense.com.br\/capital-sa\/wp-content\/uploads\/sites\/59\/2025\/05\/IMG_6072-550x360.jpeg 550w, https:\/\/blogs.correiobraziliense.com.br\/capital-sa\/wp-content\/uploads\/sites\/59\/2025\/05\/IMG_6072-230x150.jpeg 230w, https:\/\/blogs.correiobraziliense.com.br\/capital-sa\/wp-content\/uploads\/sites\/59\/2025\/05\/IMG_6072.jpeg 1170w\" sizes=\"auto, (max-width: 300px) 100vw, 300px\" \/><\/p>\n<p class=\"p2\"><strong><span class=\"s1\">Encontro hist\u00f3rico<\/span><\/strong><\/p>\n<p class=\"p2\"><span class=\"s1\">\u201c\u00c9 a primeira vez que recebemos aqui um presidente do nosso Tribunal de Justi\u00e7a. Foi um encontro hist\u00f3rico. E mostra a nossa uni\u00e3o pelo bem da sociedade. A parceria das institui\u00e7\u00f5es para oferecer os melhores servi\u00e7os \u00e0 popula\u00e7\u00e3o\u201d, frisou o presidente da Fecom\u00e9rcio, Jos\u00e9 Aparecido Freire. Participaram da reuni\u00e3o todos os presidentes dos sindicatos empresariais que fazem parte da Fecom\u00e9rcio e o diretor do Senac\/DF, Vitor Correia.<\/span><\/p>\n","protected":false},"excerpt":{"rendered":"<p>O magistrado criticou tamb\u00e9m a pol\u00edtica nacional de descarceriza\u00e7\u00e3o e disse que se sente \u201cenvergonhado\u201d, como cidad\u00e3o, pela soltura de criminosos Por Samanta Sallum\u00a0 O presidente do TJDFT, desembargador Waldir Le\u00f4ncio Lopes J\u00fanior, participou ontem como convidado especial da reuni\u00e3o de diretoria da Fecom\u00e9rcio. Ele foi questionado sobre a soltura de crimininosos com diversas passagens pela pol\u00edcia ou condena\u00e7\u00f5es. \u201cMuitas [&hellip;]<\/p>\n","protected":false},"author":125,"featured_media":19272,"comment_status":"open","ping_status":"open","sticky":false,"template":"","format":"standard","meta":{"footnotes":""},"categories":[6],"tags":[2951,2949,1040,600,2515,2953,1730,1212,2950,2952],"class_list":["post-19263","post","type-post","status-publish","format-standard","has-post-thumbnail","hentry","category-coluna-capital-s-a","tag-fecomercio-df-senac","tag-inseguranca","tag-joseaparecidofreire","tag-justica","tag-poderjudiciario","tag-poderlegislativo","tag-segurancapublica","tag-tjdft","tag-vitorcorreia","tag-waldyrleonciolopesjunior"],"_links":{"self":[{"href":"https:\/\/blogs.correiobraziliense.com.br\/capital-sa\/wp-json\/wp\/v2\/posts\/19263","targetHints":{"allow":["GET"]}}],"collection":[{"href":"https:\/\/blogs.correiobraziliense.com.br\/capital-sa\/wp-json\/wp\/v2\/posts"}],"about":[{"href":"https:\/\/blogs.correiobraziliense.com.br\/capital-sa\/wp-json\/wp\/v2\/types\/post"}],"author":[{"embeddable":true,"href":"https:\/\/blogs.correiobraziliense.com.br\/capital-sa\/wp-json\/wp\/v2\/users\/125"}],"replies":[{"embeddable":true,"href":"https:\/\/blogs.correiobraziliense.com.br\/capital-sa\/wp-json\/wp\/v2\/comments?post=19263"}],"version-history":[{"count":19,"href":"https:\/\/blogs.correiobraziliense.com.br\/capital-sa\/wp-json\/wp\/v2\/posts\/19263\/revisions"}],"predecessor-version":[{"id":19284,"href":"https:\/\/blogs.correiobraziliense.com.br\/capital-sa\/wp-json\/wp\/v2\/posts\/19263\/revisions\/19284"}],"wp:featuredmedia":[{"embeddable":true,"href":"https:\/\/blogs.correiobraziliense.com.br\/capital-sa\/wp-json\/wp\/v2\/media\/19272"}],"wp:attachment":[{"href":"https:\/\/blogs.correiobraziliense.com.br\/capital-sa\/wp-json\/wp\/v2\/media?parent=19263"}],"wp:term":[{"taxonomy":"category","embeddable":true,"href":"https:\/\/blogs.correiobraziliense.com.br\/capital-sa\/wp-json\/wp\/v2\/categories?post=19263"},{"taxonomy":"post_tag","embeddable":true,"href":"https:\/\/blogs.correiobraziliense.com.br\/capital-sa\/wp-json\/wp\/v2\/tags?post=19263"}],"curies":[{"name":"wp","href":"https:\/\/api.w.org\/{rel}","templated":true}]}}