{"id":19258,"date":"2025-05-26T17:31:48","date_gmt":"2025-05-26T20:31:48","guid":{"rendered":"https:\/\/blogs.correiobraziliense.com.br\/capital-sa\/?p=19258"},"modified":"2025-05-26T19:02:44","modified_gmt":"2025-05-26T22:02:44","slug":"criminalidade-afeta-bares-e-restaurantes-4-em-cada-10-empresarios-ja-sofreram-com-violencia","status":"publish","type":"post","link":"https:\/\/blogs.correiobraziliense.com.br\/capital-sa\/2025\/05\/26\/criminalidade-afeta-bares-e-restaurantes-4-em-cada-10-empresarios-ja-sofreram-com-violencia\/","title":{"rendered":"Criminalidade afeta bares e restaurantes: 4 em cada 10 empres\u00e1rios j\u00e1 sofreram com viol\u00eancia"},"content":{"rendered":"<p class=\"p1\"><strong>Por Samanta Sallum\u00a0<\/strong><\/p>\n<p class=\"p1\"><span class=\"s1\">Um estudo in\u00e9dito da Abrasel revelou que 41% dos estabelecimentos do segmento j\u00e1 sofreram diretamente com problemas de seguran\u00e7a, como roubos, furtos e outros epis\u00f3dios de viol\u00eancia. \u201cOs bares e restaurantes trazem movimento para as ruas, funcionando como aliados para a seguran\u00e7a urbana, j\u00e1 que re\u00fanem pessoas, movimentam as cal\u00e7adas e ficam abertos at\u00e9 mais tarde. No entanto, quando a viol\u00eancia avan\u00e7a a ponto de prejudicar a pr\u00f3pria atividade desses estabelecimentos, fica evidente que o problema \u00e9 grave e precisa de aten\u00e7\u00e3o urgente\u201d, afirmou Paulo Solmucci, presidente-executivo da Abrasel. <\/span><\/p>\n<p class=\"p1\"><strong><span class=\"s1\">Medo que altera a rotina dos neg\u00f3cios<\/span><\/strong><\/p>\n<p class=\"p1\"><span class=\"s1\">Entre os que relataram situa\u00e7\u00f5es de inseguran\u00e7a, 53% mencionaram constrangimento ou amea\u00e7as provocadas por pessoas em situa\u00e7\u00e3o de rua nas proximidades dos estabelecimentos. J\u00e1 46% afirmaram que foram v\u00edtimas de roubo ou furto dentro do pr\u00f3prio local. Outros 43% apontaram a falta de policiamento como um agravante para esses problemas.<\/span><\/p>\n<p class=\"p1\"><strong><span class=\"s1\">Mudan\u00e7as de hor\u00e1rio <\/span><\/strong><\/p>\n<p class=\"p1\"><span class=\"s1\">A sensa\u00e7\u00e3o de inseguran\u00e7a interfere diretamente na opera\u00e7\u00e3o dos neg\u00f3cios. A pesquisa mostra que 25% dos entrevistados tiveram que mudar o hor\u00e1rio de funcionamento para evitar situa\u00e7\u00f5es de viol\u00eancia. A mudan\u00e7a de comportamento do p\u00fablico tamb\u00e9m se destaca: 33% observaram queda no n\u00famero de clientes e 13% dos empres\u00e1rios perceberam crescimento nas vendas por delivery como reflexo do medo de sair de casa.<\/span><\/p>\n","protected":false},"excerpt":{"rendered":"<p>Por Samanta Sallum\u00a0 Um estudo in\u00e9dito da Abrasel revelou que 41% dos estabelecimentos do segmento j\u00e1 sofreram diretamente com problemas de seguran\u00e7a, como roubos, furtos e outros epis\u00f3dios de viol\u00eancia. \u201cOs bares e restaurantes trazem movimento para as ruas, funcionando como aliados para a seguran\u00e7a urbana, j\u00e1 que re\u00fanem pessoas, movimentam as cal\u00e7adas e ficam abertos at\u00e9 mais tarde. No [&hellip;]<\/p>\n","protected":false},"author":125,"featured_media":19262,"comment_status":"open","ping_status":"open","sticky":false,"template":"","format":"standard","meta":{"footnotes":""},"categories":[6],"tags":[712,221,2948,276,2949,2424,222,439,1730],"class_list":["post-19258","post","type-post","status-publish","format-standard","has-post-thumbnail","hentry","category-coluna-capital-s-a","tag-abrasel","tag-bares","tag-criminalidade","tag-economia","tag-inseguranca","tag-paulosolmucci","tag-restaurantes","tag-seguranca","tag-segurancapublica"],"_links":{"self":[{"href":"https:\/\/blogs.correiobraziliense.com.br\/capital-sa\/wp-json\/wp\/v2\/posts\/19258","targetHints":{"allow":["GET"]}}],"collection":[{"href":"https:\/\/blogs.correiobraziliense.com.br\/capital-sa\/wp-json\/wp\/v2\/posts"}],"about":[{"href":"https:\/\/blogs.correiobraziliense.com.br\/capital-sa\/wp-json\/wp\/v2\/types\/post"}],"author":[{"embeddable":true,"href":"https:\/\/blogs.correiobraziliense.com.br\/capital-sa\/wp-json\/wp\/v2\/users\/125"}],"replies":[{"embeddable":true,"href":"https:\/\/blogs.correiobraziliense.com.br\/capital-sa\/wp-json\/wp\/v2\/comments?post=19258"}],"version-history":[{"count":3,"href":"https:\/\/blogs.correiobraziliense.com.br\/capital-sa\/wp-json\/wp\/v2\/posts\/19258\/revisions"}],"predecessor-version":[{"id":19261,"href":"https:\/\/blogs.correiobraziliense.com.br\/capital-sa\/wp-json\/wp\/v2\/posts\/19258\/revisions\/19261"}],"wp:featuredmedia":[{"embeddable":true,"href":"https:\/\/blogs.correiobraziliense.com.br\/capital-sa\/wp-json\/wp\/v2\/media\/19262"}],"wp:attachment":[{"href":"https:\/\/blogs.correiobraziliense.com.br\/capital-sa\/wp-json\/wp\/v2\/media?parent=19258"}],"wp:term":[{"taxonomy":"category","embeddable":true,"href":"https:\/\/blogs.correiobraziliense.com.br\/capital-sa\/wp-json\/wp\/v2\/categories?post=19258"},{"taxonomy":"post_tag","embeddable":true,"href":"https:\/\/blogs.correiobraziliense.com.br\/capital-sa\/wp-json\/wp\/v2\/tags?post=19258"}],"curies":[{"name":"wp","href":"https:\/\/api.w.org\/{rel}","templated":true}]}}