{"id":1925,"date":"2021-02-21T16:22:09","date_gmt":"2021-02-21T19:22:09","guid":{"rendered":"https:\/\/blogs.correiobraziliense.com.br\/capital-sa\/?p=1925"},"modified":"2021-02-21T18:30:06","modified_gmt":"2021-02-21T21:30:06","slug":"irmao-do-presidente-da-cnc-morre-de-covid-em-manaus","status":"publish","type":"post","link":"https:\/\/blogs.correiobraziliense.com.br\/capital-sa\/2021\/02\/21\/irmao-do-presidente-da-cnc-morre-de-covid-em-manaus\/","title":{"rendered":"Irm\u00e3o do presidente da CNC morre de Covid em Manaus"},"content":{"rendered":"<p class=\"p1\">Um m\u00eas depois de perder a m\u00e3e pelo mesmo motivo, morreu hoje o empres\u00e1rio\u00a0Mario Reynaldo Tadros, v\u00edtima de complica\u00e7\u00f5es causadas pelo Covid-19. Tinha 69 anos e era vice-presidente da Fecom\u00e9rcio do Amazonas. Tamb\u00e9m foi ex-secret\u00e1rio de turismo de Manaus.<\/p>\n<p class=\"p1\"><span class=\"s1\">Irm\u00e3o do presidente da Confedera\u00e7\u00e3o Nacional do Com\u00e9rcio (CNC) \u00a0Roberto Tadros, M\u00e1rio exerceu a presid\u00eancia do Sindetur e da Abav do Amazonas. <\/span><\/p>\n<p class=\"p1\"><span class=\"s1\">Roberto Tadros j\u00e1 tinha perdido outro irm\u00e3o e a m\u00e3e, Maria Sant\u2019Ana Pires, Tadros, que morreu em 22 de janeiro, v\u00edtimas de Covid-19<\/span><span class=\"s2\">.<\/span><\/p>\n<p>A CNC e a Fecom\u00e9rcio\/AM emitiram nota de pesar.<\/p>\n<p>&#8220;Dr. Mario foi um profundo conhecedor do segmento de Turismo e de Hotelaria, e sua atua\u00e7\u00e3o, com forte presen\u00e7a nas entidades de classe, foi marcada por diversas conquistas para o setor. Homem \u00edntegro e comprometido com o desenvolvimento do Amazonas, sempre preocupou-se em apresentar solu\u00e7\u00f5es e propor iniciativas, que visavam o crescimento do nosso estado&#8221;.<\/p>\n<p>&nbsp;<\/p>\n<p>&nbsp;<\/p>\n","protected":false},"excerpt":{"rendered":"<p>Um m\u00eas depois de perder a m\u00e3e pelo mesmo motivo, morreu hoje o empres\u00e1rio\u00a0Mario Reynaldo Tadros, v\u00edtima de complica\u00e7\u00f5es causadas pelo Covid-19. Tinha 69 anos e era vice-presidente da Fecom\u00e9rcio do Amazonas. Tamb\u00e9m foi ex-secret\u00e1rio de turismo de Manaus. Irm\u00e3o do presidente da Confedera\u00e7\u00e3o Nacional do Com\u00e9rcio (CNC) \u00a0Roberto Tadros, M\u00e1rio exerceu a presid\u00eancia do Sindetur e da Abav do [&hellip;]<\/p>\n","protected":false},"author":125,"featured_media":1928,"comment_status":"open","ping_status":"open","sticky":false,"template":"","format":"standard","meta":{"footnotes":""},"categories":[1],"tags":[],"class_list":["post-1925","post","type-post","status-publish","format-standard","has-post-thumbnail","hentry","category-sem-categoria"],"_links":{"self":[{"href":"https:\/\/blogs.correiobraziliense.com.br\/capital-sa\/wp-json\/wp\/v2\/posts\/1925","targetHints":{"allow":["GET"]}}],"collection":[{"href":"https:\/\/blogs.correiobraziliense.com.br\/capital-sa\/wp-json\/wp\/v2\/posts"}],"about":[{"href":"https:\/\/blogs.correiobraziliense.com.br\/capital-sa\/wp-json\/wp\/v2\/types\/post"}],"author":[{"embeddable":true,"href":"https:\/\/blogs.correiobraziliense.com.br\/capital-sa\/wp-json\/wp\/v2\/users\/125"}],"replies":[{"embeddable":true,"href":"https:\/\/blogs.correiobraziliense.com.br\/capital-sa\/wp-json\/wp\/v2\/comments?post=1925"}],"version-history":[{"count":7,"href":"https:\/\/blogs.correiobraziliense.com.br\/capital-sa\/wp-json\/wp\/v2\/posts\/1925\/revisions"}],"predecessor-version":[{"id":1933,"href":"https:\/\/blogs.correiobraziliense.com.br\/capital-sa\/wp-json\/wp\/v2\/posts\/1925\/revisions\/1933"}],"wp:featuredmedia":[{"embeddable":true,"href":"https:\/\/blogs.correiobraziliense.com.br\/capital-sa\/wp-json\/wp\/v2\/media\/1928"}],"wp:attachment":[{"href":"https:\/\/blogs.correiobraziliense.com.br\/capital-sa\/wp-json\/wp\/v2\/media?parent=1925"}],"wp:term":[{"taxonomy":"category","embeddable":true,"href":"https:\/\/blogs.correiobraziliense.com.br\/capital-sa\/wp-json\/wp\/v2\/categories?post=1925"},{"taxonomy":"post_tag","embeddable":true,"href":"https:\/\/blogs.correiobraziliense.com.br\/capital-sa\/wp-json\/wp\/v2\/tags?post=1925"}],"curies":[{"name":"wp","href":"https:\/\/api.w.org\/{rel}","templated":true}]}}