{"id":19249,"date":"2025-05-22T15:07:56","date_gmt":"2025-05-22T18:07:56","guid":{"rendered":"https:\/\/blogs.correiobraziliense.com.br\/capital-sa\/?p=19249"},"modified":"2025-05-22T18:34:59","modified_gmt":"2025-05-22T21:34:59","slug":"empresas-alertam-governo-sobre-alto-endividamento-dos-trabalhadores","status":"publish","type":"post","link":"https:\/\/blogs.correiobraziliense.com.br\/capital-sa\/2025\/05\/22\/empresas-alertam-governo-sobre-alto-endividamento-dos-trabalhadores\/","title":{"rendered":"Empresas alertam governo sobre alto endividamento dos trabalhadores"},"content":{"rendered":"<p class=\"p1\"><em>Consignado CLT: Dados do setor supermercadista revelam que mais de 40% dos colaboradores aderiram ao programa, comprometendo at\u00e9 30% do sal\u00e1rio bruto.<\/em><\/p>\n<p class=\"p1\"><strong><span class=\"s1\">Por Samanta Sallum <\/span><\/strong><\/p>\n<p class=\"p1\"><span class=\"s1\">Em reuni\u00e3o realizada ontem, com o ministro do Trabalho e Emprego, Luiz Marinho, representantes da Associa\u00e7\u00e3o Brasileira de Supermercados (Abras) e do varejo alimentar brasileiro alertaram para os efeitos negativos do programa de cr\u00e9dito consignado para trabalhadores com carteira assinada. Lan\u00e7ado recentemente pelo governo federal, o modelo tem gerado preocupa\u00e7\u00f5es em raz\u00e3o dos juros praticados, que j\u00e1 ultrapassam 17% ao m\u00eas. <\/span><\/p>\n<p class=\"p1\"><span class=\"s1\">Dados de empresas do setor supermercadista revelam que mais de 40% dos colaboradores aderiram ao programa, comprometendo at\u00e9 30% do sal\u00e1rio bruto. Segundo a Abras, o resultado tem sido o aumento do endividamento das fam\u00edlias e um risco direto \u00e0 formaliza\u00e7\u00e3o do emprego.<\/span><\/p>\n<p class=\"p1\"><strong><span class=\"s1\">Parcelas impag\u00e1veis <\/span><\/strong><\/p>\n<p class=\"p1\"><span class=\"s1\">\u201cO cr\u00e9dito consignado, da forma como foi lan\u00e7ado, precisa ser revisto com urg\u00eancia. Temos visto parcelas impag\u00e1veis, juros superiores aos do cart\u00e3o de cr\u00e9dito e fam\u00edlias sendo empurradas para a informalidade. Isso \u00e9 grave e afeta toda a economia\u201d, afirmou Jo\u00e3o Galassi, presidente da Abras.<\/span><\/p>\n<p class=\"p1\"><span class=\"s1\">\u201cVamos precisar dialogar muito sobre esse tema com trabalhadores, bancos e sindicatos, pois temos uma ferramenta importante para ajudar as fam\u00edlias, mas \u00e9 fundamental que todos saibam us\u00e1-la com responsabilidade\u201d, disse o ministro Marinho.<\/span><\/p>\n","protected":false},"excerpt":{"rendered":"<p>Consignado CLT: Dados do setor supermercadista revelam que mais de 40% dos colaboradores aderiram ao programa, comprometendo at\u00e9 30% do sal\u00e1rio bruto. Por Samanta Sallum Em reuni\u00e3o realizada ontem, com o ministro do Trabalho e Emprego, Luiz Marinho, representantes da Associa\u00e7\u00e3o Brasileira de Supermercados (Abras) e do varejo alimentar brasileiro alertaram para os efeitos negativos do programa de cr\u00e9dito consignado [&hellip;]<\/p>\n","protected":false},"author":125,"featured_media":19254,"comment_status":"open","ping_status":"open","sticky":false,"template":"","format":"standard","meta":{"footnotes":""},"categories":[6],"tags":[1827,276,520,417,2207,1379,2947,2723,2946,2780,340,44,782],"class_list":["post-19249","post","type-post","status-publish","format-standard","has-post-thumbnail","hentry","category-coluna-capital-s-a","tag-abras","tag-economia","tag-emprestimo","tag-endividamento","tag-governofederal","tag-inadimplencia","tag-informalidade","tag-joaogalassi","tag-luizmarinho","tag-responsabilidade","tag-trabalho","tag-divida","tag-emprego"],"_links":{"self":[{"href":"https:\/\/blogs.correiobraziliense.com.br\/capital-sa\/wp-json\/wp\/v2\/posts\/19249","targetHints":{"allow":["GET"]}}],"collection":[{"href":"https:\/\/blogs.correiobraziliense.com.br\/capital-sa\/wp-json\/wp\/v2\/posts"}],"about":[{"href":"https:\/\/blogs.correiobraziliense.com.br\/capital-sa\/wp-json\/wp\/v2\/types\/post"}],"author":[{"embeddable":true,"href":"https:\/\/blogs.correiobraziliense.com.br\/capital-sa\/wp-json\/wp\/v2\/users\/125"}],"replies":[{"embeddable":true,"href":"https:\/\/blogs.correiobraziliense.com.br\/capital-sa\/wp-json\/wp\/v2\/comments?post=19249"}],"version-history":[{"count":6,"href":"https:\/\/blogs.correiobraziliense.com.br\/capital-sa\/wp-json\/wp\/v2\/posts\/19249\/revisions"}],"predecessor-version":[{"id":19256,"href":"https:\/\/blogs.correiobraziliense.com.br\/capital-sa\/wp-json\/wp\/v2\/posts\/19249\/revisions\/19256"}],"wp:featuredmedia":[{"embeddable":true,"href":"https:\/\/blogs.correiobraziliense.com.br\/capital-sa\/wp-json\/wp\/v2\/media\/19254"}],"wp:attachment":[{"href":"https:\/\/blogs.correiobraziliense.com.br\/capital-sa\/wp-json\/wp\/v2\/media?parent=19249"}],"wp:term":[{"taxonomy":"category","embeddable":true,"href":"https:\/\/blogs.correiobraziliense.com.br\/capital-sa\/wp-json\/wp\/v2\/categories?post=19249"},{"taxonomy":"post_tag","embeddable":true,"href":"https:\/\/blogs.correiobraziliense.com.br\/capital-sa\/wp-json\/wp\/v2\/tags?post=19249"}],"curies":[{"name":"wp","href":"https:\/\/api.w.org\/{rel}","templated":true}]}}