{"id":19238,"date":"2025-05-21T15:19:17","date_gmt":"2025-05-21T18:19:17","guid":{"rendered":"https:\/\/blogs.correiobraziliense.com.br\/capital-sa\/?p=19238"},"modified":"2025-05-21T16:29:34","modified_gmt":"2025-05-21T19:29:34","slug":"gdf-define-plano-de-acao-para-setor-de-inflamaveis","status":"publish","type":"post","link":"https:\/\/blogs.correiobraziliense.com.br\/capital-sa\/2025\/05\/21\/gdf-define-plano-de-acao-para-setor-de-inflamaveis\/","title":{"rendered":"GDF define plano de a\u00e7\u00e3o para Setor de Inflam\u00e1veis"},"content":{"rendered":"<p><em>Regulariza\u00e7\u00e3o de moradias ser\u00e1 avaliada no Pdot, e Defesa Civil vai apontar \u00e1reas poss\u00edveis para este fim. Derrubadas est\u00e3o suspensas no momento, mas empresas e com\u00e9rcios em alguns trechos ter\u00e3o 90 dias para sa\u00edrem do local\u00a0<\/em><\/p>\n<p><strong>Por Samanta Sallum\u00a0<\/strong><\/p>\n<p class=\"p1\"><span class=\"s1\">Coordenada pela Casa Civil, com a presen\u00e7a de representantes de diversos \u00f3rg\u00e3os do GDF, definiu-se em reuni\u00e3o, ontem, medidas sobre a ocupa\u00e7\u00e3o do Setor de Inflam\u00e1veis. Recentemente, foram realizadas a\u00e7\u00f5es de retirada de moradias irregulares na regi\u00e3o. <\/span><\/p>\n<p class=\"p1\"><span class=\"s1\">A partir de encaminhamento da Secretaria de Desenvolvimento Urbano e Habita\u00e7\u00e3o (Seduh), o tema ser\u00e1 inclu\u00eddo no Plano Diretor de Desenvolvimento Territorial (Pdot). E foi previsto prazo de at\u00e9 12 meses para que a Defesa Civil avalie a viabilidade t\u00e9cnica da regulariza\u00e7\u00e3o da \u00e1rea para moradia.<br \/>\n<\/span><\/p>\n<p class=\"p1\"><span class=\"s1\">Enquanto isso, um acordo foi firmado para cessar novas derrubadas, especialmente em \u00e1reas onde j\u00e1 existem resid\u00eancias consolidadas h\u00e1 anos.<\/span><\/p>\n<p class=\"p1\">Tamb\u00e9m ficou resolvido que empresas e com\u00e9rcios localizados na linha vermelha, entre os trechos 5 e 6, ter\u00e3o o prazo de 90 dias para desocuparem voluntariamente o local, evitando medidas coercitivas.<\/p>\n<p class=\"p1\"><span class=\"s1\">\u201cEssa possibilidade de regulariza\u00e7\u00e3o estar\u00e1 inserida no Pdot. Enquanto isso, a gente tranquiliza a popula\u00e7\u00e3o: ningu\u00e9m vai ser surpreendido ali naquela \u00e1rea, a n\u00e3o ser onde j\u00e1 est\u00e3o sendo feitas as autua\u00e7\u00f5es\u201d, refor\u00e7ou o secret\u00e1rio da Casa Civil, Gustavo Rocha. Ele salientou a import\u00e2ncia da participa\u00e7\u00e3o da Seduh na constru\u00e7\u00e3o da solu\u00e7\u00e3o.<\/span><\/p>\n<p class=\"p1\"><span class=\"s1\">\u201cTive uma reuni\u00e3o com o governador Ibaneis Rocha na semana passada sobre o assunto; apontamos alguns caminhos para resolver a situa\u00e7\u00e3o do Setor de Inflam\u00e1veis. E estamos trabalhando nisso\u201d, contou o secret\u00e1rio Marcelo Vaz, \u00e0 frente da Seduh.<\/span><\/p>\n<p>O governador, ent\u00e3o, definiu que o secret\u00e1rio Gustavo Rocha coordenasse com os demais \u00f3rg\u00e3os o plano de a\u00e7\u00e3o.<\/p>\n<p class=\"p2\"><span class=\"s1\">A Defesa Civil, no in\u00edcio de maio, realizou opera\u00e7\u00e3o de desobstru\u00e7\u00e3o de uma \u00e1rea considerada de alto risco no Setor de Inflam\u00e1veis do DF. A medida foi tomada ap\u00f3s a identifica\u00e7\u00e3o de casas constru\u00eddas em locais impr\u00f3prios, pr\u00f3ximos de onde ocorre o armazenamento e o manuseio de produtos perigosos e da linha f\u00e9rrea que cruza a regi\u00e3o.<\/span><\/p>\n<p class=\"p1\"><span class=\"s1\">\u201cA atua\u00e7\u00e3o do governo foi decisiva para a constru\u00e7\u00e3o desse entendimento, que busca equilibrar a legalidade com a sensibilidade social\u201d, completou\u00a0<\/span><span class=\"s1\">Bruno Oliveira, administrador do SIA. <\/span><\/p>\n","protected":false},"excerpt":{"rendered":"<p>Regulariza\u00e7\u00e3o de moradias ser\u00e1 avaliada no Pdot, e Defesa Civil vai apontar \u00e1reas poss\u00edveis para este fim. Derrubadas est\u00e3o suspensas no momento, mas empresas e com\u00e9rcios em alguns trechos ter\u00e3o 90 dias para sa\u00edrem do local\u00a0 Por Samanta Sallum\u00a0 Coordenada pela Casa Civil, com a presen\u00e7a de representantes de diversos \u00f3rg\u00e3os do GDF, definiu-se em reuni\u00e3o, ontem, medidas sobre a [&hellip;]<\/p>\n","protected":false},"author":125,"featured_media":19246,"comment_status":"open","ping_status":"open","sticky":false,"template":"","format":"standard","meta":{"footnotes":""},"categories":[6],"tags":[2726,2945,203,2513,642,542,639,2143,414,1054,2944,1053],"class_list":["post-19238","post","type-post","status-publish","format-standard","has-post-thumbnail","hentry","category-coluna-capital-s-a","tag-casacivil","tag-defesacivil","tag-gdf","tag-gustavorocha","tag-ibaneisrocha","tag-moradia","tag-pdot","tag-regulamentacao","tag-regularizacao","tag-seduh","tag-setordeinflamaveis","tag-sia"],"_links":{"self":[{"href":"https:\/\/blogs.correiobraziliense.com.br\/capital-sa\/wp-json\/wp\/v2\/posts\/19238","targetHints":{"allow":["GET"]}}],"collection":[{"href":"https:\/\/blogs.correiobraziliense.com.br\/capital-sa\/wp-json\/wp\/v2\/posts"}],"about":[{"href":"https:\/\/blogs.correiobraziliense.com.br\/capital-sa\/wp-json\/wp\/v2\/types\/post"}],"author":[{"embeddable":true,"href":"https:\/\/blogs.correiobraziliense.com.br\/capital-sa\/wp-json\/wp\/v2\/users\/125"}],"replies":[{"embeddable":true,"href":"https:\/\/blogs.correiobraziliense.com.br\/capital-sa\/wp-json\/wp\/v2\/comments?post=19238"}],"version-history":[{"count":9,"href":"https:\/\/blogs.correiobraziliense.com.br\/capital-sa\/wp-json\/wp\/v2\/posts\/19238\/revisions"}],"predecessor-version":[{"id":19248,"href":"https:\/\/blogs.correiobraziliense.com.br\/capital-sa\/wp-json\/wp\/v2\/posts\/19238\/revisions\/19248"}],"wp:featuredmedia":[{"embeddable":true,"href":"https:\/\/blogs.correiobraziliense.com.br\/capital-sa\/wp-json\/wp\/v2\/media\/19246"}],"wp:attachment":[{"href":"https:\/\/blogs.correiobraziliense.com.br\/capital-sa\/wp-json\/wp\/v2\/media?parent=19238"}],"wp:term":[{"taxonomy":"category","embeddable":true,"href":"https:\/\/blogs.correiobraziliense.com.br\/capital-sa\/wp-json\/wp\/v2\/categories?post=19238"},{"taxonomy":"post_tag","embeddable":true,"href":"https:\/\/blogs.correiobraziliense.com.br\/capital-sa\/wp-json\/wp\/v2\/tags?post=19238"}],"curies":[{"name":"wp","href":"https:\/\/api.w.org\/{rel}","templated":true}]}}