{"id":19225,"date":"2025-05-20T11:24:23","date_gmt":"2025-05-20T14:24:23","guid":{"rendered":"https:\/\/blogs.correiobraziliense.com.br\/capital-sa\/?p=19225"},"modified":"2025-05-20T12:54:00","modified_gmt":"2025-05-20T15:54:00","slug":"cresce-numero-de-pessoas-endividadas-no-df-ultrapassando-723-mil","status":"publish","type":"post","link":"https:\/\/blogs.correiobraziliense.com.br\/capital-sa\/2025\/05\/20\/cresce-numero-de-pessoas-endividadas-no-df-ultrapassando-723-mil\/","title":{"rendered":"Cresce n\u00famero de pessoas endividadas no DF, ultrapassando 723 mil"},"content":{"rendered":"<p class=\"p1\"><em>Quantidade de fam\u00edlias inadimplentes tamb\u00e9m \u00e9 alta na capital federal e est\u00e1 bem acima da m\u00e9dia nacional\u00a0<\/em><\/p>\n<p class=\"p1\"><strong>Por Samanta Sallum\u00a0<\/strong><\/p>\n<p class=\"p1\"><span class=\"s1\">O endividamento do brasiliense subiu, e a<span class=\"Apple-converted-space\">\u00a0 <\/span>inadimpl\u00eancia recuou no DF, por\u00e9m est\u00e1 bem acima da m\u00e9dia nacional. A capital federal registrou aumento no \u00edndice de fam\u00edlias endividadas, embora tenha havido uma nova retra\u00e7\u00e3o na inadimpl\u00eancia. Cresceu em 1,8% no n\u00famero de endividados em rela\u00e7\u00e3o a mar\u00e7o, passando de 66,7% para 67,9% das fam\u00edlias \u2014 o equivalente a mais 13.259 domic\u00edlios, totalizando 723.342 pessoas.<br \/>\n<\/span><\/p>\n<p class=\"p1\"><span class=\"s1\">Os dados s\u00e3o de levantamento da CNC referentes a abril. No comparativo nacional, o DF apresenta taxa de endividamento 9,7 pontos percentuais inferior \u00e0 m\u00e9dia do Brasil. No entanto, registra 10,9 pontos acima na propor\u00e7\u00e3o de fam\u00edlias com contas em atraso (que \u00e9 de 29%) e 5,7 pontos acima no percentual de inadimplentes que afirmam n\u00e3o ter condi\u00e7\u00f5es de pagamento. <\/span><\/p>\n<p class=\"p1\"><strong><span class=\"s1\">Melhora na capacidade de pagamento <\/span><\/strong><\/p>\n<p class=\"p1\"><span class=\"s1\">Apesar da eleva\u00e7\u00e3o no n\u00famero de endividados, a propor\u00e7\u00e3o de fam\u00edlias que n\u00e3o conseguir\u00e3o quitar seus compromissos recuou de 18,6% para 18,1%, o menor patamar desde junho de 2024. Por\u00e9m, acima da m\u00e9dia nacional, que \u00e9 de 12,4%.<\/span><\/p>\n<p class=\"p1\"><strong><span class=\"s1\">Alerta sobre d\u00edvidas <\/span><\/strong><\/p>\n<p class=\"p1\"><span class=\"s1\">O \u00edndice de inadimpl\u00eancia no DF apresenta queda pelo quarto m\u00eas consecutivo.\u00a0<\/span>O dado positivo, contudo, convive com um alerta: \u201cEmbora o \u00edndice de inadimpl\u00eancia esteja em queda, permanece elevado, ainda na casa dos 40%, distante dos 29,4% registrados em abril do ano passado\u201d, explicou \u00e0 coluna o presidente da Fecom\u00e9rcio\/DF, Jos\u00e9 Aparecido Freire.<\/p>\n<p class=\"p1\"><strong><span class=\"s1\">Consumo consciente <\/span><\/strong><\/p>\n<p class=\"p1\"><span class=\"s1\">\u201cO aumento no endividamento, quando acompanhado de queda na inadimpl\u00eancia, indica um consumo mais consciente e compat\u00edvel com a recupera\u00e7\u00e3o gradual da renda e do emprego\u201d, completa<span class=\"Apple-converted-space\">\u00a0<\/span>Freire.<\/span><\/p>\n","protected":false},"excerpt":{"rendered":"<p>Quantidade de fam\u00edlias inadimplentes tamb\u00e9m \u00e9 alta na capital federal e est\u00e1 bem acima da m\u00e9dia nacional\u00a0 Por Samanta Sallum\u00a0 O endividamento do brasiliense subiu, e a\u00a0 inadimpl\u00eancia recuou no DF, por\u00e9m est\u00e1 bem acima da m\u00e9dia nacional. A capital federal registrou aumento no \u00edndice de fam\u00edlias endividadas, embora tenha havido uma nova retra\u00e7\u00e3o na inadimpl\u00eancia. Cresceu em 1,8% no [&hellip;]<\/p>\n","protected":false},"author":125,"featured_media":19235,"comment_status":"open","ping_status":"open","sticky":false,"template":"","format":"standard","meta":{"footnotes":""},"categories":[6],"tags":[276,417,734,1379,1040,419,44,782],"class_list":["post-19225","post","type-post","status-publish","format-standard","has-post-thumbnail","hentry","category-coluna-capital-s-a","tag-economia","tag-endividamento","tag-fecomercio-df","tag-inadimplencia","tag-joseaparecidofreire","tag-renda","tag-divida","tag-emprego"],"_links":{"self":[{"href":"https:\/\/blogs.correiobraziliense.com.br\/capital-sa\/wp-json\/wp\/v2\/posts\/19225","targetHints":{"allow":["GET"]}}],"collection":[{"href":"https:\/\/blogs.correiobraziliense.com.br\/capital-sa\/wp-json\/wp\/v2\/posts"}],"about":[{"href":"https:\/\/blogs.correiobraziliense.com.br\/capital-sa\/wp-json\/wp\/v2\/types\/post"}],"author":[{"embeddable":true,"href":"https:\/\/blogs.correiobraziliense.com.br\/capital-sa\/wp-json\/wp\/v2\/users\/125"}],"replies":[{"embeddable":true,"href":"https:\/\/blogs.correiobraziliense.com.br\/capital-sa\/wp-json\/wp\/v2\/comments?post=19225"}],"version-history":[{"count":11,"href":"https:\/\/blogs.correiobraziliense.com.br\/capital-sa\/wp-json\/wp\/v2\/posts\/19225\/revisions"}],"predecessor-version":[{"id":19237,"href":"https:\/\/blogs.correiobraziliense.com.br\/capital-sa\/wp-json\/wp\/v2\/posts\/19225\/revisions\/19237"}],"wp:featuredmedia":[{"embeddable":true,"href":"https:\/\/blogs.correiobraziliense.com.br\/capital-sa\/wp-json\/wp\/v2\/media\/19235"}],"wp:attachment":[{"href":"https:\/\/blogs.correiobraziliense.com.br\/capital-sa\/wp-json\/wp\/v2\/media?parent=19225"}],"wp:term":[{"taxonomy":"category","embeddable":true,"href":"https:\/\/blogs.correiobraziliense.com.br\/capital-sa\/wp-json\/wp\/v2\/categories?post=19225"},{"taxonomy":"post_tag","embeddable":true,"href":"https:\/\/blogs.correiobraziliense.com.br\/capital-sa\/wp-json\/wp\/v2\/tags?post=19225"}],"curies":[{"name":"wp","href":"https:\/\/api.w.org\/{rel}","templated":true}]}}