{"id":19216,"date":"2025-05-19T20:30:34","date_gmt":"2025-05-19T23:30:34","guid":{"rendered":"https:\/\/blogs.correiobraziliense.com.br\/capital-sa\/?p=19216"},"modified":"2025-05-19T21:42:16","modified_gmt":"2025-05-20T00:42:16","slug":"mercado-imobiliario-cresce-15-em-lancamentos-e-vendas-no-1o-trimestre","status":"publish","type":"post","link":"https:\/\/blogs.correiobraziliense.com.br\/capital-sa\/2025\/05\/19\/mercado-imobiliario-cresce-15-em-lancamentos-e-vendas-no-1o-trimestre\/","title":{"rendered":"Mercado imobili\u00e1rio cresce 15% em lan\u00e7amentos e vendas no 1\u00ba trimestre"},"content":{"rendered":"<p class=\"p1\"><em><span class=\"s1\">Setor registrou tamb\u00e9m queda na oferta geral de im\u00f3veis.\u00a0<\/span>Mesmo assim, opera com estoque suficiente para demanda pelos pr\u00f3ximos oito meses. Pre\u00e7os ficaram est\u00e1veis\u00a0<\/em><\/p>\n<p class=\"p1\"><strong>Por Samanta Sallum\u00a0<\/strong><\/p>\n<p class=\"p1\"><span class=\"s1\">O balan\u00e7o da C\u00e2mara Brasileira da Ind\u00fastria da Constru\u00e7\u00e3o (CBIC) do 1\u00ba trimestre de 2025 mostra que, apesar do cen\u00e1rio de juros elevados, o setor segue resiliente. Registrou crescimento expressivo nas vendas e nos lan\u00e7amentos, puxado especialmente pelo programa Minha Casa, Minha Vida (MCMV).<br \/>\n<\/span><\/p>\n<p class=\"p1\"><span class=\"s1\">Entre janeiro e mar\u00e7o deste ano, foram vendidas 102.485 unidades residenciais numa amostragem de 221 cidades em todo o pa\u00eds, o que representa um crescimento de 15,7% em rela\u00e7\u00e3o ao mesmo per\u00edodo de 2024.<span class=\"Apple-converted-space\">\u00a0 <\/span>J\u00e1 os lan\u00e7amentos totalizaram 84.924 unidades, com alta de 15,1% na compara\u00e7\u00e3o anual.<\/span><\/p>\n<p class=\"p1\"><span class=\"s1\">A queda na oferta geral \u2014 que caiu 5,5% em rela\u00e7\u00e3o ao trimestre anterior \u2014 reflete uma combina\u00e7\u00e3o entre aumento nas vendas e redu\u00e7\u00e3o no ritmo de lan\u00e7amentos fora do programa social.<\/span><\/p>\n<blockquote>\n<p class=\"p1\"><span class=\"s1\">\u201cMesmo assim, o setor opera com estoque equilibrado, suficiente para atender \u00e0 demanda pelos pr\u00f3ximos oito meses, caso n\u00e3o haja novos lan\u00e7amentos\u201d, explica o vice-presidente de Ind\u00fastria Imobili\u00e1ria da CBIC e presidente da Comiss\u00e3o de Ind\u00fastria Imobili\u00e1ria da entidade, Ely Wertheim.<\/span><\/p>\n<\/blockquote>\n<p class=\"p1\"><span class=\"s1\">J\u00e1 os pre\u00e7os m\u00e9dios dos im\u00f3veis tiveram leve alta de 1,9% no trimestre, acompanhando a varia\u00e7\u00e3o do INCC no per\u00edodo, o que indica estabilidade nos valores praticados, mesmo com a press\u00e3o inflacion\u00e1ria do setor de materiais.<\/span><\/p>\n","protected":false},"excerpt":{"rendered":"<p>Setor registrou tamb\u00e9m queda na oferta geral de im\u00f3veis.\u00a0Mesmo assim, opera com estoque suficiente para demanda pelos pr\u00f3ximos oito meses. Pre\u00e7os ficaram est\u00e1veis\u00a0 Por Samanta Sallum\u00a0 O balan\u00e7o da C\u00e2mara Brasileira da Ind\u00fastria da Constru\u00e7\u00e3o (CBIC) do 1\u00ba trimestre de 2025 mostra que, apesar do cen\u00e1rio de juros elevados, o setor segue resiliente. Registrou crescimento expressivo nas vendas e nos [&hellip;]<\/p>\n","protected":false},"author":125,"featured_media":19220,"comment_status":"open","ping_status":"open","sticky":false,"template":"","format":"standard","meta":{"footnotes":""},"categories":[6],"tags":[2420,276,2943,1244,1543,2421,791],"class_list":["post-19216","post","type-post","status-publish","format-standard","has-post-thumbnail","hentry","category-coluna-capital-s-a","tag-cbic","tag-economia","tag-elywertheim","tag-estabilidade","tag-mercadoimobiliario","tag-minhacasaminhavida","tag-inflacao"],"_links":{"self":[{"href":"https:\/\/blogs.correiobraziliense.com.br\/capital-sa\/wp-json\/wp\/v2\/posts\/19216","targetHints":{"allow":["GET"]}}],"collection":[{"href":"https:\/\/blogs.correiobraziliense.com.br\/capital-sa\/wp-json\/wp\/v2\/posts"}],"about":[{"href":"https:\/\/blogs.correiobraziliense.com.br\/capital-sa\/wp-json\/wp\/v2\/types\/post"}],"author":[{"embeddable":true,"href":"https:\/\/blogs.correiobraziliense.com.br\/capital-sa\/wp-json\/wp\/v2\/users\/125"}],"replies":[{"embeddable":true,"href":"https:\/\/blogs.correiobraziliense.com.br\/capital-sa\/wp-json\/wp\/v2\/comments?post=19216"}],"version-history":[{"count":5,"href":"https:\/\/blogs.correiobraziliense.com.br\/capital-sa\/wp-json\/wp\/v2\/posts\/19216\/revisions"}],"predecessor-version":[{"id":19224,"href":"https:\/\/blogs.correiobraziliense.com.br\/capital-sa\/wp-json\/wp\/v2\/posts\/19216\/revisions\/19224"}],"wp:featuredmedia":[{"embeddable":true,"href":"https:\/\/blogs.correiobraziliense.com.br\/capital-sa\/wp-json\/wp\/v2\/media\/19220"}],"wp:attachment":[{"href":"https:\/\/blogs.correiobraziliense.com.br\/capital-sa\/wp-json\/wp\/v2\/media?parent=19216"}],"wp:term":[{"taxonomy":"category","embeddable":true,"href":"https:\/\/blogs.correiobraziliense.com.br\/capital-sa\/wp-json\/wp\/v2\/categories?post=19216"},{"taxonomy":"post_tag","embeddable":true,"href":"https:\/\/blogs.correiobraziliense.com.br\/capital-sa\/wp-json\/wp\/v2\/tags?post=19216"}],"curies":[{"name":"wp","href":"https:\/\/api.w.org\/{rel}","templated":true}]}}