{"id":19208,"date":"2025-05-15T19:26:02","date_gmt":"2025-05-15T22:26:02","guid":{"rendered":"https:\/\/blogs.correiobraziliense.com.br\/capital-sa\/?p=19208"},"modified":"2025-05-16T13:37:44","modified_gmt":"2025-05-16T16:37:44","slug":"direcao-do-sinduscon-df-e-reeleita-para-bienio-2025-2027","status":"publish","type":"post","link":"https:\/\/blogs.correiobraziliense.com.br\/capital-sa\/2025\/05\/15\/direcao-do-sinduscon-df-e-reeleita-para-bienio-2025-2027\/","title":{"rendered":"Dire\u00e7\u00e3o do Sinduscon\/DF \u00e9 reeleita para bi\u00eanio 2025-2027"},"content":{"rendered":"<p style=\"padding-left: 30px\"><strong>Por Samanta Sallum\u00a0<\/strong><\/p>\n<p class=\"p1\">Empresas da constru\u00e7\u00e3o civil associadas ao Sinduscon-DF reelegeram nesta quinta-feira (15) a atual diretoria do sindicato para o bi\u00eanio 2025-2027. O presidente da entidade, Adalberto Cleber Valad\u00e3o J\u00fanior; o 1\u00ba vice-presidente, Jo\u00e3o Gilberto de Carvalho Accioly; e o vice-presidente administrativo-financeiro, Ruyter Kepler de Thuin, lideraram a chapa \u00fanica \u201cUm passo a mais\u201d. Foram registrados 116 votos, o que representa aumento de 28% em rela\u00e7\u00e3o \u00e0 elei\u00e7\u00e3o anterior.<\/p>\n<p class=\"p1\"><span class=\"s1\">A constru\u00e7\u00e3o civil concentra 52% do PIB da ind\u00fastria do Distrito Federal. \u201cH\u00e1 61 anos, a entidade tem buscado atuar cada vez mais pelo fortalecimento e pela valoriza\u00e7\u00e3o das empresas e dos profissionais que trabalham na nossa atividade\u201d, disse Adalberto Cleber Valad\u00e3o J\u00fanior, presidente do Sinduscon-DF.<\/span><\/p>\n<p class=\"p1\"><span class=\"s1\">Valad\u00e3o disse \u00e0 coluna que busca estreitar o di\u00e1logo com o Legislativo, o Executivo, o Judici\u00e1rio e representantes da sociedade civil organizada. <\/span><\/p>\n<p class=\"p1\"><span class=\"s1\">&#8220;Neste pr\u00f3ximo mandato, continuaremos o trabalho comprometidos com o desenvolvimento respons\u00e1vel e sustent\u00e1vel do Distrito Federal, participando ativamente de debates sobre assuntos importantes para o nosso setor e toda a popula\u00e7\u00e3o, como o PDOT. Al\u00e9m disso, vamos atuar ainda mais para continuar aumentando o n\u00famero de empresas associadas no DF\u201d, destacou.<\/span><\/p>\n","protected":false},"excerpt":{"rendered":"<p>Por Samanta Sallum\u00a0 Empresas da constru\u00e7\u00e3o civil associadas ao Sinduscon-DF reelegeram nesta quinta-feira (15) a atual diretoria do sindicato para o bi\u00eanio 2025-2027. O presidente da entidade, Adalberto Cleber Valad\u00e3o J\u00fanior; o 1\u00ba vice-presidente, Jo\u00e3o Gilberto de Carvalho Accioly; e o vice-presidente administrativo-financeiro, Ruyter Kepler de Thuin, lideraram a chapa \u00fanica \u201cUm passo a mais\u201d. Foram registrados 116 votos, o [&hellip;]<\/p>\n","protected":false},"author":125,"featured_media":19211,"comment_status":"open","ping_status":"open","sticky":false,"template":"","format":"standard","meta":{"footnotes":""},"categories":[6],"tags":[2940,2094,962,2159,2488,2941,2485,2527,639,2942,2486],"class_list":["post-19208","post","type-post","status-publish","format-standard","has-post-thumbnail","hentry","category-coluna-capital-s-a","tag-adalbertoclebervaladaojunior","tag-construcaocivil","tag-desenvolvimento","tag-dialogo","tag-executivo","tag-joaogilbertodecarvalhoaccioly","tag-judiciario","tag-legislativo","tag-pdot","tag-ruyterkeplerdethuin","tag-sinduscon-df"],"_links":{"self":[{"href":"https:\/\/blogs.correiobraziliense.com.br\/capital-sa\/wp-json\/wp\/v2\/posts\/19208","targetHints":{"allow":["GET"]}}],"collection":[{"href":"https:\/\/blogs.correiobraziliense.com.br\/capital-sa\/wp-json\/wp\/v2\/posts"}],"about":[{"href":"https:\/\/blogs.correiobraziliense.com.br\/capital-sa\/wp-json\/wp\/v2\/types\/post"}],"author":[{"embeddable":true,"href":"https:\/\/blogs.correiobraziliense.com.br\/capital-sa\/wp-json\/wp\/v2\/users\/125"}],"replies":[{"embeddable":true,"href":"https:\/\/blogs.correiobraziliense.com.br\/capital-sa\/wp-json\/wp\/v2\/comments?post=19208"}],"version-history":[{"count":6,"href":"https:\/\/blogs.correiobraziliense.com.br\/capital-sa\/wp-json\/wp\/v2\/posts\/19208\/revisions"}],"predecessor-version":[{"id":19215,"href":"https:\/\/blogs.correiobraziliense.com.br\/capital-sa\/wp-json\/wp\/v2\/posts\/19208\/revisions\/19215"}],"wp:featuredmedia":[{"embeddable":true,"href":"https:\/\/blogs.correiobraziliense.com.br\/capital-sa\/wp-json\/wp\/v2\/media\/19211"}],"wp:attachment":[{"href":"https:\/\/blogs.correiobraziliense.com.br\/capital-sa\/wp-json\/wp\/v2\/media?parent=19208"}],"wp:term":[{"taxonomy":"category","embeddable":true,"href":"https:\/\/blogs.correiobraziliense.com.br\/capital-sa\/wp-json\/wp\/v2\/categories?post=19208"},{"taxonomy":"post_tag","embeddable":true,"href":"https:\/\/blogs.correiobraziliense.com.br\/capital-sa\/wp-json\/wp\/v2\/tags?post=19208"}],"curies":[{"name":"wp","href":"https:\/\/api.w.org\/{rel}","templated":true}]}}