{"id":192,"date":"2020-10-15T07:41:20","date_gmt":"2020-10-15T10:41:20","guid":{"rendered":"https:\/\/blogs.correiobraziliense.com.br\/capital-sa\/?p=192"},"modified":"2020-10-15T09:03:52","modified_gmt":"2020-10-15T12:03:52","slug":"fibra-refis-vai-tirar-empresas-da-uti","status":"publish","type":"post","link":"https:\/\/blogs.correiobraziliense.com.br\/capital-sa\/2020\/10\/15\/fibra-refis-vai-tirar-empresas-da-uti\/","title":{"rendered":"Fibra: Refis vai tirar empresas da UTI"},"content":{"rendered":"<p><strong>&#8220;Foi um gesto de grande lucidez do governador Ibaneis promover o di\u00e1logo e <\/strong><br \/>\n<strong>construir esse projeto, ouvindo o setor e tamb\u00e9m os parlamentares&#8221;<\/strong><\/p>\n<p><strong>Jamal Bittar, presidente da Federa\u00e7\u00e3o das Ind\u00fastrias do DF, sobre o Refis<br \/>\n<\/strong><\/p>\n<p>\u201cO melhor dos \u00faltimos anos. Mas \u00e9 preciso que seja aprovado at\u00e9 o fim de outubro, para tirar o setor produtivo da UTI, a tempo de impedir que empresas fechem este ano. Acreditamos na sensibilidade dos deputados distritais, pois todos estamos lutando para preservar empregos e at\u00e9 criar novas vagas\u201d, afirma presidente da Federa\u00e7\u00e3o das Ind\u00fastrias do DF, Jamal Bittar. Ele se refere ao projeto de lei do GDF que cria o Programa de Incentivo \u00e0 Regulariza\u00e7\u00e3o Fiscal, o Refis 2020. O \u00faltimo ocorreu em 2016. \u201c\u00c9 combust\u00edvel para aquecer a economia antes que 2020 seja um grande preju\u00edzo para economia local.\u201d<\/p>\n<p><strong>Mais caixa para o GDF<\/strong><\/p>\n<p>Segundo Jamal Bittar, o segmento empresarial, em momentos de crise, se v\u00ea obrigado a fazer dif\u00edceis escolhas. \u201cEmpres\u00e1rio n\u00e3o deve porque quer. Mas, para n\u00e3o deixar de pagar os sal\u00e1rios dos trabalhadores e fornecedores, acaba optando, na falta de recursos, postergar o imposto. Acho que o Refis n\u00e3o deve ter limite de valor. Vai ajudar a recuperar empresas, a renda, a economia e os empregos. Ganha toda a sociedade. E o governo tamb\u00e9m, que vai conseguir arrecadar, ter mais caixa no fim do ano\u201d, diz.<br \/>\nBittar chama a aten\u00e7\u00e3o para os crit\u00e9rios do Refis que impossibilitam beneficiar irregularidades. \u201cFalcatrua n\u00e3o est\u00e1 embutida dentro do processo. E \u00e9 preciso tamb\u00e9m dar aten\u00e7\u00e3o \u00e0s empresas grandes. N\u00e3o s\u00f3 os pequenos s\u00e3o fr\u00e1geis. \u00c0s vezes, o grande quebra, fecha, desemprega um monte de gente, e aqueles sat\u00e9lites que orbitam ali acabam sendo prejudicados.\u201d<\/p>\n<h3>Ibaneis apoia corredor cultural na W3<\/h3>\n<p>Durante reuni\u00e3o no Pal\u00e1cio do Buriti, o governador Ibaneis Rocha elogiou o projeto da Fecom\u00e9rcio-DF para a revitaliza\u00e7\u00e3o da W3. A ideia \u00e9 organizar um corredor cultural para atrair mais movimento \u00e0 avenida, nos fins de semana e feriados. A proposta \u00e9 que a W3 Sul fique fechada para o tr\u00e2nsito de carros, mas com oferta de atividades culturais, realiza\u00e7\u00e3o de feiras de artesanato e produtos org\u00e2nicos. Ibaneis convidou o presidente da Fecom\u00e9rcio, Francisco Maia, e o presidente da Fibra, Jamal Bittar, para um encontro ontem, quando tamb\u00e9m trataram do assunto. Mas a pauta principal foi a assinatura do projeto de lei do Refis. O texto final foi encaminhado ontem \u00e0 C\u00e2mara Legislativa.<\/p>\n<h3>Cuidando da cidade com startups<\/h3>\n<figure id=\"attachment_194\" aria-describedby=\"caption-attachment-194\" style=\"width: 300px\" class=\"wp-caption alignleft\"><a href=\"https:\/\/blogs.correiobraziliense.com.br\/capital-sa\/wp-content\/uploads\/sites\/59\/2020\/10\/ilka_1200.jpg\"><img loading=\"lazy\" decoding=\"async\" class=\"size-medium wp-image-194\" src=\"https:\/\/blogs.correiobraziliense.com.br\/capital-sa\/wp-content\/uploads\/sites\/59\/2020\/10\/ilka_1200-300x163.jpg\" alt=\"\" width=\"300\" height=\"163\" srcset=\"https:\/\/blogs.correiobraziliense.com.br\/capital-sa\/wp-content\/uploads\/sites\/59\/2020\/10\/ilka_1200-300x163.jpg 300w, https:\/\/blogs.correiobraziliense.com.br\/capital-sa\/wp-content\/uploads\/sites\/59\/2020\/10\/ilka_1200-768x416.jpg 768w, https:\/\/blogs.correiobraziliense.com.br\/capital-sa\/wp-content\/uploads\/sites\/59\/2020\/10\/ilka_1200-1024x555.jpg 1024w, https:\/\/blogs.correiobraziliense.com.br\/capital-sa\/wp-content\/uploads\/sites\/59\/2020\/10\/ilka_1200-550x298.jpg 550w, https:\/\/blogs.correiobraziliense.com.br\/capital-sa\/wp-content\/uploads\/sites\/59\/2020\/10\/ilka_1200-230x125.jpg 230w, https:\/\/blogs.correiobraziliense.com.br\/capital-sa\/wp-content\/uploads\/sites\/59\/2020\/10\/ilka_1200.jpg 1200w\" sizes=\"auto, (max-width: 300px) 100vw, 300px\" \/><\/a><figcaption id=\"caption-attachment-194\" class=\"wp-caption-text\">Cr\u00e9dito: Emanuelle Sena<\/figcaption><\/figure>\n<p>Consci\u00eancia ambiental e valoriza\u00e7\u00e3o do cerrado t\u00eam como aliadas startups. Ilka Teodoro levou a sustentabilidade para o centro dos debates na Administra\u00e7\u00e3o Regional do Plano Piloto. Um dos exemplos \u00e9 o apoio dado ao Instituto Lixo Zero, consultoria respons\u00e1vel pela primeira quadra lixo zero do Plano Piloto, e \u00e0 startup 4 H\u00e1bitos para Mudar o Mundo. A empresa trabalha com a instala\u00e7\u00e3o de composteiras para o reaproveitamento e a correta degrada\u00e7\u00e3o do lixo org\u00e2nico dos apartamentos de alguns condom\u00ednios do Plano Piloto, transformando em adubo para jardins e plantas.<\/p>\n<p><strong>Paisagismo no bal\u00e3o<\/strong><\/p>\n<p>\u201c\u00c9 fundamental mudar a consci\u00eancia da popula\u00e7\u00e3o sobre o lixo. Cada um de n\u00f3s \u00e9 respons\u00e1vel pelos res\u00edduos que produz, e devemos pensar nisso desde a escolha dos produtos que compramos e suas embalagens at\u00e9 o descarte de material recicl\u00e1vel e org\u00e2nico\u201d, diz Ilka. Apaixonada pelo cerrado, a administradora regional foi uma das articuladoras para que o paisagismo com plantas nativas chegasse, tamb\u00e9m, \u00e0 rotat\u00f3ria da 210\/211\/410\/411 Norte.<\/p>\n<h3>Em giro<\/h3>\n<p><strong>FCO entra na era digital<\/strong> \u2014 As cartas-consultas para solicitar financiamentos do Fundo Constitucional do Centro-Oeste (FCO) poder\u00e3o ser feitas pela internet. Um acordo de coopera\u00e7\u00e3o t\u00e9cnica entre a Sudeco e a Secretaria de Desenvolvimento Econ\u00f4mico de Mato Grosso vai permitir preencher o documento de forma eletr\u00f4nica pelos empreendedores interessados. Isso vai se estender ao Distrito Federal. A novidade j\u00e1 vem sendo testada, em Mato Grosso, desde dezembro, e a expectativa \u00e9 acelerar o processo de concess\u00e3o do cr\u00e9dito. O peticionamento eletr\u00f4nico do FCO segue orienta\u00e7\u00e3o do TCU.<\/p>\n<p>&nbsp;<\/p>\n<p><strong>Plano Nacional<\/strong><\/p>\n<figure id=\"attachment_195\" aria-describedby=\"caption-attachment-195\" style=\"width: 300px\" class=\"wp-caption aligncenter\"><a href=\"https:\/\/blogs.correiobraziliense.com.br\/capital-sa\/wp-content\/uploads\/sites\/59\/2020\/10\/sudeco_1200.jpg\"><img loading=\"lazy\" decoding=\"async\" class=\"size-medium wp-image-195\" src=\"https:\/\/blogs.correiobraziliense.com.br\/capital-sa\/wp-content\/uploads\/sites\/59\/2020\/10\/sudeco_1200-300x163.jpg\" alt=\"\" width=\"300\" height=\"163\" srcset=\"https:\/\/blogs.correiobraziliense.com.br\/capital-sa\/wp-content\/uploads\/sites\/59\/2020\/10\/sudeco_1200-300x163.jpg 300w, https:\/\/blogs.correiobraziliense.com.br\/capital-sa\/wp-content\/uploads\/sites\/59\/2020\/10\/sudeco_1200-768x416.jpg 768w, https:\/\/blogs.correiobraziliense.com.br\/capital-sa\/wp-content\/uploads\/sites\/59\/2020\/10\/sudeco_1200-1024x555.jpg 1024w, https:\/\/blogs.correiobraziliense.com.br\/capital-sa\/wp-content\/uploads\/sites\/59\/2020\/10\/sudeco_1200-550x298.jpg 550w, https:\/\/blogs.correiobraziliense.com.br\/capital-sa\/wp-content\/uploads\/sites\/59\/2020\/10\/sudeco_1200-230x125.jpg 230w, https:\/\/blogs.correiobraziliense.com.br\/capital-sa\/wp-content\/uploads\/sites\/59\/2020\/10\/sudeco_1200.jpg 1200w\" sizes=\"auto, (max-width: 300px) 100vw, 300px\" \/><\/a><figcaption id=\"caption-attachment-195\" class=\"wp-caption-text\">Cr\u00e9dito: Sudeco\/ Divulga\u00e7\u00e3o<\/figcaption><\/figure>\n<p>Com a digitaliza\u00e7\u00e3o, necess\u00e1ria para opera\u00e7\u00f5es acima de R$ 500 mil do programa FCO Empresarial, a Sudeco, o Minist\u00e9rio do Desenvolvimento Regional e o Banco do Brasil querem aprimorar a gest\u00e3o dos recursos. \u201cSer\u00e1 poss\u00edvel avaliar as demandas recebidas pelo FCO, at\u00e9 mesmo as rejeitadas pelas ag\u00eancias financeiras. Assim, vamos garantir o alinhamento do fundo com as pol\u00edticas p\u00fablicas federais, como o Plano Nacional de Desenvolvimento Regional&#8221;, afirma Nelson Vieira Fraga Filho, superintendente da Sudeco.<\/p>\n<p><strong>Banco do Brasil e BRB<\/strong> \u2014 O FCO oferece recursos para empresas de qualquer porte na Regi\u00e3o Centro-Oeste com prazos e taxas de juros mais favor\u00e1veis do que os do mercado. S\u00e3o financi\u00e1veis projetos de, no m\u00e1ximo, R$ 20 milh\u00f5es. Para solicitar, o interessado deve ser produtor rural ou empres\u00e1rio e procurar as ag\u00eancias do Banco do Brasil. No DF e nos munic\u00edpios goianos da Ride, os financiamentos tamb\u00e9m podem ser realizados nas ag\u00eancias do BRB e do Bancoob.<\/p>\n","protected":false},"excerpt":{"rendered":"<p>&#8220;Foi um gesto de grande lucidez do governador Ibaneis promover o di\u00e1logo e construir esse projeto, ouvindo o setor e tamb\u00e9m os parlamentares&#8221; Jamal Bittar, presidente da Federa\u00e7\u00e3o das Ind\u00fastrias do DF, sobre o Refis \u201cO melhor dos \u00faltimos anos. Mas \u00e9 preciso que seja aprovado at\u00e9 o fim de outubro, para tirar o setor produtivo da UTI, a tempo [&hellip;]<\/p>\n","protected":false},"author":125,"featured_media":193,"comment_status":"open","ping_status":"open","sticky":false,"template":"","format":"standard","meta":{"footnotes":""},"categories":[6],"tags":[73,71,72,14,32,68],"class_list":["post-192","post","type-post","status-publish","format-standard","has-post-thumbnail","hentry","category-coluna-capital-s-a","tag-fco","tag-fibra","tag-ibaneis-rocha","tag-refis","tag-startup","tag-w3"],"_links":{"self":[{"href":"https:\/\/blogs.correiobraziliense.com.br\/capital-sa\/wp-json\/wp\/v2\/posts\/192","targetHints":{"allow":["GET"]}}],"collection":[{"href":"https:\/\/blogs.correiobraziliense.com.br\/capital-sa\/wp-json\/wp\/v2\/posts"}],"about":[{"href":"https:\/\/blogs.correiobraziliense.com.br\/capital-sa\/wp-json\/wp\/v2\/types\/post"}],"author":[{"embeddable":true,"href":"https:\/\/blogs.correiobraziliense.com.br\/capital-sa\/wp-json\/wp\/v2\/users\/125"}],"replies":[{"embeddable":true,"href":"https:\/\/blogs.correiobraziliense.com.br\/capital-sa\/wp-json\/wp\/v2\/comments?post=192"}],"version-history":[{"count":6,"href":"https:\/\/blogs.correiobraziliense.com.br\/capital-sa\/wp-json\/wp\/v2\/posts\/192\/revisions"}],"predecessor-version":[{"id":201,"href":"https:\/\/blogs.correiobraziliense.com.br\/capital-sa\/wp-json\/wp\/v2\/posts\/192\/revisions\/201"}],"wp:featuredmedia":[{"embeddable":true,"href":"https:\/\/blogs.correiobraziliense.com.br\/capital-sa\/wp-json\/wp\/v2\/media\/193"}],"wp:attachment":[{"href":"https:\/\/blogs.correiobraziliense.com.br\/capital-sa\/wp-json\/wp\/v2\/media?parent=192"}],"wp:term":[{"taxonomy":"category","embeddable":true,"href":"https:\/\/blogs.correiobraziliense.com.br\/capital-sa\/wp-json\/wp\/v2\/categories?post=192"},{"taxonomy":"post_tag","embeddable":true,"href":"https:\/\/blogs.correiobraziliense.com.br\/capital-sa\/wp-json\/wp\/v2\/tags?post=192"}],"curies":[{"name":"wp","href":"https:\/\/api.w.org\/{rel}","templated":true}]}}