{"id":19189,"date":"2025-05-13T09:22:47","date_gmt":"2025-05-13T12:22:47","guid":{"rendered":"https:\/\/blogs.correiobraziliense.com.br\/capital-sa\/?p=19189"},"modified":"2025-05-13T20:04:29","modified_gmt":"2025-05-13T23:04:29","slug":"dia-s-se-torna-data-oficial-em-15-regioes-do-pais-incluindo-o-df","status":"publish","type":"post","link":"https:\/\/blogs.correiobraziliense.com.br\/capital-sa\/2025\/05\/13\/dia-s-se-torna-data-oficial-em-15-regioes-do-pais-incluindo-o-df\/","title":{"rendered":"Dia S se torna data oficial em 15 regi\u00f5es do pa\u00eds, incluindo o DF"},"content":{"rendered":"<p style=\"padding-left: 30px\"><em>Iniciativa abre calend\u00e1rio da Semana S do Com\u00e9rcio, evento em todas as capitais brasileiras com atividades concentradas nos dias 16 e 17 de maio<\/em><\/p>\n<p class=\"p1\"><strong>Por Samanta Sallum\u00a0<\/strong><\/p>\n<p class=\"p1\"><span class=\"s1\">Em movimento pela valoriza\u00e7\u00e3o e reconhecimento dos servi\u00e7os prestados pelo Sesc e Senac no pa\u00eds, 14 cidades e estados, mais o Distrito Federal, acrescentaram a seus Calend\u00e1rios Oficiais o Dia S. Ser\u00e1 comemorado em 16 de maio, a partir deste ano.\u00a0<\/span>No total, 23 das 27 unidades federativas j\u00e1 apresentaram a iniciativa.<\/p>\n<p class=\"p1\">Distrito Federal, Amap\u00e1, Amazonas, Cear\u00e1, Esp\u00edrito Santo, Goi\u00e1s, Roraima, Pernambuco, Sergipe, Mato Grosso, Mato Grosso do Sul e Rio Grande do Norte, al\u00e9m dos munic\u00edpios de Recife (PE), Jaboat\u00e3o dos Guararapes (PE) e Porto Velho, institu\u00edram a homenagem por meio de leis locais aprovadas recentemente.<\/p>\n<p class=\"p1\"><span class=\"s1\">Outras 10 regi\u00f5es seguem com a proposta em tramita\u00e7\u00e3o, como Alagoas, Bahia, Maranh\u00e3o, Rio Grande do Sul e as cidades do Rio de Janeiro e Palmas (TO).<br \/>\n<\/span><\/p>\n<p class=\"p1\"><strong>Projeto de lei do Senado\u00a0<\/strong><\/p>\n<p class=\"p1\">No \u00e2mbito federal, corre no Congresso o Projeto de Lei que institui o Dia S Nacional. A ideia \u00e9 consolidar uma celebra\u00e7\u00e3o unificada da contribui\u00e7\u00e3o do papel do Sistema CNC-Sesc-Senac no desenvolvimento social e econ\u00f4mico do Brasil.<\/p>\n<p class=\"p1\"><span class=\"s1\">\u201cEste \u00e9 o fruto do reconhecimento \u00e0 contribui\u00e7\u00e3o hist\u00f3rica do Sistema CNC-Sesc-Senac para o bem-estar social, a qualifica\u00e7\u00e3o profissional e o fortalecimento do com\u00e9rcio de bens, servi\u00e7os e turismo em nosso pa\u00eds. A institui\u00e7\u00e3o desta data no calend\u00e1rio oficial refor\u00e7a o compromisso do Sistema com a cidadania, a cultura, a educa\u00e7\u00e3o e a sa\u00fade de milh\u00f5es de brasileiros\u201d, afirma o presidente do Sistema CNC-Sesc-Senac, Jos\u00e9 Roberto Tadros.<\/span><\/p>\n<p class=\"p1\"><strong><span class=\"s1\">Sess\u00e3o solene <\/span><\/strong><\/p>\n<p class=\"p1\"><span class=\"s1\">A C\u00e2mara Legislativa do DF realizou, ontem \u00e0 noite, com a presen\u00e7a da governadora em exerc\u00edcio, Celina Le\u00e3o, a sess\u00e3o solene em comemora\u00e7\u00e3o ao \u201cDia S\u201d. Aprovada em abril em dois turnos, por unanimidade pelos deputados distritais, a data agora integra o calend\u00e1rio oficial do Distrito Federal.<\/span><\/p>\n<p class=\"p1\">O Dia S\u201d d\u00e1 in\u00edcio \u00e0 Semana S do Com\u00e9rcio, um evento de escala nacional promovido pelo Sistema Com\u00e9rcio em todas as capitais brasileiras \u2014 neste ano, com atividades concentradas nos dias 16 e 17 de maio.<\/p>\n<p class=\"p1\">A solenidade teve a presen\u00e7a dos diretores regionais do Sesc, Valcides Ara\u00fajo; e do Senac, V\u00edtor Corr\u00eaa, al\u00e9m de autoridades do GDF, do Judici\u00e1rio, de parlamentares e convidados.<\/p>\n<p class=\"p1\"><strong><span class=\"s1\">Contribui\u00e7\u00e3o do empresariado<\/span><\/strong><\/p>\n<p class=\"p1\">\u201cSer\u00e1 mais uma \u00f3tima oportunidade para mostrar \u00e0 popula\u00e7\u00e3o brasileira o impacto transformador do Sesc e do Senac na vida das pessoas. Tudo isso s\u00f3 \u00e9 poss\u00edvel gra\u00e7as aos empres\u00e1rios do setor de com\u00e9rcio, servi\u00e7os e turismo, que investem e acreditam na miss\u00e3o de transformar vidas\u201d, afirmou o presidente da Fecom\u00e9rcio-DF, Jos\u00e9 Aparecido Freire.<\/p>\n","protected":false},"excerpt":{"rendered":"<p>Iniciativa abre calend\u00e1rio da Semana S do Com\u00e9rcio, evento em todas as capitais brasileiras com atividades concentradas nos dias 16 e 17 de maio Por Samanta Sallum\u00a0 Em movimento pela valoriza\u00e7\u00e3o e reconhecimento dos servi\u00e7os prestados pelo Sesc e Senac no pa\u00eds, 14 cidades e estados, mais o Distrito Federal, acrescentaram a seus Calend\u00e1rios Oficiais o Dia S. Ser\u00e1 comemorado [&hellip;]<\/p>\n","protected":false},"author":125,"featured_media":19193,"comment_status":"open","ping_status":"open","sticky":false,"template":"","format":"standard","meta":{"footnotes":""},"categories":[6],"tags":[2778,1358,1686,2938,734,1040,2939,156,454,333,10,62],"class_list":["post-19189","post","type-post","status-publish","format-standard","has-post-thumbnail","hentry","category-coluna-capital-s-a","tag-bens","tag-celinaleao","tag-cldf","tag-dias","tag-fecomercio-df","tag-joseaparecidofreire","tag-semanas","tag-senac","tag-servicos","tag-turismo","tag-comercio","tag-sesc"],"_links":{"self":[{"href":"https:\/\/blogs.correiobraziliense.com.br\/capital-sa\/wp-json\/wp\/v2\/posts\/19189","targetHints":{"allow":["GET"]}}],"collection":[{"href":"https:\/\/blogs.correiobraziliense.com.br\/capital-sa\/wp-json\/wp\/v2\/posts"}],"about":[{"href":"https:\/\/blogs.correiobraziliense.com.br\/capital-sa\/wp-json\/wp\/v2\/types\/post"}],"author":[{"embeddable":true,"href":"https:\/\/blogs.correiobraziliense.com.br\/capital-sa\/wp-json\/wp\/v2\/users\/125"}],"replies":[{"embeddable":true,"href":"https:\/\/blogs.correiobraziliense.com.br\/capital-sa\/wp-json\/wp\/v2\/comments?post=19189"}],"version-history":[{"count":5,"href":"https:\/\/blogs.correiobraziliense.com.br\/capital-sa\/wp-json\/wp\/v2\/posts\/19189\/revisions"}],"predecessor-version":[{"id":19195,"href":"https:\/\/blogs.correiobraziliense.com.br\/capital-sa\/wp-json\/wp\/v2\/posts\/19189\/revisions\/19195"}],"wp:featuredmedia":[{"embeddable":true,"href":"https:\/\/blogs.correiobraziliense.com.br\/capital-sa\/wp-json\/wp\/v2\/media\/19193"}],"wp:attachment":[{"href":"https:\/\/blogs.correiobraziliense.com.br\/capital-sa\/wp-json\/wp\/v2\/media?parent=19189"}],"wp:term":[{"taxonomy":"category","embeddable":true,"href":"https:\/\/blogs.correiobraziliense.com.br\/capital-sa\/wp-json\/wp\/v2\/categories?post=19189"},{"taxonomy":"post_tag","embeddable":true,"href":"https:\/\/blogs.correiobraziliense.com.br\/capital-sa\/wp-json\/wp\/v2\/tags?post=19189"}],"curies":[{"name":"wp","href":"https:\/\/api.w.org\/{rel}","templated":true}]}}