{"id":19176,"date":"2025-05-09T14:42:09","date_gmt":"2025-05-09T17:42:09","guid":{"rendered":"https:\/\/blogs.correiobraziliense.com.br\/capital-sa\/?p=19176"},"modified":"2025-05-09T15:01:30","modified_gmt":"2025-05-09T18:01:30","slug":"casa-de-cha-na-praca-dos-tres-poderes-bate-recorde-de-publico","status":"publish","type":"post","link":"https:\/\/blogs.correiobraziliense.com.br\/capital-sa\/2025\/05\/09\/casa-de-cha-na-praca-dos-tres-poderes-bate-recorde-de-publico\/","title":{"rendered":"Casa de Ch\u00e1 na Pra\u00e7a dos Tr\u00eas Poderes bate recorde de p\u00fablico"},"content":{"rendered":"<p class=\"p1\"><strong>Por Samanta Sallum\u00a0<\/strong><\/p>\n<p class=\"p1\"><span class=\"s1\">Localizado na Pra\u00e7a dos Tr\u00eas Poderes, o caf\u00e9-escola Senac Casa de Ch\u00e1 alcan\u00e7ou a marca de 130 mil visitantes em apenas 10 meses de funcionamento. S\u00f3 em abril, o espa\u00e7o bateu recorde de p\u00fablico, com 15.639 atendimentos, o maior n\u00famero registrado em um \u00fanico m\u00eas desde a inaugura\u00e7\u00e3o.<\/span><\/p>\n<p>Para o diretor regional do Senac-DF, Vitor Corr\u00eaa, os resultados representam muito mais que n\u00fameros, mas sim a receptividade tur\u00edstica e a rela\u00e7\u00e3o de afeto com Bras\u00edlia.<\/p>\n<p><img loading=\"lazy\" decoding=\"async\" class=\"aligncenter size-medium wp-image-19182\" src=\"https:\/\/blogs.correiobraziliense.com.br\/capital-sa\/wp-content\/uploads\/sites\/59\/2025\/05\/IMG_5576-228x300.jpeg\" alt=\"\" width=\"228\" height=\"300\" srcset=\"https:\/\/blogs.correiobraziliense.com.br\/capital-sa\/wp-content\/uploads\/sites\/59\/2025\/05\/IMG_5576-228x300.jpeg 228w, https:\/\/blogs.correiobraziliense.com.br\/capital-sa\/wp-content\/uploads\/sites\/59\/2025\/05\/IMG_5576-768x1009.jpeg 768w, https:\/\/blogs.correiobraziliense.com.br\/capital-sa\/wp-content\/uploads\/sites\/59\/2025\/05\/IMG_5576-779x1024.jpeg 779w, https:\/\/blogs.correiobraziliense.com.br\/capital-sa\/wp-content\/uploads\/sites\/59\/2025\/05\/IMG_5576-800x1051.jpeg 800w, https:\/\/blogs.correiobraziliense.com.br\/capital-sa\/wp-content\/uploads\/sites\/59\/2025\/05\/IMG_5576-550x723.jpeg 550w, https:\/\/blogs.correiobraziliense.com.br\/capital-sa\/wp-content\/uploads\/sites\/59\/2025\/05\/IMG_5576-230x302.jpeg 230w, https:\/\/blogs.correiobraziliense.com.br\/capital-sa\/wp-content\/uploads\/sites\/59\/2025\/05\/IMG_5576.jpeg 1170w\" sizes=\"auto, (max-width: 228px) 100vw, 228px\" \/><\/p>\n<p>O espa\u00e7o \u00e9 mais do que um ponto tur\u00edstico gastron\u00f4mico, \u00e9 um espa\u00e7o de forma\u00e7\u00e3o profissional, inclus\u00e3o e valoriza\u00e7\u00e3o de Bras\u00edlia&#8221;, destaca. &#8220;Esses n\u00fameros refletem o carinho do p\u00fablico e o compromisso dos nossos alunos e professores com a qualidade do atendimento\u201d, refor\u00e7ou.<\/p>\n<p><img loading=\"lazy\" decoding=\"async\" class=\"aligncenter size-medium wp-image-19183\" src=\"https:\/\/blogs.correiobraziliense.com.br\/capital-sa\/wp-content\/uploads\/sites\/59\/2025\/05\/IMG_5575-228x300.jpeg\" alt=\"\" width=\"228\" height=\"300\" srcset=\"https:\/\/blogs.correiobraziliense.com.br\/capital-sa\/wp-content\/uploads\/sites\/59\/2025\/05\/IMG_5575-228x300.jpeg 228w, https:\/\/blogs.correiobraziliense.com.br\/capital-sa\/wp-content\/uploads\/sites\/59\/2025\/05\/IMG_5575-768x1012.jpeg 768w, https:\/\/blogs.correiobraziliense.com.br\/capital-sa\/wp-content\/uploads\/sites\/59\/2025\/05\/IMG_5575-777x1024.jpeg 777w, https:\/\/blogs.correiobraziliense.com.br\/capital-sa\/wp-content\/uploads\/sites\/59\/2025\/05\/IMG_5575-800x1054.jpeg 800w, https:\/\/blogs.correiobraziliense.com.br\/capital-sa\/wp-content\/uploads\/sites\/59\/2025\/05\/IMG_5575-550x725.jpeg 550w, https:\/\/blogs.correiobraziliense.com.br\/capital-sa\/wp-content\/uploads\/sites\/59\/2025\/05\/IMG_5575-230x303.jpeg 230w, https:\/\/blogs.correiobraziliense.com.br\/capital-sa\/wp-content\/uploads\/sites\/59\/2025\/05\/IMG_5575.jpeg 1170w\" sizes=\"auto, (max-width: 228px) 100vw, 228px\" \/><\/p>\n","protected":false},"excerpt":{"rendered":"<p>Por Samanta Sallum\u00a0 Localizado na Pra\u00e7a dos Tr\u00eas Poderes, o caf\u00e9-escola Senac Casa de Ch\u00e1 alcan\u00e7ou a marca de 130 mil visitantes em apenas 10 meses de funcionamento. S\u00f3 em abril, o espa\u00e7o bateu recorde de p\u00fablico, com 15.639 atendimentos, o maior n\u00famero registrado em um \u00fanico m\u00eas desde a inaugura\u00e7\u00e3o. Para o diretor regional do Senac-DF, Vitor Corr\u00eaa, os [&hellip;]<\/p>\n","protected":false},"author":125,"featured_media":19180,"comment_status":"open","ping_status":"open","sticky":false,"template":"","format":"standard","meta":{"footnotes":""},"categories":[6],"tags":[2937,1925,2160,2830],"class_list":["post-19176","post","type-post","status-publish","format-standard","has-post-thumbnail","hentry","category-coluna-capital-s-a","tag-casadecha","tag-pracadostrespoderes","tag-senac-df","tag-vitorcorrea"],"_links":{"self":[{"href":"https:\/\/blogs.correiobraziliense.com.br\/capital-sa\/wp-json\/wp\/v2\/posts\/19176","targetHints":{"allow":["GET"]}}],"collection":[{"href":"https:\/\/blogs.correiobraziliense.com.br\/capital-sa\/wp-json\/wp\/v2\/posts"}],"about":[{"href":"https:\/\/blogs.correiobraziliense.com.br\/capital-sa\/wp-json\/wp\/v2\/types\/post"}],"author":[{"embeddable":true,"href":"https:\/\/blogs.correiobraziliense.com.br\/capital-sa\/wp-json\/wp\/v2\/users\/125"}],"replies":[{"embeddable":true,"href":"https:\/\/blogs.correiobraziliense.com.br\/capital-sa\/wp-json\/wp\/v2\/comments?post=19176"}],"version-history":[{"count":4,"href":"https:\/\/blogs.correiobraziliense.com.br\/capital-sa\/wp-json\/wp\/v2\/posts\/19176\/revisions"}],"predecessor-version":[{"id":19184,"href":"https:\/\/blogs.correiobraziliense.com.br\/capital-sa\/wp-json\/wp\/v2\/posts\/19176\/revisions\/19184"}],"wp:featuredmedia":[{"embeddable":true,"href":"https:\/\/blogs.correiobraziliense.com.br\/capital-sa\/wp-json\/wp\/v2\/media\/19180"}],"wp:attachment":[{"href":"https:\/\/blogs.correiobraziliense.com.br\/capital-sa\/wp-json\/wp\/v2\/media?parent=19176"}],"wp:term":[{"taxonomy":"category","embeddable":true,"href":"https:\/\/blogs.correiobraziliense.com.br\/capital-sa\/wp-json\/wp\/v2\/categories?post=19176"},{"taxonomy":"post_tag","embeddable":true,"href":"https:\/\/blogs.correiobraziliense.com.br\/capital-sa\/wp-json\/wp\/v2\/tags?post=19176"}],"curies":[{"name":"wp","href":"https:\/\/api.w.org\/{rel}","templated":true}]}}