{"id":19168,"date":"2025-05-09T13:02:28","date_gmt":"2025-05-09T16:02:28","guid":{"rendered":"https:\/\/blogs.correiobraziliense.com.br\/capital-sa\/?p=19168"},"modified":"2025-05-09T14:59:07","modified_gmt":"2025-05-09T17:59:07","slug":"participacao-do-setor-atacadista-no-mercado-nacional-e-a-maior-desde-2016","status":"publish","type":"post","link":"https:\/\/blogs.correiobraziliense.com.br\/capital-sa\/2025\/05\/09\/participacao-do-setor-atacadista-no-mercado-nacional-e-a-maior-desde-2016\/","title":{"rendered":"Participa\u00e7\u00e3o do setor atacadista no mercado nacional \u00e9 a maior desde 2016"},"content":{"rendered":"<p class=\"p1\"><em><span class=\"s2\">Empresa do DF <\/span>aparece como a 4a maior do setor no pa\u00eds. Veja ranking<\/em><\/p>\n<p class=\"p1\"><strong>Por Samanta Sallum\u00a0<\/strong><\/p>\n<p class=\"p1\"><span class=\"s1\">O mercado atacadista distribuidor brasileiro fechou 2024 com um faturamento de <\/span><span class=\"s2\">R$ 443,4 bilh\u00f5es<\/span><span class=\"s1\">, segundo o <\/span><span class=\"s2\">Ranking ABAD NielsenIQ 2025 \u2013 Ano Base 2024<\/span><span class=\"s1\">, n\u00famero que corresponde a um crescimento <\/span><span class=\"s2\">nominal de +9,8%<\/span><span class=\"s1\">\u00a0no ano passado. Quando descontada a infla\u00e7\u00e3o medida pelo IPCA, o crescimento real foi de +4,97%.<br \/>\n<\/span><\/p>\n<p class=\"p1\"><span class=\"s1\">Dessa forma, o setor elevou de 52,5% em 2023 para <\/span><span class=\"s2\">53,7% em 2024<\/span><span class=\"s1\">\u00a0sua participa\u00e7\u00e3o no mercado mercearil nacional, o melhor resultado desde 2016. Vale destacar que o consumo mercearil cresceu 7,4% no per\u00edodo e alcan\u00e7ou R$ 825,7 bilh\u00f5es. O estudo foi realizado pela ABAD (Associa\u00e7\u00e3o Brasileira de Atacadistas e Distribuidores) em parceria com a consultoria NielsenIQ.<\/span><\/p>\n<p>Leonardo Miguel Severini, presidente da ABAD e da UNECS, aponta que o setor \u201cvem se transformando digitalmente\u201d. Ele refor\u00e7a que o canal da conveni\u00eancia tende a se perpetuar, dadas as caracter\u00edsticas geogr\u00e1ficas e populacionais do pa\u00eds.<\/p>\n<p class=\"p1\"><strong><span class=\"s1\">Moderniza\u00e7\u00e3o do pequeno varejo <\/span><\/strong><\/p>\n<p class=\"p1\"><span class=\"s1\">Segundo Severini, o compromisso agora \u00e9 impulsionar a digitaliza\u00e7\u00e3o tamb\u00e9m do pequeno e m\u00e9dio varejo, tradicionalmente atendido pelo setor. \u201cEsse varejo \u00e9 essencial para as comunidades locais, e o atacado distribuidor est\u00e1 preparado para liderar sua moderniza\u00e7\u00e3o.\u201d<\/span><\/p>\n<p class=\"p1\"><span class=\"s1\"><img loading=\"lazy\" decoding=\"async\" class=\"aligncenter size-medium wp-image-19174\" src=\"https:\/\/blogs.correiobraziliense.com.br\/capital-sa\/wp-content\/uploads\/sites\/59\/2025\/05\/IMG_5572-300x178.jpeg\" alt=\"\" width=\"300\" height=\"178\" srcset=\"https:\/\/blogs.correiobraziliense.com.br\/capital-sa\/wp-content\/uploads\/sites\/59\/2025\/05\/IMG_5572-300x178.jpeg 300w, https:\/\/blogs.correiobraziliense.com.br\/capital-sa\/wp-content\/uploads\/sites\/59\/2025\/05\/IMG_5572-550x326.jpeg 550w, https:\/\/blogs.correiobraziliense.com.br\/capital-sa\/wp-content\/uploads\/sites\/59\/2025\/05\/IMG_5572-230x136.jpeg 230w, https:\/\/blogs.correiobraziliense.com.br\/capital-sa\/wp-content\/uploads\/sites\/59\/2025\/05\/IMG_5572.jpeg 719w\" sizes=\"auto, (max-width: 300px) 100vw, 300px\" \/><\/span><\/p>\n<p>O estudo contou com a participa\u00e7\u00e3o de 761 empresas que, juntas, faturaram R$ 277 bilh\u00f5es em 2024 (R$ 202 bilh\u00f5es sem o Atacad\u00e3o) \u2013 uma amostra que representa 33,55% do faturamento total do setor. O Dia a Dia do Distrito Federal aparece no ranking como a 4 maior empresa do setor no pa\u00eds (veja quadro).<\/p>\n<p class=\"p1\"><span class=\"s1\">Em sua maioria, essas empresas \u00a0projetam crescimento e planejam ampliar a base de clientes, o volume de vendas, a equipe de colaboradores e os investimentos em tecnologia voltada \u00e0 gest\u00e3o e \u00e0 \u00e1rea comercial.<\/span><\/p>\n<p class=\"p1\"><strong><span class=\"s2\">Distribui\u00e7\u00e3o regional<\/span><\/strong><\/p>\n<p class=\"p1\"><span class=\"s1\">A regi\u00e3o Nordeste lidera em n\u00famero de participantes no estudo, com 299 empresas (39,2%), seguida pelo Sul (137 empresas; 18%), Sudeste (136; 17,8%), Norte (101; 13,2%) e Centro-Oeste (88; 11,5%).<\/span><\/p>\n<p class=\"p1\"><strong><span class=\"s2\">Quadro <\/span><\/strong><\/p>\n<p class=\"p1\"><span class=\"s2\">Top 10 Empresas &#8211; Faturamento<\/span><\/p>\n<table class=\"t1\" cellspacing=\"0\" cellpadding=\"0\">\n<tbody>\n<tr>\n<td class=\"td1\" valign=\"top\">\n<p class=\"p1\"><span class=\"s2\">Posi\u00e7\u00e3o<\/span><\/p>\n<\/td>\n<td class=\"td1\" valign=\"top\">\n<p class=\"p1\"><span class=\"s2\">EMPRESA<\/span><\/p>\n<\/td>\n<td class=\"td1\" valign=\"top\">\n<p class=\"p1\"><span class=\"s2\">UF<\/span><\/p>\n<\/td>\n<td class=\"td1\" valign=\"top\">\n<p class=\"p1\"><span class=\"s2\">Ano 2024 \u00a0(em R$)<\/span><\/p>\n<\/td>\n<\/tr>\n<tr>\n<td class=\"td1\" valign=\"top\">\n<p class=\"p1\"><span class=\"s1\">1<\/span><\/p>\n<\/td>\n<td class=\"td1\" valign=\"top\">\n<p class=\"p1\"><span class=\"s1\">ATACADAO<\/span><\/p>\n<\/td>\n<td class=\"td1\" valign=\"top\">\n<p class=\"p1\"><span class=\"s1\">SP<\/span><\/p>\n<\/td>\n<td class=\"td1\" valign=\"top\">\n<p class=\"p1\"><span class=\"s3\"><a href=\"tel:86.020.000.000\">86.020.000.000<\/a><\/span><\/p>\n<\/td>\n<\/tr>\n<tr>\n<td class=\"td1\" valign=\"top\">\n<p class=\"p1\"><span class=\"s1\">2<\/span><\/p>\n<\/td>\n<td class=\"td1\" valign=\"top\">\n<p class=\"p1\"><span class=\"s1\">MARTINS COM. E SERV. DE DISTRIBUICAO<\/span><\/p>\n<\/td>\n<td class=\"td1\" valign=\"top\">\n<p class=\"p1\"><span class=\"s1\">MG<\/span><\/p>\n<\/td>\n<td class=\"td1\" valign=\"top\">\n<p class=\"p1\"><span class=\"s1\">7.085.105.279<\/span><\/p>\n<\/td>\n<\/tr>\n<tr>\n<td class=\"td1\" valign=\"top\">\n<p class=\"p1\"><span class=\"s1\">3<\/span><\/p>\n<\/td>\n<td class=\"td1\" valign=\"top\">\n<p class=\"p1\"><span class=\"s1\">TECIDOS E ARMAR. MIGUEL BARTOLOMEU<\/span><\/p>\n<\/td>\n<td class=\"td1\" valign=\"top\">\n<p class=\"p1\"><span class=\"s1\">MG<\/span><\/p>\n<\/td>\n<td class=\"td1\" valign=\"top\">\n<p class=\"p1\"><span class=\"s1\">6.362.884.466<\/span><\/p>\n<\/td>\n<\/tr>\n<tr>\n<td class=\"td1\" valign=\"top\">\n<p class=\"p1\"><span class=\"s1\">4<\/span><\/p>\n<\/td>\n<td class=\"td1\" valign=\"top\">\n<p class=\"p1\"><span class=\"s1\">ATACADAO DIA A DIA<\/span><\/p>\n<\/td>\n<td class=\"td1\" valign=\"top\">\n<p class=\"p1\"><span class=\"s1\">DF<\/span><\/p>\n<\/td>\n<td class=\"td1\" valign=\"top\">\n<p class=\"p1\"><span class=\"s1\">6.039.333.061<\/span><\/p>\n<\/td>\n<\/tr>\n<tr>\n<td class=\"td1\" valign=\"top\">\n<p class=\"p1\"><span class=\"s1\">5<\/span><\/p>\n<\/td>\n<td class=\"td1\" valign=\"top\">\n<p class=\"p1\"><span class=\"s1\">OESA COMERCIO E REPRESENTACOES<\/span><\/p>\n<\/td>\n<td class=\"td1\" valign=\"top\">\n<p class=\"p1\"><span class=\"s1\">SC<\/span><\/p>\n<\/td>\n<td class=\"td1\" valign=\"top\">\n<p class=\"p1\"><span class=\"s1\">5.777.449.254<\/span><\/p>\n<\/td>\n<\/tr>\n<tr>\n<td class=\"td1\" valign=\"top\">\n<p class=\"p1\"><span class=\"s1\">6<\/span><\/p>\n<\/td>\n<td class=\"td1\" valign=\"top\">\n<p class=\"p1\"><span class=\"s1\">ATAKAREJO DISTR. DE ALIM. E BEBIDAS<\/span><\/p>\n<\/td>\n<td class=\"td1\" valign=\"top\">\n<p class=\"p1\"><span class=\"s1\">BA<\/span><\/p>\n<\/td>\n<td class=\"td1\" valign=\"top\">\n<p class=\"p1\"><span class=\"s1\">5.233.399.856<\/span><\/p>\n<\/td>\n<\/tr>\n<tr>\n<td class=\"td1\" valign=\"top\">\n<p class=\"p1\"><span class=\"s1\">7<\/span><\/p>\n<\/td>\n<td class=\"td1\" valign=\"top\">\n<p class=\"p1\"><span class=\"s1\">DECMINAS DISTRIBUICAO E LOGISTICA<\/span><\/p>\n<\/td>\n<td class=\"td1\" valign=\"top\">\n<p class=\"p1\"><span class=\"s1\">MG<\/span><\/p>\n<\/td>\n<td class=\"td1\" valign=\"top\">\n<p class=\"p1\"><span class=\"s1\">4.728.101.662<\/span><\/p>\n<\/td>\n<\/tr>\n<tr>\n<td class=\"td1\" valign=\"top\">\n<p class=\"p1\"><span class=\"s1\">8<\/span><\/p>\n<\/td>\n<td class=\"td1\" valign=\"top\">\n<p class=\"p1\"><span class=\"s1\">TISCOSKI DISTRIBUIDORA COMERCIAL<\/span><\/p>\n<\/td>\n<td class=\"td1\" valign=\"top\">\n<p class=\"p1\"><span class=\"s1\">SP<\/span><\/p>\n<\/td>\n<td class=\"td1\" valign=\"top\">\n<p class=\"p1\"><span class=\"s1\">4.207.693.370<\/span><\/p>\n<\/td>\n<\/tr>\n<tr>\n<td class=\"td1\" valign=\"top\">\n<p class=\"p1\"><span class=\"s1\">9<\/span><\/p>\n<\/td>\n<td class=\"td1\" valign=\"top\">\n<p class=\"p1\"><span class=\"s1\">JC DISTRIBUICAO LOGISTICA IMP. E EXP.<\/span><\/p>\n<\/td>\n<td class=\"td1\" valign=\"top\">\n<p class=\"p1\"><span class=\"s1\">GO<\/span><\/p>\n<\/td>\n<td class=\"td1\" valign=\"top\">\n<p class=\"p1\"><span class=\"s1\">3.914.178.906<\/span><\/p>\n<\/td>\n<\/tr>\n<tr>\n<td class=\"td1\" valign=\"top\">\n<p class=\"p1\"><span class=\"s1\">10<\/span><\/p>\n<\/td>\n<td class=\"td1\" valign=\"top\">\n<p class=\"p1\"><span class=\"s1\">GENESIO A MENDES &amp; CIA<\/span><\/p>\n<\/td>\n<td class=\"td1\" valign=\"top\">\n<p class=\"p1\"><span class=\"s1\">SC<\/span><\/p>\n<\/td>\n<td class=\"td1\" valign=\"top\">\n<p class=\"p1\"><span class=\"s1\">3.525.530.641<\/span><\/p>\n<\/td>\n<\/tr>\n<tr>\n<td class=\"td1\" valign=\"top\"><\/td>\n<td class=\"td1\" valign=\"top\">\n<p class=\"p1\"><span class=\"s2\">TOTAL<\/span><\/p>\n<\/td>\n<td class=\"td1\" valign=\"top\"><\/td>\n<td class=\"td1\" valign=\"top\">\n<p class=\"p1\"><span class=\"s5\"><a href=\"tel:132.893.676.495\">132.893.676.495<\/a><\/span><\/p>\n<\/td>\n<\/tr>\n<\/tbody>\n<\/table>\n","protected":false},"excerpt":{"rendered":"<p>Empresa do DF aparece como a 4a maior do setor no pa\u00eds. Veja ranking Por Samanta Sallum\u00a0 O mercado atacadista distribuidor brasileiro fechou 2024 com um faturamento de R$ 443,4 bilh\u00f5es, segundo o Ranking ABAD NielsenIQ 2025 \u2013 Ano Base 2024, n\u00famero que corresponde a um crescimento nominal de +9,8%\u00a0no ano passado. Quando descontada a infla\u00e7\u00e3o medida pelo IPCA, o [&hellip;]<\/p>\n","protected":false},"author":125,"featured_media":19173,"comment_status":"open","ping_status":"open","sticky":false,"template":"","format":"standard","meta":{"footnotes":""},"categories":[6],"tags":[562,276,1128,1580,2018,1407],"class_list":["post-19168","post","type-post","status-publish","format-standard","has-post-thumbnail","hentry","category-coluna-capital-s-a","tag-abad","tag-economia","tag-leonardomiguelseverini","tag-mercado","tag-setoratacadista","tag-atacado"],"_links":{"self":[{"href":"https:\/\/blogs.correiobraziliense.com.br\/capital-sa\/wp-json\/wp\/v2\/posts\/19168","targetHints":{"allow":["GET"]}}],"collection":[{"href":"https:\/\/blogs.correiobraziliense.com.br\/capital-sa\/wp-json\/wp\/v2\/posts"}],"about":[{"href":"https:\/\/blogs.correiobraziliense.com.br\/capital-sa\/wp-json\/wp\/v2\/types\/post"}],"author":[{"embeddable":true,"href":"https:\/\/blogs.correiobraziliense.com.br\/capital-sa\/wp-json\/wp\/v2\/users\/125"}],"replies":[{"embeddable":true,"href":"https:\/\/blogs.correiobraziliense.com.br\/capital-sa\/wp-json\/wp\/v2\/comments?post=19168"}],"version-history":[{"count":7,"href":"https:\/\/blogs.correiobraziliense.com.br\/capital-sa\/wp-json\/wp\/v2\/posts\/19168\/revisions"}],"predecessor-version":[{"id":19188,"href":"https:\/\/blogs.correiobraziliense.com.br\/capital-sa\/wp-json\/wp\/v2\/posts\/19168\/revisions\/19188"}],"wp:featuredmedia":[{"embeddable":true,"href":"https:\/\/blogs.correiobraziliense.com.br\/capital-sa\/wp-json\/wp\/v2\/media\/19173"}],"wp:attachment":[{"href":"https:\/\/blogs.correiobraziliense.com.br\/capital-sa\/wp-json\/wp\/v2\/media?parent=19168"}],"wp:term":[{"taxonomy":"category","embeddable":true,"href":"https:\/\/blogs.correiobraziliense.com.br\/capital-sa\/wp-json\/wp\/v2\/categories?post=19168"},{"taxonomy":"post_tag","embeddable":true,"href":"https:\/\/blogs.correiobraziliense.com.br\/capital-sa\/wp-json\/wp\/v2\/tags?post=19168"}],"curies":[{"name":"wp","href":"https:\/\/api.w.org\/{rel}","templated":true}]}}