{"id":19160,"date":"2025-05-07T22:00:04","date_gmt":"2025-05-08T01:00:04","guid":{"rendered":"https:\/\/blogs.correiobraziliense.com.br\/capital-sa\/?p=19160"},"modified":"2025-05-09T14:54:40","modified_gmt":"2025-05-09T17:54:40","slug":"taxa-de-juros-elevada-e-principal-entrave-para-a-construcao-civil-em-2025","status":"publish","type":"post","link":"https:\/\/blogs.correiobraziliense.com.br\/capital-sa\/2025\/05\/07\/taxa-de-juros-elevada-e-principal-entrave-para-a-construcao-civil-em-2025\/","title":{"rendered":"Taxa de juros elevada \u00e9 principal entrave para a constru\u00e7\u00e3o civil em 2025"},"content":{"rendered":"<p class=\"p1\"><strong>Por Samanta Sallum\u00a0<\/strong><\/p>\n<p class=\"p1\"><span class=\"s1\">No mesmo dia que o Copom aumentou mais uma vez a Selic, a C\u00e2mara Brasileira da Industria da Constru\u00e7\u00e3o divulgou pesquisa que aponta ser esse o maior problema do setor.<span class=\"Apple-converted-space\">\u00a0<\/span>O custo da constru\u00e7\u00e3o civil voltou a subir acima da infla\u00e7\u00e3o oficial do pa\u00eds, mas a taxa de juros elevada ainda \u00e9 a principal preocupa\u00e7\u00e3o dos empres\u00e1rios. E passa a ser de\u00a0<\/span>14,75% ao ano, maior patamar em quase 20 anos.<\/p>\n<p class=\"p1\"><span class=\"s1\">Sobre a infla\u00e7\u00e3o, de acordo com o levantamento, o \u00cdndice Nacional da Constru\u00e7\u00e3o Civil (INCC), da FGV, acumulou alta de 7,54% nos \u00faltimos 12 meses encerrados em mar\u00e7o de 2025. No mesmo per\u00edodo, o IPCA registrou varia\u00e7\u00e3o de 5,48%.\u00a0<\/span><\/p>\n<blockquote>\n<p class=\"p1\" style=\"text-align: left\"><span class=\"s1\">\u201cAs dificuldades de cr\u00e9dito que\u00a0<\/span>a alta taxa de juros imp\u00f5em e a eleva\u00e7\u00e3o dos custos comprometem a viabilidade de projetos, afetam o equil\u00edbrio econ\u00f4mico-financeiro das obras e dificultam o planejamento de novos empreendimentos, sobretudo na habita\u00e7\u00e3o de interesse social\u201d, avaliou o presidente da CBIC, Renato Correia.<\/p>\n<\/blockquote>\n<p class=\"p1\"><strong><span class=\"s1\">Custos com a m\u00e3o de obra e equipamento puxam<\/span>\u00a0alta de pre\u00e7os<\/strong><\/p>\n<p class=\"p1\"><span class=\"s1\">Dois componentes principais puxaram o aumento do INCC. O custo com m\u00e3o de\u00a0<\/span>obra apresentou avan\u00e7o expressivo de 9,96% nos \u00faltimos 12 meses finalizados em mar\u00e7o de 2025, reflexo de negocia\u00e7\u00f5es salariais e reajustes regionais. No mesmo per\u00edodo, o custo com materiais e equipamentos acumulou alta de 6,09%, o que pode estar refletindo aumentos nos custos de produ\u00e7\u00e3o dos insumos.<\/p>\n","protected":false},"excerpt":{"rendered":"<p>Por Samanta Sallum\u00a0 No mesmo dia que o Copom aumentou mais uma vez a Selic, a C\u00e2mara Brasileira da Industria da Constru\u00e7\u00e3o divulgou pesquisa que aponta ser esse o maior problema do setor.\u00a0O custo da constru\u00e7\u00e3o civil voltou a subir acima da infla\u00e7\u00e3o oficial do pa\u00eds, mas a taxa de juros elevada ainda \u00e9 a principal preocupa\u00e7\u00e3o dos empres\u00e1rios. E [&hellip;]<\/p>\n","protected":false},"author":125,"featured_media":19165,"comment_status":"open","ping_status":"open","sticky":false,"template":"","format":"standard","meta":{"footnotes":""},"categories":[6],"tags":[2420,2094,2269,2935,276,2748,2936,1583,1829,2934,2270,2632],"class_list":["post-19160","post","type-post","status-publish","format-standard","has-post-thumbnail","hentry","category-coluna-capital-s-a","tag-cbic","tag-construcaocivil","tag-copom","tag-crescimentoeconomico","tag-economia","tag-fgv","tag-incc","tag-ipca","tag-juros","tag-renatocorreia","tag-selic","tag-taxadejuros"],"_links":{"self":[{"href":"https:\/\/blogs.correiobraziliense.com.br\/capital-sa\/wp-json\/wp\/v2\/posts\/19160","targetHints":{"allow":["GET"]}}],"collection":[{"href":"https:\/\/blogs.correiobraziliense.com.br\/capital-sa\/wp-json\/wp\/v2\/posts"}],"about":[{"href":"https:\/\/blogs.correiobraziliense.com.br\/capital-sa\/wp-json\/wp\/v2\/types\/post"}],"author":[{"embeddable":true,"href":"https:\/\/blogs.correiobraziliense.com.br\/capital-sa\/wp-json\/wp\/v2\/users\/125"}],"replies":[{"embeddable":true,"href":"https:\/\/blogs.correiobraziliense.com.br\/capital-sa\/wp-json\/wp\/v2\/comments?post=19160"}],"version-history":[{"count":7,"href":"https:\/\/blogs.correiobraziliense.com.br\/capital-sa\/wp-json\/wp\/v2\/posts\/19160\/revisions"}],"predecessor-version":[{"id":19186,"href":"https:\/\/blogs.correiobraziliense.com.br\/capital-sa\/wp-json\/wp\/v2\/posts\/19160\/revisions\/19186"}],"wp:featuredmedia":[{"embeddable":true,"href":"https:\/\/blogs.correiobraziliense.com.br\/capital-sa\/wp-json\/wp\/v2\/media\/19165"}],"wp:attachment":[{"href":"https:\/\/blogs.correiobraziliense.com.br\/capital-sa\/wp-json\/wp\/v2\/media?parent=19160"}],"wp:term":[{"taxonomy":"category","embeddable":true,"href":"https:\/\/blogs.correiobraziliense.com.br\/capital-sa\/wp-json\/wp\/v2\/categories?post=19160"},{"taxonomy":"post_tag","embeddable":true,"href":"https:\/\/blogs.correiobraziliense.com.br\/capital-sa\/wp-json\/wp\/v2\/tags?post=19160"}],"curies":[{"name":"wp","href":"https:\/\/api.w.org\/{rel}","templated":true}]}}