{"id":1916,"date":"2021-02-19T10:56:55","date_gmt":"2021-02-19T13:56:55","guid":{"rendered":"https:\/\/blogs.correiobraziliense.com.br\/capital-sa\/?p=1916"},"modified":"2021-02-19T10:58:49","modified_gmt":"2021-02-19T13:58:49","slug":"orquideas-um-bom-negocio-na-terceira-idade","status":"publish","type":"post","link":"https:\/\/blogs.correiobraziliense.com.br\/capital-sa\/2021\/02\/19\/orquideas-um-bom-negocio-na-terceira-idade\/","title":{"rendered":"Orqu\u00eddeas, um bom neg\u00f3cio na terceira idade"},"content":{"rendered":"<p>Jo\u00e3o Batista Borba, 64 anos, costumava presentear a m\u00e3e com orqu\u00eddeas. O h\u00e1bito logo se tornou hobby\u00a0e depois deu forma a um empreendimento de sucesso que tem as ra\u00edzes fincadas em solo brasiliense.<\/p>\n<div dir=\"auto\"><\/div>\n<div dir=\"auto\">Batista cultiva orqu\u00eddeas para vender e abriu sua propriedade em Sobradinho \u00e0 visita\u00e7\u00e3o. O que era um passatempo virou neg\u00f3cio s\u00e9rio quando se aposentou, em 2013, depois de 32 anos de trabalho no BRB.<\/div>\n<div dir=\"auto\">\n<\/div>\n<div dir=\"auto\"><\/div>\n<div dir=\"auto\">Pioneiro, chegou a Bras\u00edlia no ano de 1960, quando tinha apenas 4 anos de idade. Ele e os pais vieram de Goi\u00e1s em busca do sonho de uma vida melhor na capital. \u00c9 na propriedade da fam\u00edlia, uma \u00e1rea de 9 mil m\u00b2 em Sobradinho, que cultiva as orqu\u00eddeas.<\/div>\n<div dir=\"auto\"><\/div>\n<div dir=\"auto\"><\/div>\n<div dir=\"auto\"><b>Curso para aposentar<\/b><\/div>\n<div dir=\"auto\"><\/div>\n<div dir=\"auto\">\u201cEm 2013, faltavam poucos dias para eu me aposentar. O BRB sempre promovia um curso preparat\u00f3rio para aposentadoria e eu fui convidado. L\u00e1, conheci melhor o Sebrae e percebi que poderia transformar o gosto por orqu\u00eddeas em algo lucrativo e envolver toda a minha fam\u00edlia\u201d, conta. Surgia, ali, o Orquid\u00e1rio Batista.<\/div>\n<div dir=\"auto\"><\/div>\n<div dir=\"auto\"><\/div>\n<div dir=\"auto\"><img loading=\"lazy\" decoding=\"async\" class=\"aligncenter size-medium wp-image-1920\" src=\"https:\/\/blogs.correiobraziliense.com.br\/capital-sa\/wp-content\/uploads\/sites\/59\/2021\/02\/0F6FD1AC-2647-49BE-AC78-3E23CD2D9E39-169x300.jpeg\" alt=\"\" width=\"169\" height=\"300\" srcset=\"https:\/\/blogs.correiobraziliense.com.br\/capital-sa\/wp-content\/uploads\/sites\/59\/2021\/02\/0F6FD1AC-2647-49BE-AC78-3E23CD2D9E39-169x300.jpeg 169w, https:\/\/blogs.correiobraziliense.com.br\/capital-sa\/wp-content\/uploads\/sites\/59\/2021\/02\/0F6FD1AC-2647-49BE-AC78-3E23CD2D9E39-576x1024.jpeg 576w, https:\/\/blogs.correiobraziliense.com.br\/capital-sa\/wp-content\/uploads\/sites\/59\/2021\/02\/0F6FD1AC-2647-49BE-AC78-3E23CD2D9E39-550x978.jpeg 550w, https:\/\/blogs.correiobraziliense.com.br\/capital-sa\/wp-content\/uploads\/sites\/59\/2021\/02\/0F6FD1AC-2647-49BE-AC78-3E23CD2D9E39-230x409.jpeg 230w, https:\/\/blogs.correiobraziliense.com.br\/capital-sa\/wp-content\/uploads\/sites\/59\/2021\/02\/0F6FD1AC-2647-49BE-AC78-3E23CD2D9E39.jpeg 720w\" sizes=\"auto, (max-width: 169px) 100vw, 169px\" \/><\/div>\n<div dir=\"auto\"><\/div>\n<div dir=\"auto\"><\/div>\n<div dir=\"auto\"><\/div>\n<div dir=\"auto\"><b>Anivers\u00e1rio do Jardim Bot\u00e2nico<\/b><\/div>\n<div dir=\"auto\"><\/div>\n<div dir=\"auto\">Agora, levar\u00e1 as cores e os aromas das orqu\u00eddeas que cultiva para a comemora\u00e7\u00e3o do 36\u00ba anivers\u00e1rio do Jardim Bot\u00e2nico de Bras\u00edlia, em 5, 6 e <a href=\"\/\/1\">7 de mar\u00e7o<\/a>. Batista tamb\u00e9m tem planos de construir, dentro da propriedade, uma boutique para comercializar as flores e atrair ainda mais o p\u00fablico brasiliense.<\/div>\n<div dir=\"auto\"><\/div>\n<div dir=\"auto\">O orquid\u00e1rio, atualmente, \u00e9 mantido pelo empreendedor com o filho, a nora e mais dois funcion\u00e1rios.<\/div>\n<div dir=\"auto\"><\/div>\n<div dir=\"auto\"><b>Conselhos<\/b><\/div>\n<div dir=\"auto\"><\/div>\n<blockquote>\n<div dir=\"auto\">\u201cO meu conselho \u00e9 para que todo mundo que trabalha e est\u00e1 prestes a se aposentar e curtir a vida d\u00ea uma chance ao empreendedorismo. Me faz relaxar e ocupa a minha mente.\u201d<\/div>\n<\/blockquote>\n<div dir=\"auto\"><\/div>\n<div dir=\"auto\">Ele reabriu recentemente o orquid\u00e1rio para visita\u00e7\u00e3o p\u00fablica, que est\u00e1 sendo realizada seguindo todas as\u00a0recomenda\u00e7\u00f5es de preven\u00e7\u00e3o ao coronav\u00edrus. Tamb\u00e9m oferece servi\u00e7o de entrega, que pode ser solicitado pelo Facebook e pelo Instagram.<\/div>\n","protected":false},"excerpt":{"rendered":"<p>Jo\u00e3o Batista Borba, 64 anos, costumava presentear a m\u00e3e com orqu\u00eddeas. O h\u00e1bito logo se tornou hobby\u00a0e depois deu forma a um empreendimento de sucesso que tem as ra\u00edzes fincadas em solo brasiliense. Batista cultiva orqu\u00eddeas para vender e abriu sua propriedade em Sobradinho \u00e0 visita\u00e7\u00e3o. O que era um passatempo virou neg\u00f3cio s\u00e9rio quando se aposentou, em 2013, depois [&hellip;]<\/p>\n","protected":false},"author":125,"featured_media":1919,"comment_status":"open","ping_status":"open","sticky":false,"template":"","format":"standard","meta":{"footnotes":""},"categories":[1],"tags":[],"class_list":["post-1916","post","type-post","status-publish","format-standard","has-post-thumbnail","hentry","category-sem-categoria"],"_links":{"self":[{"href":"https:\/\/blogs.correiobraziliense.com.br\/capital-sa\/wp-json\/wp\/v2\/posts\/1916","targetHints":{"allow":["GET"]}}],"collection":[{"href":"https:\/\/blogs.correiobraziliense.com.br\/capital-sa\/wp-json\/wp\/v2\/posts"}],"about":[{"href":"https:\/\/blogs.correiobraziliense.com.br\/capital-sa\/wp-json\/wp\/v2\/types\/post"}],"author":[{"embeddable":true,"href":"https:\/\/blogs.correiobraziliense.com.br\/capital-sa\/wp-json\/wp\/v2\/users\/125"}],"replies":[{"embeddable":true,"href":"https:\/\/blogs.correiobraziliense.com.br\/capital-sa\/wp-json\/wp\/v2\/comments?post=1916"}],"version-history":[{"count":5,"href":"https:\/\/blogs.correiobraziliense.com.br\/capital-sa\/wp-json\/wp\/v2\/posts\/1916\/revisions"}],"predecessor-version":[{"id":1922,"href":"https:\/\/blogs.correiobraziliense.com.br\/capital-sa\/wp-json\/wp\/v2\/posts\/1916\/revisions\/1922"}],"wp:featuredmedia":[{"embeddable":true,"href":"https:\/\/blogs.correiobraziliense.com.br\/capital-sa\/wp-json\/wp\/v2\/media\/1919"}],"wp:attachment":[{"href":"https:\/\/blogs.correiobraziliense.com.br\/capital-sa\/wp-json\/wp\/v2\/media?parent=1916"}],"wp:term":[{"taxonomy":"category","embeddable":true,"href":"https:\/\/blogs.correiobraziliense.com.br\/capital-sa\/wp-json\/wp\/v2\/categories?post=1916"},{"taxonomy":"post_tag","embeddable":true,"href":"https:\/\/blogs.correiobraziliense.com.br\/capital-sa\/wp-json\/wp\/v2\/tags?post=1916"}],"curies":[{"name":"wp","href":"https:\/\/api.w.org\/{rel}","templated":true}]}}