{"id":19136,"date":"2025-05-07T12:15:46","date_gmt":"2025-05-07T15:15:46","guid":{"rendered":"https:\/\/blogs.correiobraziliense.com.br\/capital-sa\/?p=19136"},"modified":"2025-05-07T18:11:25","modified_gmt":"2025-05-07T21:11:25","slug":"reajuste-das-policias-ibaneis-critica-silencio-de-lula","status":"publish","type":"post","link":"https:\/\/blogs.correiobraziliense.com.br\/capital-sa\/2025\/05\/07\/reajuste-das-policias-ibaneis-critica-silencio-de-lula\/","title":{"rendered":"Reajuste das pol\u00edcias: Ibaneis critica sil\u00eancio de Lula"},"content":{"rendered":"<p class=\"p1\"><strong>Por Samanta Sallum\u00a0<\/strong><\/p>\n<p class=\"p1\"><span class=\"s1\">\u201cLula n\u00e3o responde nada. N\u00e3o respondeu ao meu pedido de audi\u00eancia, faz um mal a Bras\u00edlia ao n\u00e3o ouvir nosso pedido de reajuste das For\u00e7as de Seguran\u00e7a\u201d, afirmou o governador Ibaneis Rocha (MDB) \u00e0 coluna. Perguntado sobre como estava, na esfera federal, o andamento do reajuste de servidores da seguran\u00e7a p\u00fablica do DF, criticou o que apontou como descaso do presidente. <\/span><\/p>\n<p class=\"p1\"><span class=\"s1\">Em fevereiro, o GDF enviou proposta de reajuste ao Pal\u00e1cio do Planalto, afirmando que h\u00e1 previs\u00e3o no or\u00e7amento para executar. Ibaneis tinha pedido oficialmente uma audi\u00eancia com o presidente Lula (PT) para tratar do assunto. O objetivo do encontro era solicitar o encaminhamento ao Congresso Nacional da proposta de recomposi\u00e7\u00e3o da remunera\u00e7\u00e3o da Pol\u00edcia Civil, da Pol\u00edcia Militar e do Corpo de Bombeiros.<\/span><\/p>\n<p class=\"p1\"><span class=\"s1\">No momento, a proposta est\u00e1 sendo analisada pelo Minist\u00e9rio da Gest\u00e3o. O \u00f3rg\u00e3o pediu ao GDF um estudo de impacto que mostre a viabilidade da concess\u00e3o do reajuste, considerando que a verba sair\u00e1 do Fundo Constitucional.<br \/>\n<\/span><\/p>\n<p class=\"p1\"><span class=\"s1\">O governo local j\u00e1 mandou as proje\u00e7\u00f5es de valores dos repasses do FCDF, calculadas com base no crescimento da Receita Corrente L\u00edquida (RCL) da Uni\u00e3o, que \u00e9 capaz de absorver o reajuste das for\u00e7as de seguran\u00e7a (policiais militares, civis e bombeiros) sem interferir nas demais \u00e1reas, como a sa\u00fade e educa\u00e7\u00e3o.<\/span><\/p>\n<p class=\"p1\"><span class=\"s1\">Ibaneis comemorou aumento de receita, com o combate \u00e0 sonega\u00e7\u00e3o de impostos.\u00a0<\/span>\u201cN\u00f3s tivemos agora no primeiro trimestre 12% de aumento da nossa arrecada\u00e7\u00e3o, sem aumentar um tributo no DF. E \u00e9 essa pol\u00edtica que n\u00f3s precisamos para o Brasil\u201d, disse, durante o almo\u00e7o debate do Lide\/DF, ontem, com o senador Ciro Nogueira (PP).<\/p>\n","protected":false},"excerpt":{"rendered":"<p>Por Samanta Sallum\u00a0 \u201cLula n\u00e3o responde nada. N\u00e3o respondeu ao meu pedido de audi\u00eancia, faz um mal a Bras\u00edlia ao n\u00e3o ouvir nosso pedido de reajuste das For\u00e7as de Seguran\u00e7a\u201d, afirmou o governador Ibaneis Rocha (MDB) \u00e0 coluna. Perguntado sobre como estava, na esfera federal, o andamento do reajuste de servidores da seguran\u00e7a p\u00fablica do DF, criticou o que apontou [&hellip;]<\/p>\n","protected":false},"author":125,"featured_media":19139,"comment_status":"open","ping_status":"open","sticky":false,"template":"","format":"standard","meta":{"footnotes":""},"categories":[6],"tags":[2050,2376,2082,203,1165,2306,2592,950,839,70],"class_list":["post-19136","post","type-post","status-publish","format-standard","has-post-thumbnail","hentry","category-coluna-capital-s-a","tag-cironogueira","tag-corpodebombeiros","tag-forcaspoliciais","tag-gdf","tag-lula","tag-policiacivil","tag-policiamilitar","tag-reajuste","tag-sonegacao","tag-ibaneis"],"_links":{"self":[{"href":"https:\/\/blogs.correiobraziliense.com.br\/capital-sa\/wp-json\/wp\/v2\/posts\/19136","targetHints":{"allow":["GET"]}}],"collection":[{"href":"https:\/\/blogs.correiobraziliense.com.br\/capital-sa\/wp-json\/wp\/v2\/posts"}],"about":[{"href":"https:\/\/blogs.correiobraziliense.com.br\/capital-sa\/wp-json\/wp\/v2\/types\/post"}],"author":[{"embeddable":true,"href":"https:\/\/blogs.correiobraziliense.com.br\/capital-sa\/wp-json\/wp\/v2\/users\/125"}],"replies":[{"embeddable":true,"href":"https:\/\/blogs.correiobraziliense.com.br\/capital-sa\/wp-json\/wp\/v2\/comments?post=19136"}],"version-history":[{"count":5,"href":"https:\/\/blogs.correiobraziliense.com.br\/capital-sa\/wp-json\/wp\/v2\/posts\/19136\/revisions"}],"predecessor-version":[{"id":19157,"href":"https:\/\/blogs.correiobraziliense.com.br\/capital-sa\/wp-json\/wp\/v2\/posts\/19136\/revisions\/19157"}],"wp:featuredmedia":[{"embeddable":true,"href":"https:\/\/blogs.correiobraziliense.com.br\/capital-sa\/wp-json\/wp\/v2\/media\/19139"}],"wp:attachment":[{"href":"https:\/\/blogs.correiobraziliense.com.br\/capital-sa\/wp-json\/wp\/v2\/media?parent=19136"}],"wp:term":[{"taxonomy":"category","embeddable":true,"href":"https:\/\/blogs.correiobraziliense.com.br\/capital-sa\/wp-json\/wp\/v2\/categories?post=19136"},{"taxonomy":"post_tag","embeddable":true,"href":"https:\/\/blogs.correiobraziliense.com.br\/capital-sa\/wp-json\/wp\/v2\/tags?post=19136"}],"curies":[{"name":"wp","href":"https:\/\/api.w.org\/{rel}","templated":true}]}}