{"id":19080,"date":"2025-04-30T16:39:40","date_gmt":"2025-04-30T19:39:40","guid":{"rendered":"https:\/\/blogs.correiobraziliense.com.br\/capital-sa\/?p=19080"},"modified":"2025-04-30T18:14:10","modified_gmt":"2025-04-30T21:14:10","slug":"ministro-sabino-afirma-que-maioria-no-uniao-progressista-quer-lula-reeleito","status":"publish","type":"post","link":"https:\/\/blogs.correiobraziliense.com.br\/capital-sa\/2025\/04\/30\/ministro-sabino-afirma-que-maioria-no-uniao-progressista-quer-lula-reeleito\/","title":{"rendered":"Ministro Sabino afirma que maioria no Uni\u00e3o Progressista quer Lula reeleito"},"content":{"rendered":"<p class=\"p1\"><em>Lideran\u00e7a do partido Uni\u00e3o Brasil diz que faz parte de \u201ccorrente majorit\u00e1ria\u201d, na nova federa\u00e7\u00e3o com o PP, que quer governo com o PT. Mas defende liberdade nos estados. Ele participou ontem de reuni\u00e3o com empres\u00e1rios de Bras\u00edlia<\/em><\/p>\n<p class=\"p1\"><strong><span class=\"s1\">Por Samanta Sallum <\/span><\/strong><\/p>\n<p class=\"p1\"><span class=\"s1\">O ministro do Turismo, Celso Sabino, conversou com a coluna Capital S\/A depois do evento de cria\u00e7\u00e3o oficial de federa\u00e7\u00e3o que uniu seu partido, o Uni\u00e3o Brasil, com o PP, da vice-governadora do DF, Celina Le\u00e3o. Ela \u00e9 fiel aliada da fam\u00edlia Bolsonaro e \u00e9 forte candidata ao GDF. Segundo Sabino, um apoio da federa\u00e7\u00e3o \u00e0 reelei\u00e7\u00e3o de Lula n\u00e3o necessariamente obrigaria a se repetir nos estados. \u201cA tend\u00eancia \u00e9 de que cada estado possa tamb\u00e9m ter autonomia para decidir seu futuro\u201d. (Veja v\u00eddeo abaixo)<\/span><\/p>\n<p class=\"p1\"><span class=\"s1\">Fazem parte da nova federa\u00e7\u00e3o, que se posiciona como centr\u00e3o, correntes que balan\u00e7am para a direta e para a esquerda. Mas Sabino aposta no seu grupo como decisivo. <\/span><\/p>\n<blockquote>\n<p class=\"p1\"><span class=\"s1\">\u201cEntendo que essa corrente dentro da Uni\u00e3o Progressista, da qual eu fa\u00e7o parte, \u00e9 a corrente majorit\u00e1ria que defende que o melhor caminho para o Brasil, para a democracia \u00e9 a continua\u00e7\u00e3o do governo do presidente Lula com a sua reelei\u00e7\u00e3o em 2026\u201d, disse ao blog. <\/span><\/p>\n<\/blockquote>\n<p class=\"p1\"><span class=\"s1\">Sabino se reuniu ontem com empres\u00e1rios do Distrito Federal. Foi o convidado especial de evento organizado pela C\u00e2mara de Dirigentes Lojistas (CDL). Falou sobre Turismo C\u00edvico na capital federal. Na apresenta\u00e7\u00e3o oficial, n\u00e3o entrou em quest\u00f5es pol\u00edticas da federa\u00e7\u00e3o. Mas enalteceu a gest\u00e3o do presidente Lula.<\/span><\/p>\n<p>-Ministro Sabino defende apoio da Federa\u00e7\u00e3o Uni\u00e3o Progressista \u00e0 reelei\u00e7\u00e3o de Lula|*50897980*<\/p>\n<p><iframe loading=\"lazy\" frameborder=\"0\" width=\"1440\" height=\"815\" src=\"https:\/\/geo.dailymotion.com\/player.html?video=x9isjnw&#038;\" allowfullscreen allow=\"autoplay; fullscreen; picture-in-picture; web-share\"><\/iframe><\/p>\n<p>&nbsp;<\/p>\n","protected":false},"excerpt":{"rendered":"<p>Lideran\u00e7a do partido Uni\u00e3o Brasil diz que faz parte de \u201ccorrente majorit\u00e1ria\u201d, na nova federa\u00e7\u00e3o com o PP, que quer governo com o PT. Mas defende liberdade nos estados. Ele participou ontem de reuni\u00e3o com empres\u00e1rios de Bras\u00edlia Por Samanta Sallum O ministro do Turismo, Celso Sabino, conversou com a coluna Capital S\/A depois do evento de cria\u00e7\u00e3o oficial de [&hellip;]<\/p>\n","protected":false},"author":125,"featured_media":19083,"comment_status":"open","ping_status":"open","sticky":false,"template":"","format":"standard","meta":{"footnotes":""},"categories":[6],"tags":[1358,2662,2580,2914,1165,2916,384,333,2917,2915],"class_list":["post-19080","post","type-post","status-publish","format-standard","has-post-thumbnail","hentry","category-coluna-capital-s-a","tag-celinaleao","tag-celsosabino","tag-eleicoes2026","tag-federacao","tag-lula","tag-pp","tag-reeleicao","tag-turismo","tag-uniaobrasil","tag-uniaoprogressista"],"_links":{"self":[{"href":"https:\/\/blogs.correiobraziliense.com.br\/capital-sa\/wp-json\/wp\/v2\/posts\/19080","targetHints":{"allow":["GET"]}}],"collection":[{"href":"https:\/\/blogs.correiobraziliense.com.br\/capital-sa\/wp-json\/wp\/v2\/posts"}],"about":[{"href":"https:\/\/blogs.correiobraziliense.com.br\/capital-sa\/wp-json\/wp\/v2\/types\/post"}],"author":[{"embeddable":true,"href":"https:\/\/blogs.correiobraziliense.com.br\/capital-sa\/wp-json\/wp\/v2\/users\/125"}],"replies":[{"embeddable":true,"href":"https:\/\/blogs.correiobraziliense.com.br\/capital-sa\/wp-json\/wp\/v2\/comments?post=19080"}],"version-history":[{"count":7,"href":"https:\/\/blogs.correiobraziliense.com.br\/capital-sa\/wp-json\/wp\/v2\/posts\/19080\/revisions"}],"predecessor-version":[{"id":19088,"href":"https:\/\/blogs.correiobraziliense.com.br\/capital-sa\/wp-json\/wp\/v2\/posts\/19080\/revisions\/19088"}],"wp:featuredmedia":[{"embeddable":true,"href":"https:\/\/blogs.correiobraziliense.com.br\/capital-sa\/wp-json\/wp\/v2\/media\/19083"}],"wp:attachment":[{"href":"https:\/\/blogs.correiobraziliense.com.br\/capital-sa\/wp-json\/wp\/v2\/media?parent=19080"}],"wp:term":[{"taxonomy":"category","embeddable":true,"href":"https:\/\/blogs.correiobraziliense.com.br\/capital-sa\/wp-json\/wp\/v2\/categories?post=19080"},{"taxonomy":"post_tag","embeddable":true,"href":"https:\/\/blogs.correiobraziliense.com.br\/capital-sa\/wp-json\/wp\/v2\/tags?post=19080"}],"curies":[{"name":"wp","href":"https:\/\/api.w.org\/{rel}","templated":true}]}}