{"id":19073,"date":"2025-04-30T12:28:47","date_gmt":"2025-04-30T15:28:47","guid":{"rendered":"https:\/\/blogs.correiobraziliense.com.br\/capital-sa\/?p=19073"},"modified":"2025-04-30T12:53:28","modified_gmt":"2025-04-30T15:53:28","slug":"festival-curicaca-vai-investir-r-19-milhoes-no-df","status":"publish","type":"post","link":"https:\/\/blogs.correiobraziliense.com.br\/capital-sa\/2025\/04\/30\/festival-curicaca-vai-investir-r-19-milhoes-no-df\/","title":{"rendered":"Festival Curicaca vai investir R$ 19 milh\u00f5es no DF"},"content":{"rendered":"<p><em>O evento da ABDI tem foco em inova\u00e7\u00e3o e sustentabilidade. O nome \u00e9 uma homenagem \u00e0 ave t\u00edpica do Cerrado brasileiro, conhecida por seu canto que anuncia mudan\u00e7as no tempo, como a chegada da chuva<\/em><\/p>\n<p class=\"p1\"><strong>Por Samanta Sallum\u00a0<\/strong><\/p>\n<p class=\"p1\"><span class=\"s1\">A <\/span><span class=\"s2\">Ag\u00eancia Brasileira de Desenvolvimento Industrial (ABDI)<\/span><span class=\"s1\">, vinculada ao MDIC, lan\u00e7ou oficialmente ontem o Festival Curicaca, que ser\u00e1 um grande evento de inova\u00e7\u00e3o, sustentabilidade, cultura e desenvolvimento tecnol\u00f3gico do pa\u00eds. Pretende reunir cerca de 100 mil pessoas na capital federal entre 7 e 10 de outubro. P\u00fablico de outros estados vir\u00e1 \u00e0 capital federal participar.<br \/>\n<\/span><\/p>\n<p class=\"p1\"><span class=\"s1\">O evento ser\u00e1 realizado no est\u00e1dio Arena BRB \u2013 antigo Man\u00e9 Garrincha \u2013 e em diversos outros pontos da cidade.\u00a0<\/span>Entre os parceiros do projeto, est\u00e3o CNI, Petrobras, UnB, Sebrae, P&amp;D e BNDES. O investimento ser\u00e1 de R$ 19 milh\u00f5es, que vir\u00e3o do or\u00e7amento da ABDI e de empresas e institui\u00e7\u00f5es patrocinadoras.<\/p>\n<p class=\"p1\">O festival tamb\u00e9m ter\u00e1 rotas de gastronomia e cultura, circuitos de startups, games e exposi\u00e7\u00f5es.\u00a0<span class=\"s1\">A estrutura principal do Festival Curicaca ser\u00e1 na Arena BRB com seis palcos internos, 10 casas de ativa\u00e7\u00e3o, 70 estandes e 50 salas multi\u00faso.<br \/>\n<\/span><\/p>\n<p class=\"p1\"><span class=\"s1\">Um dos destaques ser\u00e1 o Palco NIB, com capacidade para 1,5 mil pessoas, que receber\u00e1 cinco<\/span><span class=\"s3\">keynotes speakers<\/span><span class=\"s1\">, 26 pain\u00e9is, al\u00e9m das cerim\u00f4nias de abertura e encerramento e uma programa\u00e7\u00e3o especial de shows.<\/span><\/p>\n<p class=\"p1\"><span class=\"s1\">O Festival homenageia a ave t\u00edpica do Cerrado brasileiro, conhecida por seu canto que anuncia mudan\u00e7as no tempo, como a chegada da chuva. A simbologia da curicaca dialoga diretamente com a miss\u00e3o do festival, segundo a ABDI: ser um marco transformador para a sociedade.<\/span><\/p>\n<blockquote>\n<p class=\"p1\"><span class=\"s1\">\u201cO Curicaca chega ao Distrito Federal para mostrar que a ind\u00fastria de nosso pa\u00eds pode muito e deve apostar em novas tecnologias. Trazer aqui o que h\u00e1 de mais novo na fronteira da inova\u00e7\u00e3o \u00e9 mais um pontap\u00e9 para fomentar o desenvolvimento do nosso pa\u00eds\u201d, destacou o <\/span><span class=\"s2\">presidente da ABDI, Ricardo Cappelli<\/span><span class=\"s1\">.<\/span><\/p>\n<\/blockquote>\n<p class=\"p1\"><strong><span class=\"s1\">Ci\u00eancia e Tecnologia <\/span><\/strong><\/p>\n<p class=\"p1\">A ministra da Ci\u00eancia, Tecnologia e Inova\u00e7\u00e3o, Luciana Santos, participou do evento ontem na sede da ABDI. \u201cUm dos grandes desafios brasileiros \u00e9 fazer com que a nossa excelente produ\u00e7\u00e3o cient\u00edfica e tecnol\u00f3gica \u2014 que \u00e9 reconhecida internacionalmente, somos a d\u00e9cima produ\u00e7\u00e3o cient\u00edfica do mundo \u2014 tenha mais visibilidade \u201d, \u00a0refor\u00e7ou.<\/p>\n<p><img loading=\"lazy\" decoding=\"async\" class=\"aligncenter size-medium wp-image-19076\" src=\"https:\/\/blogs.correiobraziliense.com.br\/capital-sa\/wp-content\/uploads\/sites\/59\/2025\/04\/IMG_5342-300x161.jpeg\" alt=\"\" width=\"300\" height=\"161\" srcset=\"https:\/\/blogs.correiobraziliense.com.br\/capital-sa\/wp-content\/uploads\/sites\/59\/2025\/04\/IMG_5342-300x161.jpeg 300w, https:\/\/blogs.correiobraziliense.com.br\/capital-sa\/wp-content\/uploads\/sites\/59\/2025\/04\/IMG_5342-768x411.jpeg 768w, https:\/\/blogs.correiobraziliense.com.br\/capital-sa\/wp-content\/uploads\/sites\/59\/2025\/04\/IMG_5342-1024x548.jpeg 1024w, https:\/\/blogs.correiobraziliense.com.br\/capital-sa\/wp-content\/uploads\/sites\/59\/2025\/04\/IMG_5342-800x428.jpeg 800w, https:\/\/blogs.correiobraziliense.com.br\/capital-sa\/wp-content\/uploads\/sites\/59\/2025\/04\/IMG_5342-550x294.jpeg 550w, https:\/\/blogs.correiobraziliense.com.br\/capital-sa\/wp-content\/uploads\/sites\/59\/2025\/04\/IMG_5342-230x123.jpeg 230w, https:\/\/blogs.correiobraziliense.com.br\/capital-sa\/wp-content\/uploads\/sites\/59\/2025\/04\/IMG_5342.jpeg 1170w\" sizes=\"auto, (max-width: 300px) 100vw, 300px\" \/><\/p>\n<p class=\"p1\">A reitora da UNB, Rozana Naves, destacou o papel central das universidades na inova\u00e7\u00e3o: \u201cIsso ficou ainda mais evidente durante a pandemia, quando atuamos fortemente no apoio ao setor p\u00fablico e em parcerias com empresas, especialmente na \u00e1rea da sa\u00fade. Bras\u00edlia tem essa tradi\u00e7\u00e3o, tanto na ind\u00fastria de base quanto na de inova\u00e7\u00e3o.\u201d<\/p>\n","protected":false},"excerpt":{"rendered":"<p>O evento da ABDI tem foco em inova\u00e7\u00e3o e sustentabilidade. O nome \u00e9 uma homenagem \u00e0 ave t\u00edpica do Cerrado brasileiro, conhecida por seu canto que anuncia mudan\u00e7as no tempo, como a chegada da chuva Por Samanta Sallum\u00a0 A Ag\u00eancia Brasileira de Desenvolvimento Industrial (ABDI), vinculada ao MDIC, lan\u00e7ou oficialmente ontem o Festival Curicaca, que ser\u00e1 um grande evento de [&hellip;]<\/p>\n","protected":false},"author":125,"featured_media":19075,"comment_status":"open","ping_status":"open","sticky":false,"template":"","format":"standard","meta":{"footnotes":""},"categories":[6],"tags":[2230,1723,574,271,2910,2912,351,2913,2117,2911,352,2909,326,323,64,3,33],"class_list":["post-19073","post","type-post","status-publish","format-standard","has-post-thumbnail","hentry","category-coluna-capital-s-a","tag-abdi","tag-bndes","tag-cultura","tag-exposicao","tag-festivalcuricaca","tag-games","tag-inovacao","tag-lucianasantos","tag-mdic","tag-pb","tag-petrobras","tag-rozananaves","tag-sustentabilidade","tag-unb","tag-cni","tag-gastronomia","tag-tecnologia"],"_links":{"self":[{"href":"https:\/\/blogs.correiobraziliense.com.br\/capital-sa\/wp-json\/wp\/v2\/posts\/19073","targetHints":{"allow":["GET"]}}],"collection":[{"href":"https:\/\/blogs.correiobraziliense.com.br\/capital-sa\/wp-json\/wp\/v2\/posts"}],"about":[{"href":"https:\/\/blogs.correiobraziliense.com.br\/capital-sa\/wp-json\/wp\/v2\/types\/post"}],"author":[{"embeddable":true,"href":"https:\/\/blogs.correiobraziliense.com.br\/capital-sa\/wp-json\/wp\/v2\/users\/125"}],"replies":[{"embeddable":true,"href":"https:\/\/blogs.correiobraziliense.com.br\/capital-sa\/wp-json\/wp\/v2\/comments?post=19073"}],"version-history":[{"count":4,"href":"https:\/\/blogs.correiobraziliense.com.br\/capital-sa\/wp-json\/wp\/v2\/posts\/19073\/revisions"}],"predecessor-version":[{"id":19079,"href":"https:\/\/blogs.correiobraziliense.com.br\/capital-sa\/wp-json\/wp\/v2\/posts\/19073\/revisions\/19079"}],"wp:featuredmedia":[{"embeddable":true,"href":"https:\/\/blogs.correiobraziliense.com.br\/capital-sa\/wp-json\/wp\/v2\/media\/19075"}],"wp:attachment":[{"href":"https:\/\/blogs.correiobraziliense.com.br\/capital-sa\/wp-json\/wp\/v2\/media?parent=19073"}],"wp:term":[{"taxonomy":"category","embeddable":true,"href":"https:\/\/blogs.correiobraziliense.com.br\/capital-sa\/wp-json\/wp\/v2\/categories?post=19073"},{"taxonomy":"post_tag","embeddable":true,"href":"https:\/\/blogs.correiobraziliense.com.br\/capital-sa\/wp-json\/wp\/v2\/tags?post=19073"}],"curies":[{"name":"wp","href":"https:\/\/api.w.org\/{rel}","templated":true}]}}