{"id":19036,"date":"2025-04-25T08:30:04","date_gmt":"2025-04-25T11:30:04","guid":{"rendered":"https:\/\/blogs.correiobraziliense.com.br\/capital-sa\/?p=19036"},"modified":"2025-04-25T11:44:57","modified_gmt":"2025-04-25T14:44:57","slug":"seguradoras-defendem-indenizacao-social-por-catastrofe-climatica","status":"publish","type":"post","link":"https:\/\/blogs.correiobraziliense.com.br\/capital-sa\/2025\/04\/25\/seguradoras-defendem-indenizacao-social-por-catastrofe-climatica\/","title":{"rendered":"Seguradoras defendem indeniza\u00e7\u00e3o social por cat\u00e1strofe clim\u00e1tica"},"content":{"rendered":"<p class=\"p1\"><strong>Por Samanta Sallum\u00a0<\/strong><\/p>\n<p class=\"p1\"><span class=\"s1\">A regulamenta\u00e7\u00e3o da Reforma Tribut\u00e1ria, a efetiva\u00e7\u00e3o do Marco Legal dos Seguros e a implementa\u00e7\u00e3o de uma agenda de sustentabilidade e clima s\u00e3o os destaques da Agenda Institucional do setor segurador. Ele engloba Seguros Gerais, Previd\u00eancia Privada e Vida, Sa\u00fade Suplementar e Capitaliza\u00e7\u00e3o.\u00a0A arrecada\u00e7\u00e3o do segmento alcan\u00e7a 6,4% do PIB, colocando o Brasil como mercado l\u00edder na Am\u00e9rica Latina e 13\u00ba em escala global.<br \/>\n<\/span><\/p>\n<p>O documento foi apresentado, em Bras\u00edlia, pela Confedera\u00e7\u00e3o Nacional das Seguradoras (CNseg) com a participa\u00e7\u00e3o de executivos das principais empresas, parlamentares, autoridades do governo federal, do judici\u00e1rio e de representantes dos estados.<\/p>\n<p class=\"p1\"><strong>Pagamento emergencial via Pix<\/strong><\/p>\n<p class=\"p1\"><span class=\"s1\">Diante do agravamento da crise clim\u00e1tica no Brasil, a CNseg prop\u00f5e a cria\u00e7\u00e3o do Seguro Social de Cat\u00e1strofe. Um seguro privado obrigat\u00f3rio para garantir indeniza\u00e7\u00e3o emergencial (cerca de R$ 5 mil) via PIX para v\u00edtimas de desastres como inunda\u00e7\u00f5es e desmoronamentos. Seria financiado por uma taxa mensal (R$ 2-3) em contas de servi\u00e7os p\u00fablicos, isentando participantes de programas sociais<\/span><span class=\"s2\">.<\/span><\/p>\n<p class=\"p1\"><span class=\"s1\"> \u201cA Agenda Institucional traz o compromisso com a transpar\u00eancia e a governan\u00e7a, al\u00e9m da busca pelo di\u00e1logo com os Tr\u00eas Poderes. E temos foco agora em atuar na promo\u00e7\u00e3o de solu\u00e7\u00f5es de enfrentamento aos danos clim\u00e1ticos\u201d,<span class=\"Apple-converted-space\">\u00a0 <\/span>destacou o presidente da CNseg, Dyogo Oliveira. <\/span><\/p>\n<p class=\"p1\"><strong><span class=\"s2\">Pautas no Congresso Nacional <\/span><\/strong><\/p>\n<p class=\"p1\"><span class=\"s1\">No \u00e2mbito do Congresso Nacional, a CNseg prioriza o debate e o acompanhamento de projetos de lei que incentivam a aplica\u00e7\u00e3o de seguros no setor p\u00fablico, como o PL 4279\/2024 e o PL 5401\/2023, que visam garantir a continuidade de obras de infraestrutura. A entidade tamb\u00e9m apoia o PL 2951\/2024, que busca aperfei\u00e7oar o Seguro Rural e proteger os produtores contra riscos clim\u00e1ticos e econ\u00f4micos. <\/span><\/p>\n<p class=\"p1\">N\u00fameros do setor:<\/p>\n<p class=\"p1\"><span class=\"s1\"><strong>R$ 504 bilh\u00f5es<\/strong> &#8211;\u00a0<\/span>Valor total pago de indeniza\u00e7\u00f5es pelas seguradoras em 2024. Aumento de 7,8% comparado com 2023.<\/p>\n<p class=\"p1\"><span class=\"s1\"><strong>R$ 751,3 bilh\u00f5es<\/strong> &#8211;\u00a0<\/span>Valor arrecadado pelas empresas do setor. Crescimento de 12%.<\/p>\n","protected":false},"excerpt":{"rendered":"<p>Por Samanta Sallum\u00a0 A regulamenta\u00e7\u00e3o da Reforma Tribut\u00e1ria, a efetiva\u00e7\u00e3o do Marco Legal dos Seguros e a implementa\u00e7\u00e3o de uma agenda de sustentabilidade e clima s\u00e3o os destaques da Agenda Institucional do setor segurador. Ele engloba Seguros Gerais, Previd\u00eancia Privada e Vida, Sa\u00fade Suplementar e Capitaliza\u00e7\u00e3o.\u00a0A arrecada\u00e7\u00e3o do segmento alcan\u00e7a 6,4% do PIB, colocando o Brasil como mercado l\u00edder na [&hellip;]<\/p>\n","protected":false},"author":125,"featured_media":19039,"comment_status":"open","ping_status":"open","sticky":false,"template":"","format":"standard","meta":{"footnotes":""},"categories":[6],"tags":[2195,254,2891,2207,629,2143,326,7],"class_list":["post-19036","post","type-post","status-publish","format-standard","has-post-thumbnail","hentry","category-coluna-capital-s-a","tag-cnseg","tag-congressonacional","tag-dyogooliveira","tag-governofederal","tag-reformatributaria","tag-regulamentacao","tag-sustentabilidade","tag-pib"],"_links":{"self":[{"href":"https:\/\/blogs.correiobraziliense.com.br\/capital-sa\/wp-json\/wp\/v2\/posts\/19036","targetHints":{"allow":["GET"]}}],"collection":[{"href":"https:\/\/blogs.correiobraziliense.com.br\/capital-sa\/wp-json\/wp\/v2\/posts"}],"about":[{"href":"https:\/\/blogs.correiobraziliense.com.br\/capital-sa\/wp-json\/wp\/v2\/types\/post"}],"author":[{"embeddable":true,"href":"https:\/\/blogs.correiobraziliense.com.br\/capital-sa\/wp-json\/wp\/v2\/users\/125"}],"replies":[{"embeddable":true,"href":"https:\/\/blogs.correiobraziliense.com.br\/capital-sa\/wp-json\/wp\/v2\/comments?post=19036"}],"version-history":[{"count":5,"href":"https:\/\/blogs.correiobraziliense.com.br\/capital-sa\/wp-json\/wp\/v2\/posts\/19036\/revisions"}],"predecessor-version":[{"id":19047,"href":"https:\/\/blogs.correiobraziliense.com.br\/capital-sa\/wp-json\/wp\/v2\/posts\/19036\/revisions\/19047"}],"wp:featuredmedia":[{"embeddable":true,"href":"https:\/\/blogs.correiobraziliense.com.br\/capital-sa\/wp-json\/wp\/v2\/media\/19039"}],"wp:attachment":[{"href":"https:\/\/blogs.correiobraziliense.com.br\/capital-sa\/wp-json\/wp\/v2\/media?parent=19036"}],"wp:term":[{"taxonomy":"category","embeddable":true,"href":"https:\/\/blogs.correiobraziliense.com.br\/capital-sa\/wp-json\/wp\/v2\/categories?post=19036"},{"taxonomy":"post_tag","embeddable":true,"href":"https:\/\/blogs.correiobraziliense.com.br\/capital-sa\/wp-json\/wp\/v2\/tags?post=19036"}],"curies":[{"name":"wp","href":"https:\/\/api.w.org\/{rel}","templated":true}]}}